{"id":2782,"date":"2021-11-24T13:10:18","date_gmt":"2021-11-24T16:10:18","guid":{"rendered":"https:\/\/acontecenafronteira.com.br\/?p=2782"},"modified":"2021-11-24T13:10:19","modified_gmt":"2021-11-24T16:10:19","slug":"equipes-da-pesquisa-sobre-o-transporte-coletivo-em-foz-ouvem-usuarios-e-nao-usuarios-em-campo","status":"publish","type":"post","link":"https:\/\/acontecenafronteira.com.br\/index.php\/2021\/11\/24\/equipes-da-pesquisa-sobre-o-transporte-coletivo-em-foz-ouvem-usuarios-e-nao-usuarios-em-campo\/","title":{"rendered":"Equipes da pesquisa sobre o transporte coletivo em Foz ouvem usu\u00e1rios e n\u00e3o usu\u00e1rios em campo"},"content":{"rendered":"\n<p>Objetivo \u00e9 entender quais as principais dificuldades e necessidades, a fim de construir um novo modelo para a cidade; question\u00e1rio on-line segue dispon\u00edvel pelo link <a href=\"https:\/\/bit.ly\/transportefoz\">https:\/\/bit.ly\/transportefoz<\/a><\/p>\n\n\n\n<p>Usu\u00e1rios e n\u00e3o usu\u00e1rios do transporte coletivo urbano est\u00e3o sendo ouvidos pelas equipes que atuam na pesquisa p\u00fablica promovida pela Prefeitura Municipal e o Instituto de Transporte e Tr\u00e2nsito de Foz do Igua\u00e7u &#8211; Foztrans.&nbsp;<br><br>Al\u00e9m da pesquisa on-line iniciada em outubro deste ano, nesta segunda fase os pesquisadores est\u00e3o no Terminal do Transporte Urbano (TTU), em pontos de \u00f4nibus e em resid\u00eancias, buscando dar voz \u00e0 popula\u00e7\u00e3o da cidade em rela\u00e7\u00e3o \u00e0s expectativas sobre o transporte coletivo.&nbsp;<br><br>De acordo com o secret\u00e1rio da Transpar\u00eancia e Governan\u00e7a, Jos\u00e9 Elias Castro Gomes, as informa\u00e7\u00f5es coletadas v\u00e3o subsidiar um novo modelo de transporte da cidade. \u201cSomente entendendo a realidade que cada um vive, poderemos construir um modelo que atenda aos anseios da popula\u00e7\u00e3o. E isso inclui, claro, os n\u00e3o usu\u00e1rios do transporte, uma vez que queremos que o novo sistema possa atrair essas pessoas e, assim, contribuir n\u00e3o apenas com o tr\u00e2nsito, mas com a sustentabilidade de Foz do Igua\u00e7u\u201d, afirma.<br><br>O objetivo da pesquisa p\u00fablica \u00e9 ter indicadores sobre o n\u00famero de pessoas que utilizam o transporte coletivo diariamente, quantas deixaram de utilizar e por que, quais os reais problemas enfrentados diariamente, e o que faz o cidad\u00e3o n\u00e3o utilizar o transporte p\u00fablico.&nbsp;<br><br>\u201cTanto na pesquisa on-line como nas pesquisas qualitativa e quantitativa presenciais, a inten\u00e7\u00e3o \u00e9 entender as dificuldades dos cidad\u00e3os, se existem problemas com as linhas, com os ve\u00edculos, ou outros fatores. Assim poderemos construir um modelo adequado \u00e0s necessidades da popula\u00e7\u00e3o\u201d, explica o diretor superintendente do Foztrans, Lic\u00e9rio Santos.&nbsp;<br><br><strong>Etapas<br><br><\/strong>A primeira etapa da pesquisa \u00e9 uma grande enquete on-line, com a disponibiliza\u00e7\u00e3o de um QR Code e links de acesso nas plataformas digitais da Prefeitura. Cada morador poder\u00e1 preencher o question\u00e1rio apenas uma vez e avaliar as condi\u00e7\u00f5es dos ve\u00edculos, do TTU, dos pontos de \u00f4nibus, o respeito e a cordialidade dos motoristas e cobradores, a limpeza e a seguran\u00e7a dentro dos \u00f4nibus.&nbsp;&nbsp;<br><br>Tamb\u00e9m \u00e9 poss\u00edvel selecionar itens importantes para maior conforto e comodidade dos usu\u00e1rios e apontar os principais meios de transporte utilizados, como carro, mototaxi, transporte por aplicativo, bicicleta ou outro. O question\u00e1rio segue dispon\u00edvel por meio do link:&nbsp;<a href=\"https:\/\/bit.ly\/transportefoz\">https:\/\/bit.ly\/transportefoz<\/a>.<br><br>A segunda fase compreende as etapas em campo, nas quais os pesquisadores ouvem os moradores em suas casas e os usu\u00e1rios do transporte coletivo. Ser\u00e3o feitas duas pesquisas quantitativas, com usu\u00e1rios e n\u00e3o usu\u00e1rios.&nbsp;<br><br>Por fim, uma entrevista em profundidade, no modelo qualitativo, ser\u00e1 feita com n\u00e3o usu\u00e1rios do transporte. Nesta pesquisa, tamb\u00e9m poder\u00e3o ser levantadas informa\u00e7\u00f5es sobre quanto o morador gasta por dia para se locomover com outros meios, como carro, mototaxi ou transporte por aplicativo.&nbsp;<br><br>A pesquisa tem o apoio da C\u00e2mara de Vereadores, do Conselho Municipal de Tr\u00e2nsito e Transporte e do SITROFI (Sindicato dos Trabalhadores em Transportes Rodovi\u00e1rios de Foz do Igua\u00e7u).<\/p>\n","protected":false},"excerpt":{"rendered":"<p>Objetivo \u00e9 entender quais as principais dificuldades e necessidades, a fim de construir um novo modelo para a cidade; question\u00e1rio on-line segue dispon\u00edvel pelo link https:\/\/bit.ly\/transportefoz Usu\u00e1rios e n\u00e3o usu\u00e1rios do transporte coletivo urbano est\u00e3o sendo ouvidos pelas equipes que atuam na pesquisa p\u00fablica promovida pela Prefeitura Municipal e o Instituto de Transporte e Tr\u00e2nsito [&hellip;]<\/p>\n","protected":false},"author":2,"featured_media":2784,"comment_status":"open","ping_status":"open","sticky":false,"template":"","format":"standard","meta":{"om_disable_all_campaigns":false,"_monsterinsights_skip_tracking":false,"_monsterinsights_sitenote_active":false,"_monsterinsights_sitenote_note":"","_monsterinsights_sitenote_category":0,"footnotes":""},"categories":[4],"tags":[],"class_list":["post-2782","post","type-post","status-publish","format-standard","has-post-thumbnail","hentry","category-cidade"],"_links":{"self":[{"href":"https:\/\/acontecenafronteira.com.br\/index.php\/wp-json\/wp\/v2\/posts\/2782","targetHints":{"allow":["GET"]}}],"collection":[{"href":"https:\/\/acontecenafronteira.com.br\/index.php\/wp-json\/wp\/v2\/posts"}],"about":[{"href":"https:\/\/acontecenafronteira.com.br\/index.php\/wp-json\/wp\/v2\/types\/post"}],"author":[{"embeddable":true,"href":"https:\/\/acontecenafronteira.com.br\/index.php\/wp-json\/wp\/v2\/users\/2"}],"replies":[{"embeddable":true,"href":"https:\/\/acontecenafronteira.com.br\/index.php\/wp-json\/wp\/v2\/comments?post=2782"}],"version-history":[{"count":1,"href":"https:\/\/acontecenafronteira.com.br\/index.php\/wp-json\/wp\/v2\/posts\/2782\/revisions"}],"predecessor-version":[{"id":2785,"href":"https:\/\/acontecenafronteira.com.br\/index.php\/wp-json\/wp\/v2\/posts\/2782\/revisions\/2785"}],"wp:featuredmedia":[{"embeddable":true,"href":"https:\/\/acontecenafronteira.com.br\/index.php\/wp-json\/wp\/v2\/media\/2784"}],"wp:attachment":[{"href":"https:\/\/acontecenafronteira.com.br\/index.php\/wp-json\/wp\/v2\/media?parent=2782"}],"wp:term":[{"taxonomy":"category","embeddable":true,"href":"https:\/\/acontecenafronteira.com.br\/index.php\/wp-json\/wp\/v2\/categories?post=2782"},{"taxonomy":"post_tag","embeddable":true,"href":"https:\/\/acontecenafronteira.com.br\/index.php\/wp-json\/wp\/v2\/tags?post=2782"}],"curies":[{"name":"wp","href":"https:\/\/api.w.org\/{rel}","templated":true}]}}