{"id":27619,"date":"2025-12-05T18:21:08","date_gmt":"2025-12-05T21:21:08","guid":{"rendered":"https:\/\/acontecenafronteira.com.br\/?p=27619"},"modified":"2025-12-05T18:21:11","modified_gmt":"2025-12-05T21:21:11","slug":"agendamento-antecipado-agiliza-atendimento-ao-recuperafoz-na-secretaria-de-financas","status":"publish","type":"post","link":"https:\/\/acontecenafronteira.com.br\/index.php\/2025\/12\/05\/agendamento-antecipado-agiliza-atendimento-ao-recuperafoz-na-secretaria-de-financas\/","title":{"rendered":"Agendamento antecipado agiliza atendimento ao RecuperaFoz na Secretaria de Finan\u00e7as"},"content":{"rendered":"\n<p><em><strong>A ades\u00e3o ao parcelamento pode ser feita at\u00e9 12 de dezembro, enquanto o pagamento \u00e0 vista est\u00e1 dispon\u00edvel at\u00e9 19 de dezembro de 2025<br><\/strong><\/em><\/p>\n\n\n\n<p>Os contribuintes que desejam aderir ao Programa RecuperaFoz e regularizar d\u00e9bitos municipais podem realizar o agendamento para atendimento presencial na Secretaria de Finan\u00e7as e Or\u00e7amento. A ades\u00e3o ao parcelamento permanece dispon\u00edvel at\u00e9 12 de dezembro, com condi\u00e7\u00f5es especiais para quem busca colocar as contas em dia e aproveitar os descontos oferecidos pelo programa.<\/p>\n\n\n\n<p>O agendamento deve ser feito pelo portal do Governo Digital:<br><a href=\"https:\/\/governodigital.foz.pr.gov.br\/governo-digital\/servicos\/agendamento%E2%80%93parcelamento-ou-protocolo\">https:\/\/governodigital.foz.pr.gov.br\/governo-digital\/servicos\/agendamento\u2013parcelamento-ou-protocolo<\/a><\/p>\n\n\n\n<p>O RecuperaFoz concede descontos de at\u00e9 100% nos juros e multas para pagamentos \u00e0 vista e para parcelamentos realizados dentro do prazo. As condi\u00e7\u00f5es contemplam d\u00e9bitos de ISSQN, IPTU e Taxas, com redu\u00e7\u00f5es que variam conforme a modalidade escolhida. Fam\u00edlias de baixa renda inscritas no Cad\u00danico podem solicitar a parcela m\u00ednima social, no valor de R$ 58,64, desde que atendam aos crit\u00e9rios previstos no programa.<\/p>\n\n\n\n<p>A ades\u00e3o tamb\u00e9m pode ser feita online pelo portal Foz na Palma da M\u00e3o, garantindo mais facilidade ao contribuinte:<br><a href=\"https:\/\/governodigital.foz.pr.gov.br\/governo-digital\/contribuinte#error=login_required&amp;state=721c0bc1-8ebf-4d0a-bfbe-83b758f1fa4c\">https:\/\/governodigital.foz.pr.gov.br\/governo-digital\/contribuinte#error=login_required&amp;state=721c0bc1-8ebf-4d0a-bfbe-83b758f1fa4c<\/a><\/p>\n\n\n\n<p>Canais e hor\u00e1rios de atendimento<br>O atendimento presencial na Secretaria de Finan\u00e7as e Or\u00e7amento ocorre de segunda a sexta-feira, das 7h30 \u00e0s 15h, na Avenida JK, n\u00ba 337 (antigo Fouad Center). D\u00favidas podem ser enviadas via WhatsApp, exclusivamente por mensagens, pelo n\u00famero (45) 98402-3239.<\/p>\n\n\n\n<p>Para ampliar o acesso ao RecuperaFoz, tamb\u00e9m est\u00e1 acontecendo o atendimento nos finais de semana nos shoppings JL Cataratas (piso L3) e Catua\u00ed Palladium (piso G1), os dias 13 e 14 de dezembro, das 12h \u00e0s 18h, ser\u00e1 o \u00faltimo final de semana de plant\u00e3o para ades\u00e3o do programa.<\/p>\n\n\n\n<p>Prazos para participar do RecuperaFoz<br>Parcelamento: 7 de novembro a 12 de dezembro de 2025<br>Pagamento \u00e0 vista: at\u00e9 19 de dezembro de 2025<\/p>\n","protected":false},"excerpt":{"rendered":"<p>A ades\u00e3o ao parcelamento pode ser feita at\u00e9 12 de dezembro, enquanto o pagamento \u00e0 vista est\u00e1 dispon\u00edvel at\u00e9 19 de dezembro de 2025 Os contribuintes que desejam aderir ao Programa RecuperaFoz e regularizar d\u00e9bitos municipais podem realizar o agendamento para atendimento presencial na Secretaria de Finan\u00e7as e Or\u00e7amento. A ades\u00e3o ao parcelamento permanece dispon\u00edvel [&hellip;]<\/p>\n","protected":false},"author":2,"featured_media":27620,"comment_status":"open","ping_status":"open","sticky":false,"template":"","format":"standard","meta":{"om_disable_all_campaigns":false,"_monsterinsights_skip_tracking":false,"_monsterinsights_sitenote_active":false,"_monsterinsights_sitenote_note":"","_monsterinsights_sitenote_category":0,"footnotes":""},"categories":[26,4],"tags":[],"class_list":["post-27619","post","type-post","status-publish","format-standard","has-post-thumbnail","hentry","category-brasil","category-cidade"],"_links":{"self":[{"href":"https:\/\/acontecenafronteira.com.br\/index.php\/wp-json\/wp\/v2\/posts\/27619","targetHints":{"allow":["GET"]}}],"collection":[{"href":"https:\/\/acontecenafronteira.com.br\/index.php\/wp-json\/wp\/v2\/posts"}],"about":[{"href":"https:\/\/acontecenafronteira.com.br\/index.php\/wp-json\/wp\/v2\/types\/post"}],"author":[{"embeddable":true,"href":"https:\/\/acontecenafronteira.com.br\/index.php\/wp-json\/wp\/v2\/users\/2"}],"replies":[{"embeddable":true,"href":"https:\/\/acontecenafronteira.com.br\/index.php\/wp-json\/wp\/v2\/comments?post=27619"}],"version-history":[{"count":1,"href":"https:\/\/acontecenafronteira.com.br\/index.php\/wp-json\/wp\/v2\/posts\/27619\/revisions"}],"predecessor-version":[{"id":27621,"href":"https:\/\/acontecenafronteira.com.br\/index.php\/wp-json\/wp\/v2\/posts\/27619\/revisions\/27621"}],"wp:featuredmedia":[{"embeddable":true,"href":"https:\/\/acontecenafronteira.com.br\/index.php\/wp-json\/wp\/v2\/media\/27620"}],"wp:attachment":[{"href":"https:\/\/acontecenafronteira.com.br\/index.php\/wp-json\/wp\/v2\/media?parent=27619"}],"wp:term":[{"taxonomy":"category","embeddable":true,"href":"https:\/\/acontecenafronteira.com.br\/index.php\/wp-json\/wp\/v2\/categories?post=27619"},{"taxonomy":"post_tag","embeddable":true,"href":"https:\/\/acontecenafronteira.com.br\/index.php\/wp-json\/wp\/v2\/tags?post=27619"}],"curies":[{"name":"wp","href":"https:\/\/api.w.org\/{rel}","templated":true}]}}