{"id":27089,"date":"2025-11-07T08:47:44","date_gmt":"2025-11-07T11:47:44","guid":{"rendered":"https:\/\/acontecenafronteira.com.br\/?p=27089"},"modified":"2025-11-07T08:47:45","modified_gmt":"2025-11-07T11:47:45","slug":"lancamento-da-programacao-da-20a-feira-internacional-do-livro-de-foz-do-iguacu","status":"publish","type":"post","link":"https:\/\/acontecenafronteira.com.br\/index.php\/2025\/11\/07\/lancamento-da-programacao-da-20a-feira-internacional-do-livro-de-foz-do-iguacu\/","title":{"rendered":"Lan\u00e7amento da programa\u00e7\u00e3o da 20\u00aa Feira Internacional do Livro de Foz do Igua\u00e7u"},"content":{"rendered":"\n<p><strong><em>A Funda\u00e7\u00e3o Cultural e a Prefeitura de Foz do Igua\u00e7u convidam para o lan\u00e7amento da programa\u00e7\u00e3o da 20\u00aa Feira Internacional do Livro \u2013 FILFI.<\/em><\/strong><\/p>\n\n\n\n<p>O evento acontece nesta sexta-feira (07), \u00e0s 16h, no Senac.Ser\u00e3o apresentadas as atra\u00e7\u00f5es dessa edi\u00e7\u00e3o, que traz escritores, artistas, oficinas, debates, cozinha liter\u00e1ria e muito mais.<\/p>\n\n\n\n<p>A FILFI \u00e9 um dos maiores eventos culturais do Paran\u00e1 e, neste ano, tem como tema \u201cDa literatura ao conhecimento\u201d, homenageando Santos Dumont e Dalton Trevisan.<\/p>\n\n\n\n<p>O que: Lan\u00e7amento da programa\u00e7\u00e3o da 20\u00aa Feira Internacional do Livro de Foz do Igua\u00e7u<\/p>\n\n\n\n<p>Data: 07 de novembro (sexta-feira)<\/p>\n\n\n\n<p>Hor\u00e1rio: 16h<\/p>\n\n\n\n<p>Onde: Senac (Rua Jo\u00e3o Rouver, 160 &#8211; Centro)<\/p>\n","protected":false},"excerpt":{"rendered":"<p>A Funda\u00e7\u00e3o Cultural e a Prefeitura de Foz do Igua\u00e7u convidam para o lan\u00e7amento da programa\u00e7\u00e3o da 20\u00aa Feira Internacional do Livro \u2013 FILFI. O evento acontece nesta sexta-feira (07), \u00e0s 16h, no Senac.Ser\u00e3o apresentadas as atra\u00e7\u00f5es dessa edi\u00e7\u00e3o, que traz escritores, artistas, oficinas, debates, cozinha liter\u00e1ria e muito mais. A FILFI \u00e9 um dos [&hellip;]<\/p>\n","protected":false},"author":2,"featured_media":27090,"comment_status":"open","ping_status":"open","sticky":false,"template":"","format":"standard","meta":{"om_disable_all_campaigns":false,"_monsterinsights_skip_tracking":false,"_monsterinsights_sitenote_active":false,"_monsterinsights_sitenote_note":"","_monsterinsights_sitenote_category":0,"footnotes":""},"categories":[1],"tags":[],"class_list":["post-27089","post","type-post","status-publish","format-standard","has-post-thumbnail","hentry","category-sem-categoria"],"_links":{"self":[{"href":"https:\/\/acontecenafronteira.com.br\/index.php\/wp-json\/wp\/v2\/posts\/27089","targetHints":{"allow":["GET"]}}],"collection":[{"href":"https:\/\/acontecenafronteira.com.br\/index.php\/wp-json\/wp\/v2\/posts"}],"about":[{"href":"https:\/\/acontecenafronteira.com.br\/index.php\/wp-json\/wp\/v2\/types\/post"}],"author":[{"embeddable":true,"href":"https:\/\/acontecenafronteira.com.br\/index.php\/wp-json\/wp\/v2\/users\/2"}],"replies":[{"embeddable":true,"href":"https:\/\/acontecenafronteira.com.br\/index.php\/wp-json\/wp\/v2\/comments?post=27089"}],"version-history":[{"count":1,"href":"https:\/\/acontecenafronteira.com.br\/index.php\/wp-json\/wp\/v2\/posts\/27089\/revisions"}],"predecessor-version":[{"id":27091,"href":"https:\/\/acontecenafronteira.com.br\/index.php\/wp-json\/wp\/v2\/posts\/27089\/revisions\/27091"}],"wp:featuredmedia":[{"embeddable":true,"href":"https:\/\/acontecenafronteira.com.br\/index.php\/wp-json\/wp\/v2\/media\/27090"}],"wp:attachment":[{"href":"https:\/\/acontecenafronteira.com.br\/index.php\/wp-json\/wp\/v2\/media?parent=27089"}],"wp:term":[{"taxonomy":"category","embeddable":true,"href":"https:\/\/acontecenafronteira.com.br\/index.php\/wp-json\/wp\/v2\/categories?post=27089"},{"taxonomy":"post_tag","embeddable":true,"href":"https:\/\/acontecenafronteira.com.br\/index.php\/wp-json\/wp\/v2\/tags?post=27089"}],"curies":[{"name":"wp","href":"https:\/\/api.w.org\/{rel}","templated":true}]}}