{"id":27056,"date":"2025-11-06T11:24:50","date_gmt":"2025-11-06T14:24:50","guid":{"rendered":"https:\/\/acontecenafronteira.com.br\/?p=27056"},"modified":"2025-11-06T11:24:51","modified_gmt":"2025-11-06T14:24:51","slug":"foz-do-iguacu-sedia-encontro-nacional-das-agencias-do-trabalhador-e-assembleia-geral-do-fonset","status":"publish","type":"post","link":"https:\/\/acontecenafronteira.com.br\/index.php\/2025\/11\/06\/foz-do-iguacu-sedia-encontro-nacional-das-agencias-do-trabalhador-e-assembleia-geral-do-fonset\/","title":{"rendered":"Foz do Igua\u00e7u sedia Encontro Nacional das Ag\u00eancias do Trabalhador e Assembleia Geral do Fonset"},"content":{"rendered":"\n<p><strong><em>Evento tamb\u00e9m marca o Encontro Estadual \u201cProtagonistas do Trabalho\u201d, promovido pelo Governo do Paran\u00e1<\/em><\/strong><\/p>\n\n\n\n<p>Foz do Igua\u00e7u \u00e9, nesta semana, o centro das discuss\u00f5es nacionais sobre pol\u00edticas p\u00fablicas de emprego e renda. A cidade sedia at\u00e9 esta sexta-feira (7), no Hotel Rafain, o Encontro Nacional das Ag\u00eancias do Trabalhador e a 147\u00aa Assembleia Geral Ordin\u00e1ria do F\u00f3rum Nacional de Secret\u00e1rios do Trabalho (Fonset), reunindo gestores p\u00fablicos, autoridades e representantes do setor produtivo de todo o pa\u00eds.<\/p>\n\n\n\n<p>A solenidade de abertura contou com a presen\u00e7a de diversas autoridades, entre elas o prefeito de Foz do Igua\u00e7u, general Joaquim Silva e Luna, o secret\u00e1rio de Estado do Trabalho, Qualifica\u00e7\u00e3o e Renda do Paran\u00e1, Paulo Rog\u00e9rio do Carmo, al\u00e9m de secret\u00e1rios estaduais do Trabalho de v\u00e1rias unidades da federa\u00e7\u00e3o e membros do Fonset.<\/p>\n\n\n\n<p>Durante o evento, o prefeito General Silva e Luna destacou a import\u00e2ncia de sediar um encontro dessa magnitude.<br>\u201cSediar um evento grandioso como este \u00e9 de suma import\u00e2ncia para o desenvolvimento do nosso Estado. Sabemos que este \u00e9 um momento de transforma\u00e7\u00e3o e integra\u00e7\u00e3o de pol\u00edticas p\u00fablicas, que busca o fortalecimento da rede estadual de emprego e renda. Em Foz do Igua\u00e7u, nossa Ag\u00eancia do Trabalhador tem sido exemplo de bons resultados, efici\u00eancia e acolhimento nos atendimentos\u201d, afirmou o prefeito.<\/p>\n\n\n\n<p>A programa\u00e7\u00e3o teve in\u00edcio na quarta-feira (5) com o Encontro Estadual \u201cProtagonistas do Trabalho\u201d, promovido pelo Governo do Paran\u00e1. A atividade marcou a abertura oficial das discuss\u00f5es e o alinhamento das a\u00e7\u00f5es estrat\u00e9gicas entre as ag\u00eancias do trabalhador e os gestores p\u00fablicos. O objetivo central \u00e9 fortalecer a troca de experi\u00eancias, aprimorar pol\u00edticas de empregabilidade e ampliar a qualifica\u00e7\u00e3o profissional no pa\u00eds.<\/p>\n\n\n\n<p>O secret\u00e1rio estadual do Trabalho, Paulo Rog\u00e9rio do Carmo ressaltou a import\u00e2ncia do evento.<br>\u201cEsses encontros s\u00e3o plataformas essenciais para aprimorarmos a gest\u00e3o do trabalho, tanto em n\u00edvel estadual quanto nacional. A troca de conhecimentos e a defini\u00e7\u00e3o de metas conjuntas s\u00e3o fundamentais para modernizar as ag\u00eancias e garantir que os servi\u00e7os de intermedia\u00e7\u00e3o de m\u00e3o de obra atendam de forma assertiva \u00e0s demandas do mercado e dos cidad\u00e3os\u201d, destacou o secret\u00e1rio.<\/p>\n\n\n\n<p>O encontro segue at\u00e9 sexta-feira (7), com uma programa\u00e7\u00e3o extensa que inclui pain\u00e9is, mesas-redondas e assembleias sobre temas como o futuro do emprego, inova\u00e7\u00e3o nas ag\u00eancias do trabalhador e capacita\u00e7\u00e3o profissional diante dos novos desafios econ\u00f4micos.<\/p>\n\n\n\n<p>O secret\u00e1rio municipal de Desenvolvimento Econ\u00f4mico, Trabalho e Agricultura de Foz do Igua\u00e7u, Edinardo Aguiar, tamb\u00e9m destacou a relev\u00e2ncia do evento.<br>\u201cTemos aqui representantes de mais de uma centena de cidades com ag\u00eancias do trabalhador. \u00c9 importante destacar o trabalho realizado pela equipe do secret\u00e1rio Do Carmo, que tem conduzido uma gest\u00e3o comprometida, oferecendo estrutura e apoio para fortalecer um servi\u00e7o essencial: aproximar as pessoas da dignidade de ter um trabalho formal\u201d, afirmou.<\/p>\n\n\n\n<p>A programa\u00e7\u00e3o completa e as atualiza\u00e7\u00f5es do evento podem ser acompanhadas pelos canais oficiais da Secretaria de Estado do Trabalho, Qualifica\u00e7\u00e3o e Renda do Paran\u00e1.<\/p>\n","protected":false},"excerpt":{"rendered":"<p>Evento tamb\u00e9m marca o Encontro Estadual \u201cProtagonistas do Trabalho\u201d, promovido pelo Governo do Paran\u00e1 Foz do Igua\u00e7u \u00e9, nesta semana, o centro das discuss\u00f5es nacionais sobre pol\u00edticas p\u00fablicas de emprego e renda. A cidade sedia at\u00e9 esta sexta-feira (7), no Hotel Rafain, o Encontro Nacional das Ag\u00eancias do Trabalhador e a 147\u00aa Assembleia Geral Ordin\u00e1ria [&hellip;]<\/p>\n","protected":false},"author":2,"featured_media":27057,"comment_status":"open","ping_status":"open","sticky":false,"template":"","format":"standard","meta":{"om_disable_all_campaigns":false,"_monsterinsights_skip_tracking":false,"_monsterinsights_sitenote_active":false,"_monsterinsights_sitenote_note":"","_monsterinsights_sitenote_category":0,"footnotes":""},"categories":[1],"tags":[],"class_list":["post-27056","post","type-post","status-publish","format-standard","has-post-thumbnail","hentry","category-sem-categoria"],"_links":{"self":[{"href":"https:\/\/acontecenafronteira.com.br\/index.php\/wp-json\/wp\/v2\/posts\/27056","targetHints":{"allow":["GET"]}}],"collection":[{"href":"https:\/\/acontecenafronteira.com.br\/index.php\/wp-json\/wp\/v2\/posts"}],"about":[{"href":"https:\/\/acontecenafronteira.com.br\/index.php\/wp-json\/wp\/v2\/types\/post"}],"author":[{"embeddable":true,"href":"https:\/\/acontecenafronteira.com.br\/index.php\/wp-json\/wp\/v2\/users\/2"}],"replies":[{"embeddable":true,"href":"https:\/\/acontecenafronteira.com.br\/index.php\/wp-json\/wp\/v2\/comments?post=27056"}],"version-history":[{"count":1,"href":"https:\/\/acontecenafronteira.com.br\/index.php\/wp-json\/wp\/v2\/posts\/27056\/revisions"}],"predecessor-version":[{"id":27058,"href":"https:\/\/acontecenafronteira.com.br\/index.php\/wp-json\/wp\/v2\/posts\/27056\/revisions\/27058"}],"wp:featuredmedia":[{"embeddable":true,"href":"https:\/\/acontecenafronteira.com.br\/index.php\/wp-json\/wp\/v2\/media\/27057"}],"wp:attachment":[{"href":"https:\/\/acontecenafronteira.com.br\/index.php\/wp-json\/wp\/v2\/media?parent=27056"}],"wp:term":[{"taxonomy":"category","embeddable":true,"href":"https:\/\/acontecenafronteira.com.br\/index.php\/wp-json\/wp\/v2\/categories?post=27056"},{"taxonomy":"post_tag","embeddable":true,"href":"https:\/\/acontecenafronteira.com.br\/index.php\/wp-json\/wp\/v2\/tags?post=27056"}],"curies":[{"name":"wp","href":"https:\/\/api.w.org\/{rel}","templated":true}]}}