{"id":27051,"date":"2025-11-05T18:17:50","date_gmt":"2025-11-05T21:17:50","guid":{"rendered":"https:\/\/acontecenafronteira.com.br\/?p=27051"},"modified":"2025-11-05T18:17:52","modified_gmt":"2025-11-05T21:17:52","slug":"itaipulandia-monta-mega-estrutura-para-rodeio-porem-esqueceu-das-autorizacoes","status":"publish","type":"post","link":"https:\/\/acontecenafronteira.com.br\/index.php\/2025\/11\/05\/itaipulandia-monta-mega-estrutura-para-rodeio-porem-esqueceu-das-autorizacoes\/","title":{"rendered":"Itaipulandia monta mega estrutura para Rodeio por\u00e9m esqueceu das autoriza\u00e7\u00f5es"},"content":{"rendered":"\n<p><strong><em>O evento precisa de autoriza\u00e7\u00e3o formal da Adapar, com respons\u00e1vel t\u00e9cnico veterin\u00e1rio e estrutura adequada, para garantir a integridade dos animais e cumprimento da legisla\u00e7\u00e3o vigente.<\/em><\/strong><\/p>\n\n\n\n<p>Tudo pronto para o 1\u00aa Expol\u00e2ndia, evento que celebra os 33 anos de emancipa\u00e7\u00e3o do munic\u00edpio. A festa acontece nos dias 07, 08 e 09 de novembro, na Pra\u00e7a Edi Willi Berghahn, e promete movimentar a cidade com uma ampla programa\u00e7\u00e3o.<br>Entre as atra\u00e7\u00f5es est\u00e3o os tradicionais rodeios comandados por Marco Brasil e Marco Brasil Filho, shows nacionais, feira do com\u00e9rcio, pra\u00e7a de alimenta\u00e7\u00e3o e parque de divers\u00f5es.<br>A montagem da estrutura est\u00e1 mobilizando para organizar e preparar o espa\u00e7o as equipes das secretarias de Obras, Ind\u00fastria e Com\u00e9rcio, Turismo e Lazer.  <\/p>\n\n\n\n<p><strong>Faltou o Principal Para o Rodeio  &#8221; A LICEN\u00c7A &#8220;<\/strong><\/p>\n\n\n\n<p>Mesmo com diversas equipes trabalhando para tornar realiadade o evento, um fato passou batido, &#8221; <strong>A AUTORIZA\u00c7\u00c3O DA ADAPAR&#8221;<\/strong>. Mesmo o evento seja publico, e realizado pela adminstra\u00e7\u00e3o municipal, nao exime os organizadores das devidas licen\u00e7as dos orgaos competentes. <\/p>\n\n\n\n<p><strong>O que diz a Lei:<\/strong><\/p>\n\n\n\n<p>Que bois participem de um rodeio no Brasil, por exemplo, no estado do Paran\u00e1, \u00e9 necess\u00e1rio obter autoriza\u00e7\u00f5es e seguir exig\u00eancias sanit\u00e1rias estabelecidas tanto por normas federais quanto espec\u00edficas da Ag\u00eancia de Defesa Agropecu\u00e1ria do Paran\u00e1 (Adapar) ou correspondentes em outros estados.<br>Licen\u00e7a da Adapar e Procedimentos.<br>O organizador do rodeio deve solicitar formalmente a autoriza\u00e7\u00e3o do evento \u00e0 Adapar, com anteced\u00eancia m\u00ednima de 30 dias do evento, apresentando um requerimento e documenta\u00e7\u00e3o exigida.<br>O local do rodeio precisa estar cadastrado e aprovado, reunindo condi\u00e7\u00f5es f\u00edsicas adequadas para manejo, conten\u00e7\u00e3o, bem-estar e isolamento dos animais. Isso inclui currais, baias, pontos de \u00e1gua e locais pr\u00f3prios para embarque\/desembarque.<br>\u00c9 obrigat\u00f3rio ter um m\u00e9dico veterin\u00e1rio credenciado pela Adapar como respons\u00e1vel t\u00e9cnico, que responde por todas as quest\u00f5es sanit\u00e1rias, documentais e bem-estar dos animais durante o evento.<br>Os animais s\u00f3 podem entrar no recinto do rodeio mediante apresenta\u00e7\u00e3o da Guia de Tr\u00e2nsito Animal (GTA), documento que comprova a proced\u00eancia regular dos bois, al\u00e9m de exames negativos para doen\u00e7as como brucelose e tuberculose, com laudos v\u00e1lidos. A confer\u00eancia desses documentos ocorre antes do evento pelo respons\u00e1vel t\u00e9cnico e\/ou pela equipe da Adapar.<br>Ap\u00f3s o evento, \u00e9 necess\u00e1rio apresentar \u00e0 Adapar um relat\u00f3rio detalhando movimenta\u00e7\u00e3o, ocorr\u00eancias e cumprimento das exig\u00eancias sanit\u00e1rias.<br>Outras Regras ImportantesO transporte dos bois usados em rodeios tamb\u00e9m precisa seguir nova regulamenta\u00e7\u00e3o do Minist\u00e9rio da Agricultura, que imp\u00f5e exig\u00eancias sobre espa\u00e7o, bem-estar, oferta de \u00e1gua\/alimento e condi\u00e7\u00f5es dos ve\u00edculos. Isso deve ser comprovado com a documenta\u00e7\u00e3o durante qualquer fiscaliza\u00e7\u00e3o ao longo das viagens de traslado dos animais.<br>Se o rodeio for realizado fora de propriedades rurais cadastradas, como em \u00e1reas urbanas, regras adicionais podem ser exigidas conforme avalia\u00e7\u00e3o da defesa sanit\u00e1ria.A n\u00e3o observ\u00e2ncia dessas normas pode resultar em autua\u00e7\u00f5es, multas e at\u00e9 mesmo suspens\u00e3o do evento.<\/p>\n\n\n\n<p>Resumindo:<\/p>\n\n\n\n<p>Animais  que participam de rodeios devem ser acompanhados de GTA, exames sanit\u00e1rios, transporte regular, e o evento precisa de autoriza\u00e7\u00e3o formal da Adapar, com respons\u00e1vel t\u00e9cnico veterin\u00e1rio e estrutura adequada, para garantir a integridade dos animais e cumprimento da legisla\u00e7\u00e3o vigente.<\/p>\n\n\n\n<figure class=\"wp-block-image size-large\"><img loading=\"lazy\" decoding=\"async\" width=\"1024\" height=\"683\" src=\"https:\/\/acontecenafronteira.com.br\/wp-content\/uploads\/2025\/11\/03-8-1-1024x683.jpg?v=1762377380\" alt=\"\" class=\"wp-image-27052\" srcset=\"https:\/\/acontecenafronteira.com.br\/wp-content\/uploads\/2025\/11\/03-8-1-1024x683.jpg?v=1762377380 1024w, https:\/\/acontecenafronteira.com.br\/wp-content\/uploads\/2025\/11\/03-8-1-300x200.jpg?v=1762377380 300w, https:\/\/acontecenafronteira.com.br\/wp-content\/uploads\/2025\/11\/03-8-1-768x512.jpg?v=1762377380 768w, https:\/\/acontecenafronteira.com.br\/wp-content\/uploads\/2025\/11\/03-8-1-1536x1024.jpg?v=1762377380 1536w, https:\/\/acontecenafronteira.com.br\/wp-content\/uploads\/2025\/11\/03-8-1-2048x1365.jpg?v=1762377380 2048w\" sizes=\"auto, (max-width: 1024px) 100vw, 1024px\" \/><\/figure>\n\n\n\n<figure class=\"wp-block-image size-full\"><img loading=\"lazy\" decoding=\"async\" width=\"320\" height=\"256\" src=\"https:\/\/acontecenafronteira.com.br\/wp-content\/uploads\/2025\/11\/1000924298.jpg?v=1762377457\" alt=\"\" class=\"wp-image-27054\" srcset=\"https:\/\/acontecenafronteira.com.br\/wp-content\/uploads\/2025\/11\/1000924298.jpg?v=1762377457 320w, https:\/\/acontecenafronteira.com.br\/wp-content\/uploads\/2025\/11\/1000924298-300x240.jpg?v=1762377457 300w\" sizes=\"auto, (max-width: 320px) 100vw, 320px\" \/><\/figure>\n","protected":false},"excerpt":{"rendered":"<p>O evento precisa de autoriza\u00e7\u00e3o formal da Adapar, com respons\u00e1vel t\u00e9cnico veterin\u00e1rio e estrutura adequada, para garantir a integridade dos animais e cumprimento da legisla\u00e7\u00e3o vigente. Tudo pronto para o 1\u00aa Expol\u00e2ndia, evento que celebra os 33 anos de emancipa\u00e7\u00e3o do munic\u00edpio. A festa acontece nos dias 07, 08 e 09 de novembro, na Pra\u00e7a [&hellip;]<\/p>\n","protected":false},"author":2,"featured_media":27053,"comment_status":"open","ping_status":"open","sticky":false,"template":"","format":"standard","meta":{"om_disable_all_campaigns":false,"_monsterinsights_skip_tracking":false,"_monsterinsights_sitenote_active":false,"_monsterinsights_sitenote_note":"","_monsterinsights_sitenote_category":0,"footnotes":""},"categories":[1],"tags":[],"class_list":["post-27051","post","type-post","status-publish","format-standard","has-post-thumbnail","hentry","category-sem-categoria"],"_links":{"self":[{"href":"https:\/\/acontecenafronteira.com.br\/index.php\/wp-json\/wp\/v2\/posts\/27051","targetHints":{"allow":["GET"]}}],"collection":[{"href":"https:\/\/acontecenafronteira.com.br\/index.php\/wp-json\/wp\/v2\/posts"}],"about":[{"href":"https:\/\/acontecenafronteira.com.br\/index.php\/wp-json\/wp\/v2\/types\/post"}],"author":[{"embeddable":true,"href":"https:\/\/acontecenafronteira.com.br\/index.php\/wp-json\/wp\/v2\/users\/2"}],"replies":[{"embeddable":true,"href":"https:\/\/acontecenafronteira.com.br\/index.php\/wp-json\/wp\/v2\/comments?post=27051"}],"version-history":[{"count":1,"href":"https:\/\/acontecenafronteira.com.br\/index.php\/wp-json\/wp\/v2\/posts\/27051\/revisions"}],"predecessor-version":[{"id":27055,"href":"https:\/\/acontecenafronteira.com.br\/index.php\/wp-json\/wp\/v2\/posts\/27051\/revisions\/27055"}],"wp:featuredmedia":[{"embeddable":true,"href":"https:\/\/acontecenafronteira.com.br\/index.php\/wp-json\/wp\/v2\/media\/27053"}],"wp:attachment":[{"href":"https:\/\/acontecenafronteira.com.br\/index.php\/wp-json\/wp\/v2\/media?parent=27051"}],"wp:term":[{"taxonomy":"category","embeddable":true,"href":"https:\/\/acontecenafronteira.com.br\/index.php\/wp-json\/wp\/v2\/categories?post=27051"},{"taxonomy":"post_tag","embeddable":true,"href":"https:\/\/acontecenafronteira.com.br\/index.php\/wp-json\/wp\/v2\/tags?post=27051"}],"curies":[{"name":"wp","href":"https:\/\/api.w.org\/{rel}","templated":true}]}}