{"id":27006,"date":"2025-11-04T21:37:46","date_gmt":"2025-11-05T00:37:46","guid":{"rendered":"https:\/\/acontecenafronteira.com.br\/?p=27006"},"modified":"2025-11-04T21:37:47","modified_gmt":"2025-11-05T00:37:47","slug":"camara-aprova-recuperafoz-e-projeto-vai-a-sancao-do-prefeito","status":"publish","type":"post","link":"https:\/\/acontecenafronteira.com.br\/index.php\/2025\/11\/04\/camara-aprova-recuperafoz-e-projeto-vai-a-sancao-do-prefeito\/","title":{"rendered":"C\u00e2mara aprova RecuperaFoz e projeto vai \u00e0 san\u00e7\u00e3o do prefeito"},"content":{"rendered":"\n<p><strong><em>A proposta permite que contribuintes paguem seus d\u00e9bitos em atraso, nos moldes do antigo Refis<\/em><\/strong><\/p>\n\n\n\n<p>O Legislativo Municipal discutiu e aprovou em dois turnos em sess\u00e3o nesta ter\u00e7a-feira, 04 de novembro, a nova reda\u00e7\u00e3o ao Projeto de Lei Complementar n\u00ba 16\/2025, de autoria do Poder Executivo. A proposta institui o programa RecuperaFoz, que possibilita aos contribuintes a regulariza\u00e7\u00e3o de d\u00e9bitos em atraso, nos mesmos moldes do antigo Refis. A mat\u00e9ria agora vai para san\u00e7\u00e3o do prefeito.<\/p>\n\n\n\n<p>O PLC 16\/2025 estabelece regras tempor\u00e1rias e especiais para a recupera\u00e7\u00e3o de cr\u00e9ditos de natureza tribut\u00e1ria e n\u00e3o tribut\u00e1ria, sem preju\u00edzo das normas gerais e permanentes de parcelamento j\u00e1 previstas no C\u00f3digo Tribut\u00e1rio Municipal.<\/p>\n\n\n\n<p>O projeto recebeu uma subemenda \u00e0 Emenda n\u00ba 54\/2025, que teve parecer favor\u00e1vel e foi votada na sess\u00e3o extraordin\u00e1ria desta segunda-feira, 03 de novembro, propondo altera\u00e7\u00f5es em alguns dispositivos da proposta original. Conforme a justificativa, as modifica\u00e7\u00f5es visam garantir isonomia e justi\u00e7a fiscal, permitindo que contribuintes com diferentes condi\u00e7\u00f5es financeiras possam regularizar suas pend\u00eancias, sem comprometer a arrecada\u00e7\u00e3o municipal. O incentivo \u00e0 ades\u00e3o tende, inclusive, a ampliar o volume total de recursos recuperados.<\/p>\n\n\n\n<p>A subemenda alterou os artigos 3\u00ba, 4\u00ba e 11\u00b0 do Projeto de Lei Complementar n\u00ba 16\/2025, que ficam da seguinte forma: A ades\u00e3o ao Recupera Foz dever\u00e1 ser formalizada no per\u00edodo de 7 de novembro de 2025 at\u00e9 12 de dezembro de 2025 para a modalidade de pagamento parcelado, e at\u00e9 19 de dezembro de 2025 para pagamento \u00e0 vista.<\/p>\n\n\n\n<p>A mudan\u00e7a no artigo 4\u00ba estabeleceu as seguintes condi\u00e7\u00f5es para a concess\u00e3o de benef\u00edcios sobre o valor consolidado do d\u00e9bito:<\/p>\n\n\n\n<p>Imposto Sobre Servi\u00e7os de Qualquer Natureza \u2013 ISSQN:<\/p>\n\n\n\n<p>a) redu\u00e7\u00e3o de 100% (cem por cento) dos juros e multas de mora para pagamento \u00e0 vista;<\/p>\n\n\n\n<p>b) redu\u00e7\u00e3o de 90% (noventa por cento) dos juros e multas de mora para parcelamento em at\u00e9 12 (doze) parcelas mensais e consecutivas;<\/p>\n\n\n\n<p>c) redu\u00e7\u00e3o de 80% (oitenta por cento) dos juros e multas de mora para parcelamento em at\u00e9 18 (dezoito) parcelas mensais e consecutivas;<\/p>\n\n\n\n<p>II &#8211; Imposto Sobre a Propriedade Predial e Territorial Urbana \u2013 IPTU \u2013 e Taxas Mobili\u00e1rias e Imobili\u00e1rias:<\/p>\n\n\n\n<p>a) redu\u00e7\u00e3o de 100% (cem por cento) dos juros e multas de mora para pagamento \u00e0 vista ou para parcelamento em at\u00e9 6 (seis) parcelas mensais e consecutivas;<\/p>\n\n\n\n<p>b) redu\u00e7\u00e3o de 90% (noventa por cento) dos juros e multas para parcelamento de 7 (sete) a 48 (quarenta e oito) parcelas mensais e consecutivas.<\/p>\n\n\n\n<p>Outro ponto importante introduzido pela subemenda determina que a ades\u00e3o ao programa RecuperaFoz n\u00e3o alcan\u00e7a d\u00e9bitos relativos ao Imposto sobre a Transmiss\u00e3o de Bens Im\u00f3veis Inter Vivos \u2013 ITBI \u2013, exceto \u00e0queles constitu\u00eddos por lan\u00e7amento de of\u00edcio pela Fazenda P\u00fablica.<\/p>\n","protected":false},"excerpt":{"rendered":"<p>A proposta permite que contribuintes paguem seus d\u00e9bitos em atraso, nos moldes do antigo Refis O Legislativo Municipal discutiu e aprovou em dois turnos em sess\u00e3o nesta ter\u00e7a-feira, 04 de novembro, a nova reda\u00e7\u00e3o ao Projeto de Lei Complementar n\u00ba 16\/2025, de autoria do Poder Executivo. A proposta institui o programa RecuperaFoz, que possibilita aos [&hellip;]<\/p>\n","protected":false},"author":2,"featured_media":27007,"comment_status":"open","ping_status":"open","sticky":false,"template":"","format":"standard","meta":{"om_disable_all_campaigns":false,"_monsterinsights_skip_tracking":false,"_monsterinsights_sitenote_active":false,"_monsterinsights_sitenote_note":"","_monsterinsights_sitenote_category":0,"footnotes":""},"categories":[1],"tags":[],"class_list":["post-27006","post","type-post","status-publish","format-standard","has-post-thumbnail","hentry","category-sem-categoria"],"_links":{"self":[{"href":"https:\/\/acontecenafronteira.com.br\/index.php\/wp-json\/wp\/v2\/posts\/27006","targetHints":{"allow":["GET"]}}],"collection":[{"href":"https:\/\/acontecenafronteira.com.br\/index.php\/wp-json\/wp\/v2\/posts"}],"about":[{"href":"https:\/\/acontecenafronteira.com.br\/index.php\/wp-json\/wp\/v2\/types\/post"}],"author":[{"embeddable":true,"href":"https:\/\/acontecenafronteira.com.br\/index.php\/wp-json\/wp\/v2\/users\/2"}],"replies":[{"embeddable":true,"href":"https:\/\/acontecenafronteira.com.br\/index.php\/wp-json\/wp\/v2\/comments?post=27006"}],"version-history":[{"count":1,"href":"https:\/\/acontecenafronteira.com.br\/index.php\/wp-json\/wp\/v2\/posts\/27006\/revisions"}],"predecessor-version":[{"id":27008,"href":"https:\/\/acontecenafronteira.com.br\/index.php\/wp-json\/wp\/v2\/posts\/27006\/revisions\/27008"}],"wp:featuredmedia":[{"embeddable":true,"href":"https:\/\/acontecenafronteira.com.br\/index.php\/wp-json\/wp\/v2\/media\/27007"}],"wp:attachment":[{"href":"https:\/\/acontecenafronteira.com.br\/index.php\/wp-json\/wp\/v2\/media?parent=27006"}],"wp:term":[{"taxonomy":"category","embeddable":true,"href":"https:\/\/acontecenafronteira.com.br\/index.php\/wp-json\/wp\/v2\/categories?post=27006"},{"taxonomy":"post_tag","embeddable":true,"href":"https:\/\/acontecenafronteira.com.br\/index.php\/wp-json\/wp\/v2\/tags?post=27006"}],"curies":[{"name":"wp","href":"https:\/\/api.w.org\/{rel}","templated":true}]}}