{"id":26877,"date":"2025-10-30T10:49:53","date_gmt":"2025-10-30T13:49:53","guid":{"rendered":"https:\/\/acontecenafronteira.com.br\/?p=26877"},"modified":"2025-10-30T10:49:54","modified_gmt":"2025-10-30T13:49:54","slug":"camara-convoca-sessao-extraordinaria-para-apreciar-projeto-recupera-foz","status":"publish","type":"post","link":"https:\/\/acontecenafronteira.com.br\/index.php\/2025\/10\/30\/camara-convoca-sessao-extraordinaria-para-apreciar-projeto-recupera-foz\/","title":{"rendered":"C\u00e2mara convoca sess\u00e3o extraordin\u00e1ria para apreciar projeto Recupera Foz"},"content":{"rendered":"\n<p><strong><em>A proposta permite que contribuintes paguem seus d\u00e9bitos em atraso, nos mesmos moldes do Refis<\/em><\/strong><\/p>\n\n\n\n<p>A C\u00e2mara Municipal de Foz do Igua\u00e7u realizar\u00e1, na quinta-feira (30 de outubro), \u00e0s 13h, uma sess\u00e3o extraordin\u00e1ria para apreciar o Projeto de Lei Complementar n\u00ba 16\/2025, de autoria do Poder Executivo. A proposta institui o programa Recupera Foz, que possibilita aos contribuintes a regulariza\u00e7\u00e3o de d\u00e9bitos em atraso, nos mesmos moldes do antigo Refis.<\/p>\n\n\n\n<p>O PLC 16\/2025 estabelece regras tempor\u00e1rias e especiais para a recupera\u00e7\u00e3o de cr\u00e9ditos de natureza tribut\u00e1ria e n\u00e3o tribut\u00e1ria, sem preju\u00edzo das normas gerais e permanentes de parcelamento j\u00e1 previstas no C\u00f3digo Tribut\u00e1rio Municipal. A mat\u00e9ria encontra-se sob an\u00e1lise da Comiss\u00e3o Mista da C\u00e2mara Municipal.<\/p>\n\n\n\n<p>O projeto recebeu a Emenda n\u00ba 54\/2025, apresentada durante o processo de tramita\u00e7\u00e3o, que prop\u00f5e altera\u00e7\u00f5es em alguns dispositivos da proposta original. Conforme a justificativa, as modifica\u00e7\u00f5es visam garantir isonomia e justi\u00e7a fiscal, permitindo que contribuintes com diferentes condi\u00e7\u00f5es financeiras possam regularizar suas pend\u00eancias, sem comprometer a arrecada\u00e7\u00e3o municipal. O incentivo \u00e0 ades\u00e3o tende, inclusive, a ampliar o volume total de recursos recuperados.<\/p>\n\n\n\n<p><strong>Principais altera\u00e7\u00f5es propostas na emenda<\/strong><\/p>\n\n\n\n<p>A emenda estabelece que a ades\u00e3o ao Recupera Foz poder\u00e1 ser formalizada entre 7 de novembro e 12 de dezembro de 2025, para a modalidade de pagamento parcelado, e at\u00e9 19 de dezembro de 2025 para o pagamento \u00e0 vista.<\/p>\n\n\n\n<p>O texto tamb\u00e9m prev\u00ea que o programa n\u00e3o se aplica aos d\u00e9bitos relativos ao Imposto sobre Transmiss\u00e3o de Bens Im\u00f3veis Inter Vivos (ITBI), exceto \u00e0queles constitu\u00eddos por lan\u00e7amento de of\u00edcio pela Fazenda P\u00fablica, aos quais se aplicam os benef\u00edcios do inciso II do artigo 4\u00ba da Lei.<\/p>\n\n\n\n<p>Al\u00e9m disso, a emenda modifica o artigo 4\u00ba, estabelecendo que os benef\u00edcios do programa incidem sobre o valor consolidado do d\u00e9bito, conforme o tipo de tributo, nas seguintes condi\u00e7\u00f5es:<br>\u2022 Imposto Sobre Servi\u00e7os de Qualquer Natureza (ISSQN):<br>a) redu\u00e7\u00e3o de 100% dos juros e multas de mora para pagamento \u00e0 vista;<br>b) redu\u00e7\u00e3o de 90% dos juros e multas de mora para parcelamento em at\u00e9 12 parcelas mensais e consecutivas.<\/p>\n","protected":false},"excerpt":{"rendered":"<p>A proposta permite que contribuintes paguem seus d\u00e9bitos em atraso, nos mesmos moldes do Refis A C\u00e2mara Municipal de Foz do Igua\u00e7u realizar\u00e1, na quinta-feira (30 de outubro), \u00e0s 13h, uma sess\u00e3o extraordin\u00e1ria para apreciar o Projeto de Lei Complementar n\u00ba 16\/2025, de autoria do Poder Executivo. A proposta institui o programa Recupera Foz, que [&hellip;]<\/p>\n","protected":false},"author":2,"featured_media":13697,"comment_status":"open","ping_status":"open","sticky":false,"template":"","format":"standard","meta":{"om_disable_all_campaigns":false,"_monsterinsights_skip_tracking":false,"_monsterinsights_sitenote_active":false,"_monsterinsights_sitenote_note":"","_monsterinsights_sitenote_category":0,"footnotes":""},"categories":[1],"tags":[],"class_list":["post-26877","post","type-post","status-publish","format-standard","has-post-thumbnail","hentry","category-sem-categoria"],"_links":{"self":[{"href":"https:\/\/acontecenafronteira.com.br\/index.php\/wp-json\/wp\/v2\/posts\/26877","targetHints":{"allow":["GET"]}}],"collection":[{"href":"https:\/\/acontecenafronteira.com.br\/index.php\/wp-json\/wp\/v2\/posts"}],"about":[{"href":"https:\/\/acontecenafronteira.com.br\/index.php\/wp-json\/wp\/v2\/types\/post"}],"author":[{"embeddable":true,"href":"https:\/\/acontecenafronteira.com.br\/index.php\/wp-json\/wp\/v2\/users\/2"}],"replies":[{"embeddable":true,"href":"https:\/\/acontecenafronteira.com.br\/index.php\/wp-json\/wp\/v2\/comments?post=26877"}],"version-history":[{"count":1,"href":"https:\/\/acontecenafronteira.com.br\/index.php\/wp-json\/wp\/v2\/posts\/26877\/revisions"}],"predecessor-version":[{"id":26878,"href":"https:\/\/acontecenafronteira.com.br\/index.php\/wp-json\/wp\/v2\/posts\/26877\/revisions\/26878"}],"wp:featuredmedia":[{"embeddable":true,"href":"https:\/\/acontecenafronteira.com.br\/index.php\/wp-json\/wp\/v2\/media\/13697"}],"wp:attachment":[{"href":"https:\/\/acontecenafronteira.com.br\/index.php\/wp-json\/wp\/v2\/media?parent=26877"}],"wp:term":[{"taxonomy":"category","embeddable":true,"href":"https:\/\/acontecenafronteira.com.br\/index.php\/wp-json\/wp\/v2\/categories?post=26877"},{"taxonomy":"post_tag","embeddable":true,"href":"https:\/\/acontecenafronteira.com.br\/index.php\/wp-json\/wp\/v2\/tags?post=26877"}],"curies":[{"name":"wp","href":"https:\/\/api.w.org\/{rel}","templated":true}]}}