{"id":26725,"date":"2025-10-24T12:16:56","date_gmt":"2025-10-24T15:16:56","guid":{"rendered":"https:\/\/acontecenafronteira.com.br\/?p=26725"},"modified":"2025-10-24T12:16:57","modified_gmt":"2025-10-24T15:16:57","slug":"audiencia-expoe-necessidade-de-politica-intersetorial-para-pessoas-em-situacao-de-rua","status":"publish","type":"post","link":"https:\/\/acontecenafronteira.com.br\/index.php\/2025\/10\/24\/audiencia-expoe-necessidade-de-politica-intersetorial-para-pessoas-em-situacao-de-rua\/","title":{"rendered":"Audi\u00eancia exp\u00f5e necessidade de pol\u00edtica intersetorial para pessoas em situa\u00e7\u00e3o de rua"},"content":{"rendered":"\n<p>A C\u00e2mara de Foz discutiu em Audi\u00eancia P\u00fablica na noite desta quinta-feira, 23 de outubro, solu\u00e7\u00f5es na melhora das condi\u00e7\u00f5es de vida e necessidades da popula\u00e7\u00e3o em situa\u00e7\u00e3o de rua no munic\u00edpio. O debate evidenciou a complexidade de elaborar pol\u00edticas p\u00fablicas para esse grupo, considerando a heterogeneidade do tema e as caracter\u00edsticas espec\u00edficas de Foz por ser uma cidade de tr\u00edplice fronteira.<\/p>\n\n\n\n<p>O debate foi proposto pelo vereador Adriano Rorato (PL), com o intuito de promover um espa\u00e7o de di\u00e1logo aberto e democr\u00e1tico, permitindo a exposi\u00e7\u00e3o de dados, relatos de experi\u00eancias e a apresenta\u00e7\u00e3o de propostas voltadas para a melhoria das condi\u00e7\u00f5es de acolhimento, reinser\u00e7\u00e3o social, sa\u00fade mental e seguran\u00e7a das pessoas em situa\u00e7\u00e3o de rua.<\/p>\n\n\n\n<p>O proponente, Adriano Rorato (PL), afirmou que essa \u00e9 uma pauta emergencial, da qual se esperam a\u00e7\u00f5es contundentes. O parlamentar tamb\u00e9m comentou sobre a visita que ele e o presidente do Legislativo, vereador Paulo Debrito (PL), fizeram a Chapec\u00f3 (SC) para conhecer a estrutura de acolhimento e atendimento a essa popula\u00e7\u00e3o. O parlamentar acrescentou que acompanhar\u00e1 o trabalho do comit\u00ea municipal que trata do tema.<\/p>\n\n\n\n<figure class=\"wp-block-image size-full\"><img loading=\"lazy\" decoding=\"async\" width=\"620\" height=\"370\" src=\"https:\/\/acontecenafronteira.com.br\/wp-content\/uploads\/2025\/10\/roratinho.png?v=1761318886\" alt=\"\" class=\"wp-image-26727\" srcset=\"https:\/\/acontecenafronteira.com.br\/wp-content\/uploads\/2025\/10\/roratinho.png?v=1761318886 620w, https:\/\/acontecenafronteira.com.br\/wp-content\/uploads\/2025\/10\/roratinho-300x179.png?v=1761318886 300w\" sizes=\"auto, (max-width: 620px) 100vw, 620px\" \/><\/figure>\n\n\n\n<p>Estiveram presentes os vereadores Paulo Debrito (PL), Valentina Rocha (PT), Balbinot (PSDB), Bosco Foz (PL) e Soldado Fruet (PL), al\u00e9m de representantes da OAB; das secretarias de Meio Ambiente, Sa\u00fade, Transporte e Mobilidade Urbana e Comunica\u00e7\u00e3o; da Unioeste; da Acifi; da Receita Federal; da Fozhabita; da Associa\u00e7\u00e3o Brasileira da Ind\u00fastria de Hot\u00e9is; do Sindilojas; e da Associa\u00e7\u00e3o Brasileira de Bares.<\/p>\n\n\n\n<p>O presidente do Legislativo Igua\u00e7uense, Paulo Debrito (PL), defendeu a uni\u00e3o de for\u00e7as e estrat\u00e9gias entre as secretarias para resolver a quest\u00e3o em Foz.<\/p>\n\n\n\n<p><strong>Assist\u00eancia Social<\/strong><\/p>\n\n\n\n<p>Alex Thomazi, secret\u00e1rio municipal de Assist\u00eancia Social, citou o censo realizado pela prefeitura, que apontou que a maior parte da popula\u00e7\u00e3o em situa\u00e7\u00e3o de rua \u00e9 formada por homens. \u201cS\u00e3o 489 pessoas, com faixa et\u00e1ria majorit\u00e1ria de 35 a 39 anos. Os dados mais impactantes referem-se aos locais de origem: apenas 87 declararam ser de Foz. Outro dado relevante \u00e9 que 41 pessoas idosas foram identificadas no censo. \u00c9 um p\u00fablico heterog\u00eaneo, com rompimento de v\u00ednculos familiares, uso abusivo de subst\u00e2ncias que causam depend\u00eancia qu\u00edmica, transtornos mentais e a busca por oportunidades de trabalho tamb\u00e9m refletem essa realidade. Estamos criando o Centro Integrado de Atendimento, que \u00e9 a materializa\u00e7\u00e3o da intersetorialidade\u201d.<\/p>\n\n\n\n<p><strong>Movimento Nacional da Popula\u00e7\u00e3o em situa\u00e7\u00e3o de rua<\/strong><\/p>\n\n\n\n<p>Leonildo Monteiro, coordenador nacional do Movimento da Popula\u00e7\u00e3o de Rua, ponderou: \u201cJ\u00e1 tenho 20 anos de luta e, ao longo desse tempo, as audi\u00eancias tratam da mesma pauta. Meu objetivo \u00e9 ver a pessoa dormindo e jantando em sua pr\u00f3pria casa. A gente quer come\u00e7ar a achar estrat\u00e9gias. Sabemos que a pol\u00edtica de moradia \u00e9 cara. Hoje, em Bras\u00edlia, as pessoas que fazem a abordagens s\u00e3o pessoas que antes estavam nessas condi\u00e7\u00f5es. Foz do Igua\u00e7u \u00e9 uma cidade em que todo mundo \u00e9 de fora; ela tamb\u00e9m precisa acolher as pessoas em situa\u00e7\u00e3o de rua. Precisamos buscar recursos nacionais\u201d.<\/p>\n\n\n\n<p><strong>Empres\u00e1rios e hoteleiros<\/strong><\/p>\n\n\n\n<p>Guiaroni Macedo, coordenador do N\u00facleo de Empres\u00e1rios da Avenida Brasil, disse: \u201cTenho minha empresa h\u00e1 31 anos na Avenida Brasil e 41 anos como fot\u00f3grafo. Nesses \u00faltimos anos, acho que o n\u00famero de pessoas em situa\u00e7\u00e3o de rua triplicou. Por que essas pessoas n\u00e3o s\u00e3o orientadas a procurar emprego? A Avenida Brasil est\u00e1 ficando um deserto; hoje voltou a haver pequenos roubos, pedimos mais seguran\u00e7a\u201d.<\/p>\n\n\n\n<p>Mariza Mayer, empres\u00e1ria, disse: \u201cN\u00f3s, na Vila Portes, tamb\u00e9m estamos no caminho do turismo. Estamos juntos nesse projeto. \u00c9 um ser humano que dormiu na rua com fome e, no dia seguinte, precisa se levantar porque algu\u00e9m o expulsa da cal\u00e7ada. Ele aborda as pessoas e, \u00e0s vezes, acabamos ficando com medo do ser humano. Que possamos juntos construir uma cidade que possa dizer que cuida do pr\u00f3ximo\u201d.<\/p>\n\n\n\n<p>J\u00falio Cesar Gomes, do Sindhot\u00e9is, pontuou: \u201cO que vemos hoje \u00e9 resultado da in\u00e9rcia do Poder P\u00fablico e da inefic\u00e1cia de pol\u00edticas p\u00fablicas. Mas \u00e9 preciso fazer distin\u00e7\u00e3o, h\u00e1 sim pessoas nas ruas em situa\u00e7\u00f5es vulner\u00e1veis e a elas devem ser oferecidos acolhimento e oportunidades\u201d.<\/p>\n\n\n\n<p><strong>Seguran\u00e7a P\u00fablica<\/strong><\/p>\n\n\n\n<p>O Almirante Paulo Tinoco, secret\u00e1rio Municipal de Seguran\u00e7a P\u00fablica, falou sobre o projeto Ruas Vis\u00edveis e a adequa\u00e7\u00e3o da pol\u00edtica de seguran\u00e7a. \u201dEstamos atentos e trabalhando de maneira integrada. Com a turma de novos guardas que vai atuar agora, vamos fazer patrulhamento a p\u00e9 na Avenida Brasil e cuidar da prainha de Tr\u00eas Lagoas\u201d.<\/p>\n\n\n\n<p><strong>Atendimento em Sa\u00fade<\/strong><\/p>\n\n\n\n<p>Larissa Borges, representante da Secretaria de Sa\u00fade, falou do trabalho da equipe do Consult\u00f3rio na Rua e destacou alguns dados. \u201cEm rela\u00e7\u00e3o a essas pessoas tivemos 11 atendimentos de tuberculose, 60 relacionados ao uso de drogas, 90 por sintomas de pele e 45 de pr\u00e9-natal\u201d.<\/p>\n\n\n\n<p>Renata, tamb\u00e9m servidora da Sa\u00fade, falou do atendimento na \u00e1rea de sa\u00fade mental a essa popula\u00e7\u00e3o. \u201cEstamos em vias de implantar o Caps AD 24 horas\u201d.<\/p>\n\n\n\n<p><strong>Tribuna Livre<\/strong><\/p>\n\n\n\n<p>Andr\u00e9 dos Santos, da Assist\u00eancia Social, falou da import\u00e2ncia do censo das pessoas em situa\u00e7\u00e3o de rua. \u201cTrouxemos o n\u00famero de 589 pessoas nessas condi\u00e7\u00f5es, delas 98 s\u00e3o de outros pa\u00edses e 143 pessoas vieram de outros munic\u00edpios do estado. \u201c<\/p>\n\n\n\n<p>Daniela Bonfim , representando a Casa de Passagem 3, trouxe relato de acolhido e destacou que a institui\u00e7\u00e3o atendeu mais de 2 mil pernoites na casa.<\/p>\n\n\n\n<p>Felipe Camargo, educador social, pontuou: \u201cPercebemos que essa \u00e9 uma popula\u00e7\u00e3o heterog\u00eanea, que precisa de respostas para seus diferentes perfis. O centro integrado que teremos \u00e9 um avan\u00e7o imenso no trabalho intersetorial.\u201d<\/p>\n\n\n\n<figure class=\"wp-block-video\"><video height=\"1080\" style=\"aspect-ratio: 1920 \/ 1080;\" width=\"1920\" controls src=\"https:\/\/acontecenafronteira.com.br\/wp-content\/uploads\/2025\/10\/WhatsApp-Video-2025-10-24-at-11.20.01-AM.mp4\"><\/video><\/figure>\n","protected":false},"excerpt":{"rendered":"<p>A C\u00e2mara de Foz discutiu em Audi\u00eancia P\u00fablica na noite desta quinta-feira, 23 de outubro, solu\u00e7\u00f5es na melhora das condi\u00e7\u00f5es de vida e necessidades da popula\u00e7\u00e3o em situa\u00e7\u00e3o de rua no munic\u00edpio. O debate evidenciou a complexidade de elaborar pol\u00edticas p\u00fablicas para esse grupo, considerando a heterogeneidade do tema e as caracter\u00edsticas espec\u00edficas de Foz [&hellip;]<\/p>\n","protected":false},"author":2,"featured_media":26726,"comment_status":"open","ping_status":"open","sticky":false,"template":"","format":"standard","meta":{"om_disable_all_campaigns":false,"_monsterinsights_skip_tracking":false,"_monsterinsights_sitenote_active":false,"_monsterinsights_sitenote_note":"","_monsterinsights_sitenote_category":0,"footnotes":""},"categories":[1],"tags":[],"class_list":["post-26725","post","type-post","status-publish","format-standard","has-post-thumbnail","hentry","category-sem-categoria"],"_links":{"self":[{"href":"https:\/\/acontecenafronteira.com.br\/index.php\/wp-json\/wp\/v2\/posts\/26725","targetHints":{"allow":["GET"]}}],"collection":[{"href":"https:\/\/acontecenafronteira.com.br\/index.php\/wp-json\/wp\/v2\/posts"}],"about":[{"href":"https:\/\/acontecenafronteira.com.br\/index.php\/wp-json\/wp\/v2\/types\/post"}],"author":[{"embeddable":true,"href":"https:\/\/acontecenafronteira.com.br\/index.php\/wp-json\/wp\/v2\/users\/2"}],"replies":[{"embeddable":true,"href":"https:\/\/acontecenafronteira.com.br\/index.php\/wp-json\/wp\/v2\/comments?post=26725"}],"version-history":[{"count":1,"href":"https:\/\/acontecenafronteira.com.br\/index.php\/wp-json\/wp\/v2\/posts\/26725\/revisions"}],"predecessor-version":[{"id":26729,"href":"https:\/\/acontecenafronteira.com.br\/index.php\/wp-json\/wp\/v2\/posts\/26725\/revisions\/26729"}],"wp:featuredmedia":[{"embeddable":true,"href":"https:\/\/acontecenafronteira.com.br\/index.php\/wp-json\/wp\/v2\/media\/26726"}],"wp:attachment":[{"href":"https:\/\/acontecenafronteira.com.br\/index.php\/wp-json\/wp\/v2\/media?parent=26725"}],"wp:term":[{"taxonomy":"category","embeddable":true,"href":"https:\/\/acontecenafronteira.com.br\/index.php\/wp-json\/wp\/v2\/categories?post=26725"},{"taxonomy":"post_tag","embeddable":true,"href":"https:\/\/acontecenafronteira.com.br\/index.php\/wp-json\/wp\/v2\/tags?post=26725"}],"curies":[{"name":"wp","href":"https:\/\/api.w.org\/{rel}","templated":true}]}}