{"id":26634,"date":"2025-10-20T21:48:55","date_gmt":"2025-10-21T00:48:55","guid":{"rendered":"https:\/\/acontecenafronteira.com.br\/?p=26634"},"modified":"2025-10-20T21:48:56","modified_gmt":"2025-10-21T00:48:56","slug":"itaipu-leva-milhares-de-pessoas-para-tarde-da-familia-no-gramadao","status":"publish","type":"post","link":"https:\/\/acontecenafronteira.com.br\/index.php\/2025\/10\/20\/itaipu-leva-milhares-de-pessoas-para-tarde-da-familia-no-gramadao\/","title":{"rendered":"Itaipu leva milhares de pessoas para Tarde da Fam\u00edlia no Gramad\u00e3o"},"content":{"rendered":"\n<p><em>Itaipu leva milhares de pessoas para Tarde da Fam\u00edlia no Gramad\u00e3oEvento gratuito realizado nesse domingo (19), celebrou os 38 anos do Ecomuseu e os 35 anos do Sistema \u00danico de Sa\u00fade (SUS), com atividades para toda a fam\u00edlia<\/em><\/p>\n\n\n\n<p>A Itaipu Binacional promoveu, nesse domingo (19), uma tarde de lazer, cultura e sa\u00fade no Gramad\u00e3o da Vila A, em Foz do Igua\u00e7u. O evento gratuito celebrou os 38 anos do Ecomuseu e os 35 anos do Sistema \u00danico de Sa\u00fade (SUS), com atividades para toda a fam\u00edlia. Oficinas, brincadeiras, a\u00e7\u00f5es culturais e educativas refor\u00e7aram a proposta de integra\u00e7\u00e3o comunit\u00e1ria.<\/p>\n\n\n\n<p>Segundo Stela Guimar\u00e3es, chefe da Assessoria de Comunica\u00e7\u00e3o Social da Itaipu, uma das \u00e1reas respons\u00e1veis pela promo\u00e7\u00e3o, a iniciativa \u00e9 um compromisso da empresa, que j\u00e1 investiu mais de R$ 2 bilh\u00f5es em Foz do Igua\u00e7u para melhorar a qualidade de vida da popula\u00e7\u00e3o. \u201cAs fam\u00edlias de Foz ajudaram a construir a usina e fizeram dessa cidade a sua casa ao se estabelecerem aqui com seus familiares\u201d, destacou.<br>Para o superintendente de Gest\u00e3o Ambiental da Itaipu, Gilmar Secco, que representou o diretor-geral brasileiro, Enio Verri, o grande diferencial da Tarde da Fam\u00edlia foram as parcerias e a\u00e7\u00f5es voltadas \u00e0 sa\u00fade e \u00e0 educa\u00e7\u00e3o ambiental, com destaque para a colabora\u00e7\u00e3o do Minist\u00e9rio da Sa\u00fade com a presen\u00e7a do personagem Z\u00e9 Gotinha, s\u00edmbolo das campanhas de vacina\u00e7\u00e3o infantil.<\/p>\n\n\n\n<figure class=\"wp-block-image\"><img decoding=\"async\" src=\"https:\/\/www.itaipu.gov.br\/wp-content\/uploads\/2025\/10\/WhatsApp-Image-2025-10-20-at-14.58.53-1024x683.jpeg\" alt=\"\" class=\"wp-image-58582\"\/><figcaption class=\"wp-element-caption\">Z\u00e9 Gotinha, s\u00edmbolo das campanhas de vacina\u00e7\u00e3o infantil; superintendente de Gest\u00e3o Ambiental da Itaipu, Gilmar Secco e Stela Guimar\u00e3es, chefe da Assessoria de Comunica\u00e7\u00e3o Social da Itaipu.<\/figcaption><\/figure>\n\n\n\n<figure class=\"wp-block-image\"><img decoding=\"async\" src=\"https:\/\/www.itaipu.gov.br\/wp-content\/uploads\/2025\/10\/WhatsApp-Image-2025-10-20-at-15.00.21-1024x683.jpeg\" alt=\"\" class=\"wp-image-58583\"\/><\/figure>\n\n\n\n<p><strong>Encontro de mascotes e espet\u00e1culo para toda a fam\u00edlia<\/strong><br>Um dos momentos mais aguardados pelas crian\u00e7as foi o encontro entre dois personagens queridos: a Capi, mascote do turismo da Itaipu, e Z\u00e9 Gotinha. A intera\u00e7\u00e3o entre os dois foi previamente anunciada nas redes sociais da Itaipu, onde Capi convidou seu novo amigo para um passeio especial pela usina. No evento, eles circularam pelo Gramad\u00e3o, encantando os pequenos com fotos, brincadeiras e muita alegria, refor\u00e7ando de forma l\u00fadica a import\u00e2ncia da sa\u00fade e do cuidado com as novas gera\u00e7\u00f5es.<\/p>\n\n\n\n<p><br>As crian\u00e7as e adolescente participantes do Centro de Atendimento Integral ao Adolescente (CAIA) e Um Chute para o Futuro, projetos apoiados pela Itaipu, chegaram ao Gramad\u00e3o em \u00f4nibus disponibilizados pela Binacional.Leandro Leal Lucena, professor de Geografia em Foz do Igua\u00e7u, afirmou que decidiu participar do evento para aproveitar a programa\u00e7\u00e3o voltada \u00e0s fam\u00edlias e destacou a surpresa positiva com a variedade de atividades oferecidas gratuitamente \u00e0 comunidade. \u201cPara n\u00f3s foi uma surpresa muito agrad\u00e1vel chegar aqui e ver tantas atividades e um ambiente harmonioso. Est\u00e1 tudo nota 10, os organizadores est\u00e3o de parab\u00e9ns\u201d, disse.<\/p>\n\n\n\n<p>No fim da tarde, as crian\u00e7as ficaram encantadas com os espet\u00e1culos circenses e com a pe\u00e7a teatral \u201cJuliana e Rom\u00e3o \u2013 um caso de separa\u00e7\u00e3o\u201d, do Grupo Espa\u00e7o Sou Arte.<br>Fabio Santos, integrante do grupo, frisou que o espet\u00e1culo percorreu 54 cidades, alcan\u00e7ando todos os munic\u00edpios atendidos pelo Conselho de Desenvolvimento dos Munic\u00edpios Lindeiros ao Lago de Itaipu. Segundo ele, a iniciativa, realizada por meio do Conv\u00eanio Linha Ecol\u00f3gica e do programa Itaipu Mais que Energia, impactou milhares de pessoas com uma mensagem sobre separa\u00e7\u00e3o de res\u00edduos s\u00f3lidos e valoriza\u00e7\u00e3o dos profissionais da reciclagem. \u201cPor meio da Itaipu e alinhados \u00e0s pr\u00e1ticas do governo federal, tivemos a oportunidade de proclamar a arte como instrumento de informa\u00e7\u00e3o, conhecimento e sustentabilidade\u201d, explicou Santos.<\/p>\n\n\n\n<figure class=\"wp-block-gallery has-nested-images columns-default is-cropped wp-block-gallery-1 is-layout-flex wp-block-gallery-is-layout-flex\">\n<figure class=\"wp-block-image size-large\"><img loading=\"lazy\" decoding=\"async\" width=\"1024\" height=\"683\" data-id=\"26636\" src=\"https:\/\/acontecenafronteira.com.br\/wp-content\/uploads\/2025\/10\/WhatsApp-Image-2025-10-20-at-15.00.04-1024x683-1.jpeg\" alt=\"\" class=\"wp-image-26636\" srcset=\"https:\/\/acontecenafronteira.com.br\/wp-content\/uploads\/2025\/10\/WhatsApp-Image-2025-10-20-at-15.00.04-1024x683-1.jpeg?v=1761007692 1024w, https:\/\/acontecenafronteira.com.br\/wp-content\/uploads\/2025\/10\/WhatsApp-Image-2025-10-20-at-15.00.04-1024x683-1-300x200.jpeg?v=1761007692 300w, https:\/\/acontecenafronteira.com.br\/wp-content\/uploads\/2025\/10\/WhatsApp-Image-2025-10-20-at-15.00.04-1024x683-1-768x512.jpeg?v=1761007692 768w\" sizes=\"auto, (max-width: 1024px) 100vw, 1024px\" \/><\/figure>\n\n\n\n<figure class=\"wp-block-image size-large\"><img loading=\"lazy\" decoding=\"async\" width=\"1024\" height=\"683\" data-id=\"26637\" src=\"https:\/\/acontecenafronteira.com.br\/wp-content\/uploads\/2025\/10\/WhatsApp-Image-2025-10-20-at-15.00.08-1024x683-1.jpeg\" alt=\"\" class=\"wp-image-26637\" srcset=\"https:\/\/acontecenafronteira.com.br\/wp-content\/uploads\/2025\/10\/WhatsApp-Image-2025-10-20-at-15.00.08-1024x683-1.jpeg?v=1761007692 1024w, https:\/\/acontecenafronteira.com.br\/wp-content\/uploads\/2025\/10\/WhatsApp-Image-2025-10-20-at-15.00.08-1024x683-1-300x200.jpeg?v=1761007692 300w, https:\/\/acontecenafronteira.com.br\/wp-content\/uploads\/2025\/10\/WhatsApp-Image-2025-10-20-at-15.00.08-1024x683-1-768x512.jpeg?v=1761007692 768w\" sizes=\"auto, (max-width: 1024px) 100vw, 1024px\" \/><\/figure>\n\n\n\n<figure class=\"wp-block-image size-large\"><img loading=\"lazy\" decoding=\"async\" width=\"1024\" height=\"683\" data-id=\"26635\" src=\"https:\/\/acontecenafronteira.com.br\/wp-content\/uploads\/2025\/10\/WhatsApp-Image-2025-10-20-at-15.00.34-1-1024x683-1.jpeg\" alt=\"\" class=\"wp-image-26635\" srcset=\"https:\/\/acontecenafronteira.com.br\/wp-content\/uploads\/2025\/10\/WhatsApp-Image-2025-10-20-at-15.00.34-1-1024x683-1.jpeg?v=1761007692 1024w, https:\/\/acontecenafronteira.com.br\/wp-content\/uploads\/2025\/10\/WhatsApp-Image-2025-10-20-at-15.00.34-1-1024x683-1-300x200.jpeg?v=1761007692 300w, https:\/\/acontecenafronteira.com.br\/wp-content\/uploads\/2025\/10\/WhatsApp-Image-2025-10-20-at-15.00.34-1-1024x683-1-768x512.jpeg?v=1761007692 768w\" sizes=\"auto, (max-width: 1024px) 100vw, 1024px\" \/><\/figure>\n<\/figure>\n\n\n\n<p>Fotos: Alexandre Marchetti\/Itaipu Binacional<br><\/p>\n","protected":false},"excerpt":{"rendered":"<p>Itaipu leva milhares de pessoas para Tarde da Fam\u00edlia no Gramad\u00e3oEvento gratuito realizado nesse domingo (19), celebrou os 38 anos do Ecomuseu e os 35 anos do Sistema \u00danico de Sa\u00fade (SUS), com atividades para toda a fam\u00edlia A Itaipu Binacional promoveu, nesse domingo (19), uma tarde de lazer, cultura e sa\u00fade no Gramad\u00e3o da [&hellip;]<\/p>\n","protected":false},"author":2,"featured_media":26636,"comment_status":"open","ping_status":"open","sticky":false,"template":"","format":"standard","meta":{"om_disable_all_campaigns":false,"_monsterinsights_skip_tracking":false,"_monsterinsights_sitenote_active":false,"_monsterinsights_sitenote_note":"","_monsterinsights_sitenote_category":0,"footnotes":""},"categories":[1],"tags":[],"class_list":["post-26634","post","type-post","status-publish","format-standard","has-post-thumbnail","hentry","category-sem-categoria"],"_links":{"self":[{"href":"https:\/\/acontecenafronteira.com.br\/index.php\/wp-json\/wp\/v2\/posts\/26634","targetHints":{"allow":["GET"]}}],"collection":[{"href":"https:\/\/acontecenafronteira.com.br\/index.php\/wp-json\/wp\/v2\/posts"}],"about":[{"href":"https:\/\/acontecenafronteira.com.br\/index.php\/wp-json\/wp\/v2\/types\/post"}],"author":[{"embeddable":true,"href":"https:\/\/acontecenafronteira.com.br\/index.php\/wp-json\/wp\/v2\/users\/2"}],"replies":[{"embeddable":true,"href":"https:\/\/acontecenafronteira.com.br\/index.php\/wp-json\/wp\/v2\/comments?post=26634"}],"version-history":[{"count":1,"href":"https:\/\/acontecenafronteira.com.br\/index.php\/wp-json\/wp\/v2\/posts\/26634\/revisions"}],"predecessor-version":[{"id":26638,"href":"https:\/\/acontecenafronteira.com.br\/index.php\/wp-json\/wp\/v2\/posts\/26634\/revisions\/26638"}],"wp:featuredmedia":[{"embeddable":true,"href":"https:\/\/acontecenafronteira.com.br\/index.php\/wp-json\/wp\/v2\/media\/26636"}],"wp:attachment":[{"href":"https:\/\/acontecenafronteira.com.br\/index.php\/wp-json\/wp\/v2\/media?parent=26634"}],"wp:term":[{"taxonomy":"category","embeddable":true,"href":"https:\/\/acontecenafronteira.com.br\/index.php\/wp-json\/wp\/v2\/categories?post=26634"},{"taxonomy":"post_tag","embeddable":true,"href":"https:\/\/acontecenafronteira.com.br\/index.php\/wp-json\/wp\/v2\/tags?post=26634"}],"curies":[{"name":"wp","href":"https:\/\/api.w.org\/{rel}","templated":true}]}}