{"id":26537,"date":"2025-10-16T10:20:51","date_gmt":"2025-10-16T13:20:51","guid":{"rendered":"https:\/\/acontecenafronteira.com.br\/?p=26537"},"modified":"2025-10-16T10:20:53","modified_gmt":"2025-10-16T13:20:53","slug":"legislativo-convoca-audiencia-publica-para-discutir-modernizacao-da-lei-do-taxi-em-foz","status":"publish","type":"post","link":"https:\/\/acontecenafronteira.com.br\/index.php\/2025\/10\/16\/legislativo-convoca-audiencia-publica-para-discutir-modernizacao-da-lei-do-taxi-em-foz\/","title":{"rendered":"Legislativo convoca audi\u00eancia p\u00fablica para discutir moderniza\u00e7\u00e3o da lei do t\u00e1xi em Foz"},"content":{"rendered":"\n<p>A C\u00e2mara Municipal de Foz do Igua\u00e7u, atrav\u00e9s do Requerimento n\u00b0 88\/2025, vai realizar uma Audi\u00eancia P\u00fablica para debater a moderniza\u00e7\u00e3o da Lei Complementar n\u00b0 223\/2014, que regulamenta o servi\u00e7o de t\u00e1xi no munic\u00edpio. O debate acontece na manh\u00e3 desta sexta-feira,17, \u00e0s 9h, no plen\u00e1rio desta Casa de Leis. O objetivo \u00e9 consolidar uma proposta de minuta de Projeto de Lei, que ser\u00e1 encaminhada ao Poder Executivo, a fim de que a prefeitura possa enviar o texto final para an\u00e1lise da C\u00e2mara.<\/p>\n\n\n\n<p>A proposta da audi\u00eancia partiu do vereador Bosco Foz (PL) e a discuss\u00e3o contar\u00e1 com a participa\u00e7\u00e3o de representantes do Executivo e membros da categoria profissional. Entre os temas a serem debatidos est\u00e3o: a reformula\u00e7\u00e3o da legisla\u00e7\u00e3o vigente; a an\u00e1lise das boas pr\u00e1ticas adotadas em outras cidades e estados; as necessidades e reivindica\u00e7\u00f5es da classe; debater a cria\u00e7\u00e3o de incentivos fiscais econ\u00f4micos; ado\u00e7\u00e3o de novas tecnologias; e melhorias nas condi\u00e7\u00f5es de trabalho dos taxistas.<\/p>\n\n\n\n<p>De acordo com a justificativa apresentada no texto do Requerimento, a legisla\u00e7\u00e3o vigente, criada em 2014, encontra-se defasada e excessivamente fragmentada, tendo passado por mais de 60 altera\u00e7\u00f5es ao longo dos anos. Segundo o proponente do debate, essa situa\u00e7\u00e3o tem gerado inseguran\u00e7a jur\u00eddica e dificuldades operacionais para os taxistas.<\/p>\n\n\n\n<p>Informa\u00e7\u00f5es da Audi\u00eancia P\u00fablica:<br>Assunto: Moderniza\u00e7\u00e3o da lei do servi\u00e7o de t\u00e1xi no Munic\u00edpio.<br>Data: 17\/10\/25 \u2013 Sexta-feira.<br>Hor\u00e1rio: 9h.<br>Local: Plen\u00e1rio da C\u00e2mara Municipal de Foz do Igua\u00e7u &#8211; PR.<br>Endere\u00e7o: Travessa Oscar Muxfeldt, n\u00ba 81, Centro.<\/p>\n","protected":false},"excerpt":{"rendered":"<p>A C\u00e2mara Municipal de Foz do Igua\u00e7u, atrav\u00e9s do Requerimento n\u00b0 88\/2025, vai realizar uma Audi\u00eancia P\u00fablica para debater a moderniza\u00e7\u00e3o da Lei Complementar n\u00b0 223\/2014, que regulamenta o servi\u00e7o de t\u00e1xi no munic\u00edpio. O debate acontece na manh\u00e3 desta sexta-feira,17, \u00e0s 9h, no plen\u00e1rio desta Casa de Leis. O objetivo \u00e9 consolidar uma proposta [&hellip;]<\/p>\n","protected":false},"author":2,"featured_media":26538,"comment_status":"open","ping_status":"open","sticky":false,"template":"","format":"standard","meta":{"om_disable_all_campaigns":false,"_monsterinsights_skip_tracking":false,"_monsterinsights_sitenote_active":false,"_monsterinsights_sitenote_note":"","_monsterinsights_sitenote_category":0,"footnotes":""},"categories":[1],"tags":[],"class_list":["post-26537","post","type-post","status-publish","format-standard","has-post-thumbnail","hentry","category-sem-categoria"],"_links":{"self":[{"href":"https:\/\/acontecenafronteira.com.br\/index.php\/wp-json\/wp\/v2\/posts\/26537","targetHints":{"allow":["GET"]}}],"collection":[{"href":"https:\/\/acontecenafronteira.com.br\/index.php\/wp-json\/wp\/v2\/posts"}],"about":[{"href":"https:\/\/acontecenafronteira.com.br\/index.php\/wp-json\/wp\/v2\/types\/post"}],"author":[{"embeddable":true,"href":"https:\/\/acontecenafronteira.com.br\/index.php\/wp-json\/wp\/v2\/users\/2"}],"replies":[{"embeddable":true,"href":"https:\/\/acontecenafronteira.com.br\/index.php\/wp-json\/wp\/v2\/comments?post=26537"}],"version-history":[{"count":1,"href":"https:\/\/acontecenafronteira.com.br\/index.php\/wp-json\/wp\/v2\/posts\/26537\/revisions"}],"predecessor-version":[{"id":26539,"href":"https:\/\/acontecenafronteira.com.br\/index.php\/wp-json\/wp\/v2\/posts\/26537\/revisions\/26539"}],"wp:featuredmedia":[{"embeddable":true,"href":"https:\/\/acontecenafronteira.com.br\/index.php\/wp-json\/wp\/v2\/media\/26538"}],"wp:attachment":[{"href":"https:\/\/acontecenafronteira.com.br\/index.php\/wp-json\/wp\/v2\/media?parent=26537"}],"wp:term":[{"taxonomy":"category","embeddable":true,"href":"https:\/\/acontecenafronteira.com.br\/index.php\/wp-json\/wp\/v2\/categories?post=26537"},{"taxonomy":"post_tag","embeddable":true,"href":"https:\/\/acontecenafronteira.com.br\/index.php\/wp-json\/wp\/v2\/tags?post=26537"}],"curies":[{"name":"wp","href":"https:\/\/api.w.org\/{rel}","templated":true}]}}