{"id":26533,"date":"2025-10-16T10:19:55","date_gmt":"2025-10-16T13:19:55","guid":{"rendered":"https:\/\/acontecenafronteira.com.br\/?p=26533"},"modified":"2025-10-16T10:19:55","modified_gmt":"2025-10-16T13:19:55","slug":"foz-do-iguacu-garante-novos-recursos-do-governo-do-estado-para-recapeamento-de-ruas","status":"publish","type":"post","link":"https:\/\/acontecenafronteira.com.br\/index.php\/2025\/10\/16\/foz-do-iguacu-garante-novos-recursos-do-governo-do-estado-para-recapeamento-de-ruas\/","title":{"rendered":"Foz do Igua\u00e7u garante novos recursos do Governo do Estado para recapeamento de ruas"},"content":{"rendered":"\n<p><strong><em>Prefeito General Silva e Luna esteve com o secret\u00e1rio das Cidades do Paran\u00e1, Guto Silva, para tratar investimentos em infraestrutura<\/em><\/strong><\/p>\n\n\n\n<p>Nesta quarta-feira (15), o prefeito General Silva e Luna esteve em Curitiba, na Secretaria das Cidades (SECID), onde se reuniu com o secret\u00e1rio Guto Silva para tratar de novos investimentos em infraestrutura urbana para Foz do Igua\u00e7u.<\/p>\n\n\n\n<p>Durante o encontro, foram sinalizados novos recursos estaduais destinados ao recapeamento asf\u00e1ltico de diversas vias da cidade, refor\u00e7ando o compromisso do Governo do Estado do Paran\u00e1 com o desenvolvimento de Foz e a melhoria da qualidade de vida da popula\u00e7\u00e3o.<\/p>\n\n\n\n<blockquote class=\"wp-block-quote is-layout-flow wp-block-quote-is-layout-flow\">\n<p>\u201cEsses investimentos s\u00e3o fundamentais para continuarmos avan\u00e7ando na recupera\u00e7\u00e3o da malha vi\u00e1ria e garantindo mais seguran\u00e7a e conforto para motoristas, ciclistas e pedestres\u201d, destacou o prefeito General Silva e Luna.<\/p>\n<\/blockquote>\n\n\n\n<p>O secret\u00e1rio Guto Silva ressaltou a import\u00e2ncia da parceria entre o Governo do Estado e os munic\u00edpios. \u201cFoz do Igua\u00e7u \u00e9 uma cidade estrat\u00e9gica para o Paran\u00e1 e para o Brasil. Estamos trabalhando lado a lado com a Prefeitura para assegurar obras que impactem positivamente o dia a dia da popula\u00e7\u00e3o\u201d, afirmou.<\/p>\n\n\n\n<figure class=\"wp-block-image size-large\"><img loading=\"lazy\" decoding=\"async\" width=\"1024\" height=\"682\" src=\"https:\/\/acontecenafronteira.com.br\/wp-content\/uploads\/2025\/10\/WhatsApp-Image-2025-10-15-at-7.37.10-PM-1024x682.jpeg?v=1760620787\" alt=\"\" class=\"wp-image-26535\" srcset=\"https:\/\/acontecenafronteira.com.br\/wp-content\/uploads\/2025\/10\/WhatsApp-Image-2025-10-15-at-7.37.10-PM-1024x682.jpeg?v=1760620787 1024w, https:\/\/acontecenafronteira.com.br\/wp-content\/uploads\/2025\/10\/WhatsApp-Image-2025-10-15-at-7.37.10-PM-300x200.jpeg?v=1760620787 300w, https:\/\/acontecenafronteira.com.br\/wp-content\/uploads\/2025\/10\/WhatsApp-Image-2025-10-15-at-7.37.10-PM-768x512.jpeg?v=1760620787 768w, https:\/\/acontecenafronteira.com.br\/wp-content\/uploads\/2025\/10\/WhatsApp-Image-2025-10-15-at-7.37.10-PM-1536x1023.jpeg?v=1760620787 1536w, https:\/\/acontecenafronteira.com.br\/wp-content\/uploads\/2025\/10\/WhatsApp-Image-2025-10-15-at-7.37.10-PM.jpeg?v=1760620787 1600w\" sizes=\"auto, (max-width: 1024px) 100vw, 1024px\" \/><\/figure>\n","protected":false},"excerpt":{"rendered":"<p>Prefeito General Silva e Luna esteve com o secret\u00e1rio das Cidades do Paran\u00e1, Guto Silva, para tratar investimentos em infraestrutura Nesta quarta-feira (15), o prefeito General Silva e Luna esteve em Curitiba, na Secretaria das Cidades (SECID), onde se reuniu com o secret\u00e1rio Guto Silva para tratar de novos investimentos em infraestrutura urbana para Foz [&hellip;]<\/p>\n","protected":false},"author":2,"featured_media":26534,"comment_status":"open","ping_status":"open","sticky":false,"template":"","format":"standard","meta":{"om_disable_all_campaigns":false,"_monsterinsights_skip_tracking":false,"_monsterinsights_sitenote_active":false,"_monsterinsights_sitenote_note":"","_monsterinsights_sitenote_category":0,"footnotes":""},"categories":[1],"tags":[],"class_list":["post-26533","post","type-post","status-publish","format-standard","has-post-thumbnail","hentry","category-sem-categoria"],"_links":{"self":[{"href":"https:\/\/acontecenafronteira.com.br\/index.php\/wp-json\/wp\/v2\/posts\/26533","targetHints":{"allow":["GET"]}}],"collection":[{"href":"https:\/\/acontecenafronteira.com.br\/index.php\/wp-json\/wp\/v2\/posts"}],"about":[{"href":"https:\/\/acontecenafronteira.com.br\/index.php\/wp-json\/wp\/v2\/types\/post"}],"author":[{"embeddable":true,"href":"https:\/\/acontecenafronteira.com.br\/index.php\/wp-json\/wp\/v2\/users\/2"}],"replies":[{"embeddable":true,"href":"https:\/\/acontecenafronteira.com.br\/index.php\/wp-json\/wp\/v2\/comments?post=26533"}],"version-history":[{"count":1,"href":"https:\/\/acontecenafronteira.com.br\/index.php\/wp-json\/wp\/v2\/posts\/26533\/revisions"}],"predecessor-version":[{"id":26536,"href":"https:\/\/acontecenafronteira.com.br\/index.php\/wp-json\/wp\/v2\/posts\/26533\/revisions\/26536"}],"wp:featuredmedia":[{"embeddable":true,"href":"https:\/\/acontecenafronteira.com.br\/index.php\/wp-json\/wp\/v2\/media\/26534"}],"wp:attachment":[{"href":"https:\/\/acontecenafronteira.com.br\/index.php\/wp-json\/wp\/v2\/media?parent=26533"}],"wp:term":[{"taxonomy":"category","embeddable":true,"href":"https:\/\/acontecenafronteira.com.br\/index.php\/wp-json\/wp\/v2\/categories?post=26533"},{"taxonomy":"post_tag","embeddable":true,"href":"https:\/\/acontecenafronteira.com.br\/index.php\/wp-json\/wp\/v2\/tags?post=26533"}],"curies":[{"name":"wp","href":"https:\/\/api.w.org\/{rel}","templated":true}]}}