{"id":26480,"date":"2025-10-14T10:18:42","date_gmt":"2025-10-14T13:18:42","guid":{"rendered":"https:\/\/acontecenafronteira.com.br\/?p=26480"},"modified":"2025-10-14T10:18:44","modified_gmt":"2025-10-14T13:18:44","slug":"unila-busca-voluntarios-para-estudo-inedito-sobre-uso-da-cannabis-no-tratamento-da-psoriase","status":"publish","type":"post","link":"https:\/\/acontecenafronteira.com.br\/index.php\/2025\/10\/14\/unila-busca-voluntarios-para-estudo-inedito-sobre-uso-da-cannabis-no-tratamento-da-psoriase\/","title":{"rendered":"UNILA busca volunt\u00e1rios para estudo in\u00e9dito sobre uso da Cannabis no tratamento da psor\u00edase"},"content":{"rendered":"\n<p><em><strong>Pesquisa ser\u00e1 conduzida em Foz do Igua\u00e7u, durante 120 dias; ser\u00e3o selecionados 40 pacientes<\/strong><\/em><\/p>\n\n\n\n<p>A UNILA est\u00e1 recrutando volunt\u00e1rios(as) para participar do estudo CBDermis, que investigar\u00e1 o potencial terap\u00eautico da&nbsp;<em>Cannabis sativa<\/em>&nbsp;no tratamento da psor\u00edase vulgar. O projeto \u00e9 coordenado pelo Laborat\u00f3rio de Cannabis Medicinal e Ci\u00eancia Psicod\u00e9lica (LcP), no \u00e2mbito do Programa de P\u00f3s-Gradua\u00e7\u00e3o em Bioci\u00eancias, em parceria com o Centro de Especialidades M\u00e9dicas (CEM) de Foz do Igua\u00e7u e a Associa\u00e7\u00e3o Santa Cannabis.<\/p>\n\n\n\n<p>De acordo com o coordenador do LcP, professor Francisney Nascimento, o estudo pretende verificar a redu\u00e7\u00e3o dos sintomas da psor\u00edase \u2014 como inflama\u00e7\u00e3o, coceira e descama\u00e7\u00e3o \u2014, al\u00e9m de avaliar a seguran\u00e7a das formula\u00e7\u00f5es, seus mecanismos de a\u00e7\u00e3o e o impacto no bem-estar psicol\u00f3gico dos pacientes. O estudo ser\u00e1 conduzido pela mestranda em Bioci\u00eancias Emanuelly Krefta e orientado pelo professor do curso de Medicina Fernando Santos, e as avalia\u00e7\u00f5es cl\u00ednicas ficar\u00e3o sob responsabilidade do dermatologista Charles Nedel, no CEM.<\/p>\n\n\n\n<p>O estudo ter\u00e1 dura\u00e7\u00e3o de 120 dias, divididos em dois per\u00edodos de 60 dias. No primeiro, os participantes ser\u00e3o separados em dois grupos: um receber\u00e1 creme t\u00f3pico e o outro \u00f3leo oral, ambos na propor\u00e7\u00e3o CBD:THC:CBG (1:1:1). No segundo, todos receber\u00e3o a combina\u00e7\u00e3o das duas vias de administra\u00e7\u00e3o. O acompanhamento ser\u00e1 feito a cada 30 dias, com consultas cl\u00ednicas, registros fotogr\u00e1ficos das les\u00f5es e aplica\u00e7\u00e3o de question\u00e1rios de qualidade de vida. &#8220;A equipe \u00e9 multidisciplinar, composta por m\u00e9dicos, biom\u00e9dica e farmac\u00eautico, assegurando rigor metodol\u00f3gico, seguran\u00e7a e acompanhamento integral dos participantes em todas as etapas da pesquisa&#8221;, garante Nascimento.<\/p>\n\n\n\n<figure class=\"wp-block-image size-large is-resized\"><img loading=\"lazy\" decoding=\"async\" width=\"768\" height=\"1024\" src=\"https:\/\/acontecenafronteira.com.br\/wp-content\/uploads\/2025\/10\/Fernando-768x1024.jpg?v=1760447828\" alt=\"\" class=\"wp-image-26482\" style=\"width:416px;height:auto\" srcset=\"https:\/\/acontecenafronteira.com.br\/wp-content\/uploads\/2025\/10\/Fernando-768x1024.jpg?v=1760447828 768w, https:\/\/acontecenafronteira.com.br\/wp-content\/uploads\/2025\/10\/Fernando-225x300.jpg?v=1760447828 225w, https:\/\/acontecenafronteira.com.br\/wp-content\/uploads\/2025\/10\/Fernando-1152x1536.jpg?v=1760447828 1152w, https:\/\/acontecenafronteira.com.br\/wp-content\/uploads\/2025\/10\/Fernando.jpg?v=1760447828 1200w\" sizes=\"auto, (max-width: 768px) 100vw, 768px\" \/><\/figure>\n\n\n\n<p><strong>Ineditismo<\/strong><\/p>\n\n\n\n<p>O CBDermis \u00e9 considerado in\u00e9dito no Brasil e tamb\u00e9m o primeiro no mundo a testar, de forma simult\u00e2nea, as vias t\u00f3pica e oral da Cannabis sativa no tratamento da psor\u00edase. \u201cEmbora existam pesquisas internacionais sobre o uso de canabinoides em doen\u00e7as dermatol\u00f3gicas, at\u00e9 o momento nenhum estudo cl\u00ednico comparou diretamente os efeitos dessas duas formas de uso. O diferencial da pesquisa est\u00e1 justamente nessa abordagem inovadora, que combina resultados cl\u00ednicos com par\u00e2metros de sa\u00fade mental e qualidade de vida, reconhecendo o impacto psicossocial da doen\u00e7a\u201d, destaca Nascimento.<\/p>\n\n\n\n<p><strong>Como se inscrever<br><\/strong><br>As inscri\u00e7\u00f5es est\u00e3o abertas para pessoas com psor\u00edase vulgar leve a moderada, entre 18 e 65 anos, que estejam em tratamento est\u00e1vel h\u00e1 pelo menos tr\u00eas meses. Est\u00e3o exclu\u00eddos pacientes com outras doen\u00e7as dermatol\u00f3gicas inflamat\u00f3rias ativas, cardiopatias graves, doen\u00e7as hep\u00e1ticas ou renais, hist\u00f3rico de psicose ou epilepsia, al\u00e9m de gestantes e lactantes. Ser\u00e3o selecionados 40 participantes.<\/p>\n\n\n\n<p>Os interessados podem se inscrever pelo&nbsp;<a rel=\"noreferrer noopener\" target=\"_blank\" href=\"https:\/\/bit.ly\/PesquisaPsoriase\">formul\u00e1rio online<\/a>&nbsp;ou pelo WhatsApp: (45) 99827-8472 at\u00e9 o dia 31 de outubro.<\/p>\n\n\n\n<figure class=\"wp-block-image size-large is-resized\"><img loading=\"lazy\" decoding=\"async\" width=\"654\" height=\"1024\" src=\"https:\/\/acontecenafronteira.com.br\/wp-content\/uploads\/2025\/10\/Pesquisadora-Emmanuelly-654x1024.jpeg?v=1760447777\" alt=\"\" class=\"wp-image-26481\" style=\"width:471px;height:auto\" srcset=\"https:\/\/acontecenafronteira.com.br\/wp-content\/uploads\/2025\/10\/Pesquisadora-Emmanuelly-654x1024.jpeg?v=1760447777 654w, https:\/\/acontecenafronteira.com.br\/wp-content\/uploads\/2025\/10\/Pesquisadora-Emmanuelly-191x300.jpeg?v=1760447777 191w, https:\/\/acontecenafronteira.com.br\/wp-content\/uploads\/2025\/10\/Pesquisadora-Emmanuelly-768x1203.jpeg?v=1760447777 768w, https:\/\/acontecenafronteira.com.br\/wp-content\/uploads\/2025\/10\/Pesquisadora-Emmanuelly.jpeg?v=1760447777 817w\" sizes=\"auto, (max-width: 654px) 100vw, 654px\" \/><\/figure>\n\n\n\n<p><strong>FOTOS:<br><\/strong><br>&#8211; Imagem ilustrativa (Cr\u00e9ditos:\u00a0<em>Freepik<\/em>)<br>&#8211; Professor Fernando Santos, orientador<br>&#8211; Emanuelly Krefta, mestranda<\/p>\n\n\n\n<p><\/p>\n","protected":false},"excerpt":{"rendered":"<p>Pesquisa ser\u00e1 conduzida em Foz do Igua\u00e7u, durante 120 dias; ser\u00e3o selecionados 40 pacientes A UNILA est\u00e1 recrutando volunt\u00e1rios(as) para participar do estudo CBDermis, que investigar\u00e1 o potencial terap\u00eautico da&nbsp;Cannabis sativa&nbsp;no tratamento da psor\u00edase vulgar. O projeto \u00e9 coordenado pelo Laborat\u00f3rio de Cannabis Medicinal e Ci\u00eancia Psicod\u00e9lica (LcP), no \u00e2mbito do Programa de P\u00f3s-Gradua\u00e7\u00e3o em [&hellip;]<\/p>\n","protected":false},"author":2,"featured_media":26483,"comment_status":"open","ping_status":"open","sticky":false,"template":"","format":"standard","meta":{"om_disable_all_campaigns":false,"_monsterinsights_skip_tracking":false,"_monsterinsights_sitenote_active":false,"_monsterinsights_sitenote_note":"","_monsterinsights_sitenote_category":0,"footnotes":""},"categories":[1],"tags":[],"class_list":["post-26480","post","type-post","status-publish","format-standard","has-post-thumbnail","hentry","category-sem-categoria"],"_links":{"self":[{"href":"https:\/\/acontecenafronteira.com.br\/index.php\/wp-json\/wp\/v2\/posts\/26480","targetHints":{"allow":["GET"]}}],"collection":[{"href":"https:\/\/acontecenafronteira.com.br\/index.php\/wp-json\/wp\/v2\/posts"}],"about":[{"href":"https:\/\/acontecenafronteira.com.br\/index.php\/wp-json\/wp\/v2\/types\/post"}],"author":[{"embeddable":true,"href":"https:\/\/acontecenafronteira.com.br\/index.php\/wp-json\/wp\/v2\/users\/2"}],"replies":[{"embeddable":true,"href":"https:\/\/acontecenafronteira.com.br\/index.php\/wp-json\/wp\/v2\/comments?post=26480"}],"version-history":[{"count":1,"href":"https:\/\/acontecenafronteira.com.br\/index.php\/wp-json\/wp\/v2\/posts\/26480\/revisions"}],"predecessor-version":[{"id":26484,"href":"https:\/\/acontecenafronteira.com.br\/index.php\/wp-json\/wp\/v2\/posts\/26480\/revisions\/26484"}],"wp:featuredmedia":[{"embeddable":true,"href":"https:\/\/acontecenafronteira.com.br\/index.php\/wp-json\/wp\/v2\/media\/26483"}],"wp:attachment":[{"href":"https:\/\/acontecenafronteira.com.br\/index.php\/wp-json\/wp\/v2\/media?parent=26480"}],"wp:term":[{"taxonomy":"category","embeddable":true,"href":"https:\/\/acontecenafronteira.com.br\/index.php\/wp-json\/wp\/v2\/categories?post=26480"},{"taxonomy":"post_tag","embeddable":true,"href":"https:\/\/acontecenafronteira.com.br\/index.php\/wp-json\/wp\/v2\/tags?post=26480"}],"curies":[{"name":"wp","href":"https:\/\/api.w.org\/{rel}","templated":true}]}}