{"id":26453,"date":"2025-10-13T13:16:10","date_gmt":"2025-10-13T16:16:10","guid":{"rendered":"https:\/\/acontecenafronteira.com.br\/?p=26453"},"modified":"2025-10-13T13:16:11","modified_gmt":"2025-10-13T16:16:11","slug":"itaipu-promove-tarde-da-familia-no-gramadao-da-vila-a","status":"publish","type":"post","link":"https:\/\/acontecenafronteira.com.br\/index.php\/2025\/10\/13\/itaipu-promove-tarde-da-familia-no-gramadao-da-vila-a\/","title":{"rendered":"Itaipu promove Tarde da Fam\u00edlia no Gramad\u00e3o da Vila A"},"content":{"rendered":"\n<p><em><strong>Evento gratuito celebra, no domingo (19), o anivers\u00e1rio de 38 anos Ecomuseu e os 35 anos do SUS com oficinas, teatro, a\u00e7\u00f5es de sa\u00fade e presen\u00e7a do Z\u00e9 Gotinha<\/strong><\/em><\/p>\n\n\n\n<p>Itaipu Mais que Energia, Ecomuseu em A\u00e7\u00e3o e Linha Ecol\u00f3gica promovem neste domingo (19), no Gramad\u00e3o da Vila A, em Foz do Igua\u00e7u, uma tarde repleta de atividades voltadas \u00e0 comunidade, integrando sa\u00fade, educa\u00e7\u00e3o ambiental e cultura.<\/p>\n\n\n\n<p>A Tarde da Fam\u00edlia no Gramad\u00e3o \u00e9 uma iniciativa que marca a celebra\u00e7\u00e3o do anivers\u00e1rio de 38 anos do Ecomuseu de Itaipu e os 35 anos do Sistema \u00danico de Sa\u00fade (SUS), com a presen\u00e7a especial do personagem Z\u00e9 Gotinha, s\u00edmbolo das campanhas de vacina\u00e7\u00e3o no Brasil. O evento \u00e9 gratuito e aberto \u00e0 comunidade.<\/p>\n\n\n\n<p>A partir das 15h, o p\u00fablico poder\u00e1 participar de diversas oficinas e atividades l\u00fadicas, como:<br>\u2022 Caminh\u00e3o da Expedi\u00e7\u00e3o do Conhecimento, com entrega de mudas para quem visitar o espa\u00e7o;<br>\u2022 Oficina de pipa, pintura facial, bolha de sab\u00e3o e pintura livre.<\/p>\n\n\n\n<figure class=\"wp-block-image size-full\"><img loading=\"lazy\" decoding=\"async\" width=\"1024\" height=\"682\" src=\"https:\/\/acontecenafronteira.com.br\/wp-content\/uploads\/2025\/10\/20250513SC06285-1024x682-1.jpg?v=1760372123\" alt=\"\" class=\"wp-image-26454\" srcset=\"https:\/\/acontecenafronteira.com.br\/wp-content\/uploads\/2025\/10\/20250513SC06285-1024x682-1.jpg?v=1760372123 1024w, https:\/\/acontecenafronteira.com.br\/wp-content\/uploads\/2025\/10\/20250513SC06285-1024x682-1-300x200.jpg?v=1760372123 300w, https:\/\/acontecenafronteira.com.br\/wp-content\/uploads\/2025\/10\/20250513SC06285-1024x682-1-768x512.jpg?v=1760372123 768w\" sizes=\"auto, (max-width: 1024px) 100vw, 1024px\" \/><\/figure>\n\n\n\n<p><em><sup>Fotos: Sara Cheida\/Itaipu Binacional.<\/sup><\/em><\/p>\n\n\n\n<p>\u201cContratamos a Trupe Luz da Lua para trazer oficinas que encantam crian\u00e7as e adultos com uma oficina de circo\u201d, explicou Michelly dos Reis Laurindo, da Divis\u00e3o de Educa\u00e7\u00e3o Ambiental da Itaipu.<\/p>\n\n\n\n<p>\u00c0s 19h, ser\u00e1 apresentado o espet\u00e1culo teatral \u201cJuliana e Rom\u00e3o \u2013 um caso de separa\u00e7\u00e3o\u201d, do grupo Espa\u00e7o Sou Arte, que aborda de forma divertida e educativa a import\u00e2ncia da reciclagem. \u201cA Itaipu Binacional e o Conselho de Desenvolvimento dos Munic\u00edpios Lindeiros ao Lago de Itaipu, por meio do Conv\u00eanio Linha Ecol\u00f3gica, trazem esse espet\u00e1culo encantador que une circo, dan\u00e7a e m\u00fasica para sensibilizar o p\u00fablico sobre a import\u00e2ncia da coleta seletiva e o papel dos catadores na sociedade\u201d, destacou a gestora do conv\u00eanio Linha Ecol\u00f3gica, Emanuela Regina dos Santos.<\/p>\n\n\n\n<p>As a\u00e7\u00f5es de sa\u00fade ser\u00e3o conduzidas pela equipe do Hospital Itamed, funda\u00e7\u00e3o vinculada \u00e0 Itaipu, com aferi\u00e7\u00e3o de sinais vitais, teste de glicemia, sess\u00f5es de alongamento com fisioterapeutas e uma atividade interativa de conscientiza\u00e7\u00e3o sobre higieniza\u00e7\u00e3o das m\u00e3os.<\/p>\n\n\n\n<p>Al\u00e9m disso, o Minist\u00e9rio da Sa\u00fade estar\u00e1 presente com a distribui\u00e7\u00e3o de cartilhas sobre vacina\u00e7\u00e3o e outras a\u00e7\u00f5es voltadas \u00e0 promo\u00e7\u00e3o da sa\u00fade. O personagem Z\u00e9 Gotinha tamb\u00e9m far\u00e1 uma visita \u00e0 usina de Itaipu na segunda-feira, dia 20, em parceria com a \u00e1rea de Turismo da empresa.<\/p>\n\n\n\n<p>Para a gerente da Divis\u00e3o de Rela\u00e7\u00f5es P\u00fablicas da Itaipu, Cristiane Amorim, o evento \u00e9 uma oportunidade de aproximar a popula\u00e7\u00e3o das a\u00e7\u00f5es da empresa. \u201cSer\u00e1 uma tarde agrad\u00e1vel, repleta de atividades voltadas \u00e0 comunidade, com oficinas que v\u00e3o desde a\u00e7\u00f5es l\u00fadicas, como pintura facial para crian\u00e7as, at\u00e9 abordagens mais s\u00e9rias, como as orienta\u00e7\u00f5es sobre sa\u00fade\u201d, afirmou.<\/p>\n\n\n\n<p>Programa\u00e7\u00e3o:<br>15h \u2013 In\u00edcio das atividades<br>\u2022 Caminh\u00e3o da Expedi\u00e7\u00e3o do Conhecimento<br>\u2022 Distribui\u00e7\u00e3o de mudas<br>\u2022 Oficina de circo<br>\u2022 Oficina de pipa<br>\u2022 Pintura facial<br>\u2022 Bolha de sab\u00e3o<br>\u2022 Pintura livre<\/p>\n\n\n\n<p>19h \u2013 Espet\u00e1culo teatral<br>\u201cJuliana e Rom\u00e3o \u2013 um caso de separa\u00e7\u00e3o\u201d \u2013 Grupo Espa\u00e7o Sou Arte<\/p>\n","protected":false},"excerpt":{"rendered":"<p>Evento gratuito celebra, no domingo (19), o anivers\u00e1rio de 38 anos Ecomuseu e os 35 anos do SUS com oficinas, teatro, a\u00e7\u00f5es de sa\u00fade e presen\u00e7a do Z\u00e9 Gotinha Itaipu Mais que Energia, Ecomuseu em A\u00e7\u00e3o e Linha Ecol\u00f3gica promovem neste domingo (19), no Gramad\u00e3o da Vila A, em Foz do Igua\u00e7u, uma tarde repleta [&hellip;]<\/p>\n","protected":false},"author":2,"featured_media":26455,"comment_status":"open","ping_status":"open","sticky":false,"template":"","format":"standard","meta":{"om_disable_all_campaigns":false,"_monsterinsights_skip_tracking":false,"_monsterinsights_sitenote_active":false,"_monsterinsights_sitenote_note":"","_monsterinsights_sitenote_category":0,"footnotes":""},"categories":[26,4,3],"tags":[],"class_list":["post-26453","post","type-post","status-publish","format-standard","has-post-thumbnail","hentry","category-brasil","category-cidade","category-cultura"],"_links":{"self":[{"href":"https:\/\/acontecenafronteira.com.br\/index.php\/wp-json\/wp\/v2\/posts\/26453","targetHints":{"allow":["GET"]}}],"collection":[{"href":"https:\/\/acontecenafronteira.com.br\/index.php\/wp-json\/wp\/v2\/posts"}],"about":[{"href":"https:\/\/acontecenafronteira.com.br\/index.php\/wp-json\/wp\/v2\/types\/post"}],"author":[{"embeddable":true,"href":"https:\/\/acontecenafronteira.com.br\/index.php\/wp-json\/wp\/v2\/users\/2"}],"replies":[{"embeddable":true,"href":"https:\/\/acontecenafronteira.com.br\/index.php\/wp-json\/wp\/v2\/comments?post=26453"}],"version-history":[{"count":1,"href":"https:\/\/acontecenafronteira.com.br\/index.php\/wp-json\/wp\/v2\/posts\/26453\/revisions"}],"predecessor-version":[{"id":26456,"href":"https:\/\/acontecenafronteira.com.br\/index.php\/wp-json\/wp\/v2\/posts\/26453\/revisions\/26456"}],"wp:featuredmedia":[{"embeddable":true,"href":"https:\/\/acontecenafronteira.com.br\/index.php\/wp-json\/wp\/v2\/media\/26455"}],"wp:attachment":[{"href":"https:\/\/acontecenafronteira.com.br\/index.php\/wp-json\/wp\/v2\/media?parent=26453"}],"wp:term":[{"taxonomy":"category","embeddable":true,"href":"https:\/\/acontecenafronteira.com.br\/index.php\/wp-json\/wp\/v2\/categories?post=26453"},{"taxonomy":"post_tag","embeddable":true,"href":"https:\/\/acontecenafronteira.com.br\/index.php\/wp-json\/wp\/v2\/tags?post=26453"}],"curies":[{"name":"wp","href":"https:\/\/api.w.org\/{rel}","templated":true}]}}