{"id":26439,"date":"2025-10-13T13:09:55","date_gmt":"2025-10-13T16:09:55","guid":{"rendered":"https:\/\/acontecenafronteira.com.br\/?p=26439"},"modified":"2025-10-14T10:12:46","modified_gmt":"2025-10-14T13:12:46","slug":"operacao-conjunta-da-receita-federal-e-policia-federal-apreende-r15-milhao-em-eletronicos-ocultos-em-carga-de-frangos-congelados","status":"publish","type":"post","link":"https:\/\/acontecenafronteira.com.br\/index.php\/2025\/10\/13\/operacao-conjunta-da-receita-federal-e-policia-federal-apreende-r15-milhao-em-eletronicos-ocultos-em-carga-de-frangos-congelados\/","title":{"rendered":"Opera\u00e7\u00e3o conjunta da Receita Federal e Pol\u00edcia Federal apreende R$1,5 milh\u00e3o em eletr\u00f4nicos ocultos em carga de frangos congelados"},"content":{"rendered":"\n<p><strong><em>Mais de 1.500 celulares e outros dispositivos estavam escondidos no ba\u00fa e na cabine de caminh\u00e3o em Medianeira<\/em><\/strong><\/p>\n\n\n\n<p>No \u00faltimo domingo (12\/10), uma a\u00e7\u00e3o conjunta entre equipes da Receita Federal e da Pol\u00edcia Federal resultou na apreens\u00e3o de uma carga milion\u00e1ria de eletr\u00f4nicos, avaliada em aproximadamente R$1,5 milh\u00e3o. Os produtos estavam escondidos em meio a uma carga de frangos congelados, transportada em um caminh\u00e3o com ba\u00fa frigor\u00edfico na cidade de Medianeira, munic\u00edpio localizado no oeste do Paran\u00e1.<\/p>\n\n\n\n<p>A opera\u00e7\u00e3o teve in\u00edcio ap\u00f3s o recebimento de uma den\u00fancia an\u00f4nima indicando que um caminh\u00e3o azul estaria transportando mercadorias provenientes do contrabando e descaminho. As equipes iniciaram dilig\u00eancias e localizaram o ve\u00edculo estacionado em uma rua residencial, sem o condutor. O propriet\u00e1rio da resid\u00eancia em frente foi abordado e se apresentou como motorista do caminh\u00e3o.<\/p>\n\n\n\n<p>Ao ser questionado, o condutor confirmou que, al\u00e9m da carga de frangos, tamb\u00e9m transportava eletr\u00f4nicos sem documenta\u00e7\u00e3o regular. Durante a fiscaliza\u00e7\u00e3o, os servidores encontraram cerca de 30 caixas com aproximadamente 1.500 celulares, bem como notebooks e outros dispositivos eletr\u00f4nicos variados, distribu\u00eddos pelo ba\u00fa frigor\u00edfico e pela cabine do ve\u00edculo, incluindo o compartimento de descanso e o maleiro superior.<\/p>\n\n\n\n<p>O motorista foi preso em flagrante por crime de descaminho e encaminhado \u00e0 Delegacia da Pol\u00edcia Federal em Foz do Igua\u00e7u. O caminh\u00e3o e a carga foram levados \u00e0 Alf\u00e2ndega da Receita Federal para os procedimentos administrativos.<\/p>\n\n\n\n<p>A Receita Federal atua firmemente na repress\u00e3o aos crimes transfronteiri\u00e7os, protegendo as fronteiras do Brasil contra o tr\u00e1fico de drogas, contrabando e descaminho. A institui\u00e7\u00e3o continua contribuindo para a seguran\u00e7a da sociedade e o fortalecimento da economia nacional. Den\u00fancias an\u00f4nimas podem ser feitas pelos n\u00fameros (45) 9 9134-0100 e (45) 9 9152-2036.<\/p>\n\n\n\n<p>Assessoria de Comunica\u00e7\u00e3o da Alf\u00e2ndega da Receita Federal em Foz do Igua\u00e7u<\/p>\n\n\n\n<figure class=\"wp-block-image size-large\"><img loading=\"lazy\" decoding=\"async\" width=\"1024\" height=\"768\" src=\"https:\/\/acontecenafronteira.com.br\/wp-content\/uploads\/2025\/10\/7e550722-63c6-429c-a4bb-1fa578039fa0-1024x768.jpg?v=1760371774\" alt=\"\" class=\"wp-image-26440\" srcset=\"https:\/\/acontecenafronteira.com.br\/wp-content\/uploads\/2025\/10\/7e550722-63c6-429c-a4bb-1fa578039fa0-1024x768.jpg?v=1760371774 1024w, https:\/\/acontecenafronteira.com.br\/wp-content\/uploads\/2025\/10\/7e550722-63c6-429c-a4bb-1fa578039fa0-300x225.jpg?v=1760371774 300w, https:\/\/acontecenafronteira.com.br\/wp-content\/uploads\/2025\/10\/7e550722-63c6-429c-a4bb-1fa578039fa0-768x576.jpg?v=1760371774 768w, https:\/\/acontecenafronteira.com.br\/wp-content\/uploads\/2025\/10\/7e550722-63c6-429c-a4bb-1fa578039fa0.jpg?v=1760371774 1280w\" sizes=\"auto, (max-width: 1024px) 100vw, 1024px\" \/><\/figure>\n\n\n\n<figure class=\"wp-block-video\"><video height=\"480\" style=\"aspect-ratio: 848 \/ 480;\" width=\"848\" controls src=\"https:\/\/acontecenafronteira.com.br\/wp-content\/uploads\/2025\/10\/WhatsApp-Video-2025-10-13-at-12.16.49-PM.mp4\"><\/video><\/figure>\n\n\n\n<figure class=\"wp-block-gallery has-nested-images columns-default is-cropped wp-block-gallery-1 is-layout-flex wp-block-gallery-is-layout-flex\">\n<figure class=\"wp-block-image size-large\"><img loading=\"lazy\" decoding=\"async\" width=\"1024\" height=\"768\" data-id=\"26475\" src=\"https:\/\/acontecenafronteira.com.br\/wp-content\/uploads\/2025\/10\/WhatsApp-Image-2025-10-13-at-3.23.40-PM-1024x768.jpeg?v=1760447547\" alt=\"\" class=\"wp-image-26475\" srcset=\"https:\/\/acontecenafronteira.com.br\/wp-content\/uploads\/2025\/10\/WhatsApp-Image-2025-10-13-at-3.23.40-PM-1024x768.jpeg?v=1760447547 1024w, https:\/\/acontecenafronteira.com.br\/wp-content\/uploads\/2025\/10\/WhatsApp-Image-2025-10-13-at-3.23.40-PM-300x225.jpeg?v=1760447547 300w, https:\/\/acontecenafronteira.com.br\/wp-content\/uploads\/2025\/10\/WhatsApp-Image-2025-10-13-at-3.23.40-PM-768x576.jpeg?v=1760447547 768w, https:\/\/acontecenafronteira.com.br\/wp-content\/uploads\/2025\/10\/WhatsApp-Image-2025-10-13-at-3.23.40-PM.jpeg?v=1760447547 1280w\" sizes=\"auto, (max-width: 1024px) 100vw, 1024px\" \/><\/figure>\n\n\n\n<figure class=\"wp-block-image size-large\"><img loading=\"lazy\" decoding=\"async\" width=\"1024\" height=\"768\" data-id=\"26476\" src=\"https:\/\/acontecenafronteira.com.br\/wp-content\/uploads\/2025\/10\/WhatsApp-Image-2025-10-13-at-3.23.53-PM-1024x768.jpeg?v=1760447548\" alt=\"\" class=\"wp-image-26476\" srcset=\"https:\/\/acontecenafronteira.com.br\/wp-content\/uploads\/2025\/10\/WhatsApp-Image-2025-10-13-at-3.23.53-PM-1024x768.jpeg?v=1760447548 1024w, https:\/\/acontecenafronteira.com.br\/wp-content\/uploads\/2025\/10\/WhatsApp-Image-2025-10-13-at-3.23.53-PM-300x225.jpeg?v=1760447548 300w, https:\/\/acontecenafronteira.com.br\/wp-content\/uploads\/2025\/10\/WhatsApp-Image-2025-10-13-at-3.23.53-PM-768x576.jpeg?v=1760447548 768w, https:\/\/acontecenafronteira.com.br\/wp-content\/uploads\/2025\/10\/WhatsApp-Image-2025-10-13-at-3.23.53-PM.jpeg?v=1760447548 1280w\" sizes=\"auto, (max-width: 1024px) 100vw, 1024px\" \/><\/figure>\n\n\n\n<figure class=\"wp-block-image size-large\"><img loading=\"lazy\" decoding=\"async\" width=\"1024\" height=\"576\" data-id=\"26477\" src=\"https:\/\/acontecenafronteira.com.br\/wp-content\/uploads\/2025\/10\/WhatsApp-Image-2025-10-13-at-3.28.38-PM-1024x576.jpeg?v=1760447548\" alt=\"\" class=\"wp-image-26477\" srcset=\"https:\/\/acontecenafronteira.com.br\/wp-content\/uploads\/2025\/10\/WhatsApp-Image-2025-10-13-at-3.28.38-PM-1024x576.jpeg?v=1760447548 1024w, https:\/\/acontecenafronteira.com.br\/wp-content\/uploads\/2025\/10\/WhatsApp-Image-2025-10-13-at-3.28.38-PM-300x169.jpeg?v=1760447548 300w, https:\/\/acontecenafronteira.com.br\/wp-content\/uploads\/2025\/10\/WhatsApp-Image-2025-10-13-at-3.28.38-PM-768x432.jpeg?v=1760447548 768w, https:\/\/acontecenafronteira.com.br\/wp-content\/uploads\/2025\/10\/WhatsApp-Image-2025-10-13-at-3.28.38-PM.jpeg?v=1760447548 1280w\" sizes=\"auto, (max-width: 1024px) 100vw, 1024px\" \/><\/figure>\n<\/figure>\n\n\n\n<figure class=\"wp-block-video\"><video height=\"848\" style=\"aspect-ratio: 480 \/ 848;\" width=\"480\" controls src=\"https:\/\/acontecenafronteira.com.br\/wp-content\/uploads\/2025\/10\/WhatsApp-Video-2025-10-13-at-3.30.52-PM.mp4\"><\/video><\/figure>\n","protected":false},"excerpt":{"rendered":"<p>Mais de 1.500 celulares e outros dispositivos estavam escondidos no ba\u00fa e na cabine de caminh\u00e3o em Medianeira No \u00faltimo domingo (12\/10), uma a\u00e7\u00e3o conjunta entre equipes da Receita Federal e da Pol\u00edcia Federal resultou na apreens\u00e3o de uma carga milion\u00e1ria de eletr\u00f4nicos, avaliada em aproximadamente R$1,5 milh\u00e3o. Os produtos estavam escondidos em meio a [&hellip;]<\/p>\n","protected":false},"author":2,"featured_media":26477,"comment_status":"open","ping_status":"open","sticky":false,"template":"","format":"standard","meta":{"om_disable_all_campaigns":false,"_monsterinsights_skip_tracking":false,"_monsterinsights_sitenote_active":false,"_monsterinsights_sitenote_note":"","_monsterinsights_sitenote_category":0,"footnotes":""},"categories":[26,4],"tags":[],"class_list":["post-26439","post","type-post","status-publish","format-standard","has-post-thumbnail","hentry","category-brasil","category-cidade"],"_links":{"self":[{"href":"https:\/\/acontecenafronteira.com.br\/index.php\/wp-json\/wp\/v2\/posts\/26439","targetHints":{"allow":["GET"]}}],"collection":[{"href":"https:\/\/acontecenafronteira.com.br\/index.php\/wp-json\/wp\/v2\/posts"}],"about":[{"href":"https:\/\/acontecenafronteira.com.br\/index.php\/wp-json\/wp\/v2\/types\/post"}],"author":[{"embeddable":true,"href":"https:\/\/acontecenafronteira.com.br\/index.php\/wp-json\/wp\/v2\/users\/2"}],"replies":[{"embeddable":true,"href":"https:\/\/acontecenafronteira.com.br\/index.php\/wp-json\/wp\/v2\/comments?post=26439"}],"version-history":[{"count":2,"href":"https:\/\/acontecenafronteira.com.br\/index.php\/wp-json\/wp\/v2\/posts\/26439\/revisions"}],"predecessor-version":[{"id":26479,"href":"https:\/\/acontecenafronteira.com.br\/index.php\/wp-json\/wp\/v2\/posts\/26439\/revisions\/26479"}],"wp:featuredmedia":[{"embeddable":true,"href":"https:\/\/acontecenafronteira.com.br\/index.php\/wp-json\/wp\/v2\/media\/26477"}],"wp:attachment":[{"href":"https:\/\/acontecenafronteira.com.br\/index.php\/wp-json\/wp\/v2\/media?parent=26439"}],"wp:term":[{"taxonomy":"category","embeddable":true,"href":"https:\/\/acontecenafronteira.com.br\/index.php\/wp-json\/wp\/v2\/categories?post=26439"},{"taxonomy":"post_tag","embeddable":true,"href":"https:\/\/acontecenafronteira.com.br\/index.php\/wp-json\/wp\/v2\/tags?post=26439"}],"curies":[{"name":"wp","href":"https:\/\/api.w.org\/{rel}","templated":true}]}}