{"id":26436,"date":"2025-10-13T13:08:11","date_gmt":"2025-10-13T16:08:11","guid":{"rendered":"https:\/\/acontecenafronteira.com.br\/?p=26436"},"modified":"2025-10-13T13:08:16","modified_gmt":"2025-10-13T16:08:16","slug":"inclusao-legislativo-aprova-sessoes-de-cinema-adaptadas-as-pessoas-com-tea","status":"publish","type":"post","link":"https:\/\/acontecenafronteira.com.br\/index.php\/2025\/10\/13\/inclusao-legislativo-aprova-sessoes-de-cinema-adaptadas-as-pessoas-com-tea\/","title":{"rendered":"Inclus\u00e3o: Legislativo aprova sess\u00f5es de cinema adaptadas \u00e0s pessoas com TEA"},"content":{"rendered":"\n<p>A C\u00e2mara Municipal de Foz do Igua\u00e7u aprovou um Projeto de Lei (46\/2025) que obriga as salas de cinema do munic\u00edpio a oferecer sess\u00f5es adaptadas para as pessoas com hipersensibilidade sensorial, como as diagnosticadas com TEA (Transtorno do Espectro Autista). A mat\u00e9ria foi aprovada em 1\u00aa e 2\u00aa discuss\u00f5es e ser\u00e1 encaminhada para san\u00e7\u00e3o do prefeito.<\/p>\n\n\n\n<p>De autoria do vereador Sidnei Prestes (Mobiliza), o projeto estabelece que as salas de cinema localizadas no Munic\u00edpio devem realizar, no m\u00ednimo, uma sess\u00e3o mensal adaptada para pessoas com hipersensibilidade sensorial, incluindo aquelas diagnosticadas com Transtorno do Espectro Autista (TEA) e outras condi\u00e7\u00f5es similares.<\/p>\n\n\n\n<p>O parlamentar explicou que, para milhares de fam\u00edlias, algumas medidas representam a diferen\u00e7a entre o isolamento e a inclus\u00e3o. Assistir um filme juntos, pais e filhos, \u00e9 o que o projeto prop\u00f5e.<\/p>\n\n\n\n<p>De acordo com o texto aprovado, as sess\u00f5es adaptadas dever\u00e3o atender os seguintes requisitos: volume reduzido do som em rela\u00e7\u00e3o \u00e0s exibi\u00e7\u00f5es convencionais, limitado a um n\u00edvel confort\u00e1vel para pessoas com hipersensibilidade auditiva; ilumina\u00e7\u00e3o ambiente suavemente reduzida, sem apagamento total da sala; aus\u00eancia de trailers e propagandas comerciais antes da exibi\u00e7\u00e3o do filme; permiss\u00e3o de circula\u00e7\u00e3o livre de espectadores durante a exibi\u00e7\u00e3o do filme; autoriza\u00e7\u00e3o para a entrada e consumo de alimentos pr\u00f3prios trazidos pelos espectadores, respeitando as normas sanit\u00e1rias; capacita\u00e7\u00e3o m\u00ednima dos funcion\u00e1rios do cinema para lidar com o p\u00fablico-alvo, garantindo acolhimento e suporte adequados; identifica\u00e7\u00e3o das sess\u00f5es adaptadas com o s\u00edmbolo mundial do espectro autista na entrada da sala de exibi\u00e7\u00e3o.<\/p>\n\n\n\n<p>O Projeto de Lei estabelece que os cinemas poder\u00e3o firmar parcerias com associa\u00e7\u00f5es e entidades representativas para a defini\u00e7\u00e3o de crit\u00e9rios t\u00e9cnicos e a adequa\u00e7\u00e3o das sess\u00f5es ao p\u00fablico beneficiado.<\/p>\n\n\n\n<p>Al\u00e9m disso, se sancionado, o descumprimento da norma poder\u00e1 resultar nas seguintes penalidades: advert\u00eancia, na primeira infra\u00e7\u00e3o; multa de 8 a 25 Unidades Fiscais de Foz do Igua\u00e7u \u2013 UFFI, em caso de reincid\u00eancia, considerando o porte do estabelecimento e as circunst\u00e2ncias da infra\u00e7\u00e3o; em caso de reincid\u00eancia cont\u00ednua, suspens\u00e3o do alvar\u00e1 de funcionamento por at\u00e9 30 dias.<\/p>\n","protected":false},"excerpt":{"rendered":"<p>A C\u00e2mara Municipal de Foz do Igua\u00e7u aprovou um Projeto de Lei (46\/2025) que obriga as salas de cinema do munic\u00edpio a oferecer sess\u00f5es adaptadas para as pessoas com hipersensibilidade sensorial, como as diagnosticadas com TEA (Transtorno do Espectro Autista). A mat\u00e9ria foi aprovada em 1\u00aa e 2\u00aa discuss\u00f5es e ser\u00e1 encaminhada para san\u00e7\u00e3o do [&hellip;]<\/p>\n","protected":false},"author":2,"featured_media":26437,"comment_status":"open","ping_status":"open","sticky":false,"template":"","format":"standard","meta":{"om_disable_all_campaigns":false,"_monsterinsights_skip_tracking":false,"_monsterinsights_sitenote_active":false,"_monsterinsights_sitenote_note":"","_monsterinsights_sitenote_category":0,"footnotes":""},"categories":[26,4,10],"tags":[],"class_list":["post-26436","post","type-post","status-publish","format-standard","has-post-thumbnail","hentry","category-brasil","category-cidade","category-saude"],"_links":{"self":[{"href":"https:\/\/acontecenafronteira.com.br\/index.php\/wp-json\/wp\/v2\/posts\/26436","targetHints":{"allow":["GET"]}}],"collection":[{"href":"https:\/\/acontecenafronteira.com.br\/index.php\/wp-json\/wp\/v2\/posts"}],"about":[{"href":"https:\/\/acontecenafronteira.com.br\/index.php\/wp-json\/wp\/v2\/types\/post"}],"author":[{"embeddable":true,"href":"https:\/\/acontecenafronteira.com.br\/index.php\/wp-json\/wp\/v2\/users\/2"}],"replies":[{"embeddable":true,"href":"https:\/\/acontecenafronteira.com.br\/index.php\/wp-json\/wp\/v2\/comments?post=26436"}],"version-history":[{"count":1,"href":"https:\/\/acontecenafronteira.com.br\/index.php\/wp-json\/wp\/v2\/posts\/26436\/revisions"}],"predecessor-version":[{"id":26438,"href":"https:\/\/acontecenafronteira.com.br\/index.php\/wp-json\/wp\/v2\/posts\/26436\/revisions\/26438"}],"wp:featuredmedia":[{"embeddable":true,"href":"https:\/\/acontecenafronteira.com.br\/index.php\/wp-json\/wp\/v2\/media\/26437"}],"wp:attachment":[{"href":"https:\/\/acontecenafronteira.com.br\/index.php\/wp-json\/wp\/v2\/media?parent=26436"}],"wp:term":[{"taxonomy":"category","embeddable":true,"href":"https:\/\/acontecenafronteira.com.br\/index.php\/wp-json\/wp\/v2\/categories?post=26436"},{"taxonomy":"post_tag","embeddable":true,"href":"https:\/\/acontecenafronteira.com.br\/index.php\/wp-json\/wp\/v2\/tags?post=26436"}],"curies":[{"name":"wp","href":"https:\/\/api.w.org\/{rel}","templated":true}]}}