{"id":26431,"date":"2025-10-12T16:51:40","date_gmt":"2025-10-12T19:51:40","guid":{"rendered":"https:\/\/acontecenafronteira.com.br\/?p=26431"},"modified":"2025-10-12T16:51:40","modified_gmt":"2025-10-12T19:51:40","slug":"itaipu-e-itaipu-parquetec-abrem-cadastro-de-profissionais-para-ministrar-oficinas-de-hortas-no-pr-e-sul-do-ms","status":"publish","type":"post","link":"https:\/\/acontecenafronteira.com.br\/index.php\/2025\/10\/12\/itaipu-e-itaipu-parquetec-abrem-cadastro-de-profissionais-para-ministrar-oficinas-de-hortas-no-pr-e-sul-do-ms\/","title":{"rendered":"Itaipu e Itaipu Parquetec abrem cadastro de profissionais para ministrar oficinas de hortas no PR e sul do MS"},"content":{"rendered":"\n<p>Fotos: William Brisida\/Itaipu Binacional<br><\/p>\n\n\n\n<p><em>Prestadores de servi\u00e7o podem enviar propostas at\u00e9 24 de outubro, conforme instru\u00e7\u00f5es dispon\u00edveis no Portal de Compras do Itaipu Parquetec<\/em><\/p>\n\n\n\n<p>A Itaipu Binacional, o Itaipu Parquetec e o Conselho de Desenvolvimento dos Munic\u00edpios Lindeiros ao Lago de Itaipu abriram cadastro para oficineiros especializados em hortas urbanas e educativas, que ir\u00e3o atuar em 434 munic\u00edpios do Paran\u00e1 e do sul do Mato Grosso do Sul. A iniciativa integra as a\u00e7\u00f5es dos N\u00facleos de Coopera\u00e7\u00e3o Socioambiental, dentro do projeto Governan\u00e7a Participativa, que promovem pr\u00e1ticas sustent\u00e1veis e o fortalecimento comunit\u00e1rio nos territ\u00f3rios.<br>Os profissionais selecionados ser\u00e3o respons\u00e1veis por ministrar oficinas pr\u00e1ticas, orientar os participantes na implanta\u00e7\u00e3o e manuten\u00e7\u00e3o dos espa\u00e7os de cultivo e incentivar a troca de saberes e experi\u00eancias entre os grupos envolvidos.<br>Podem se candidatar profissionais com forma\u00e7\u00e3o t\u00e9cnica agr\u00edcola ou em \u00e1rea correlata, comprovada por certificado ou diploma; experi\u00eancia comprovada na implanta\u00e7\u00e3o de hortas e em atividades de ensino; atestado de capacidade t\u00e9cnica emitido por institui\u00e7\u00e3o p\u00fablica ou privada, comprovando a execu\u00e7\u00e3o de servi\u00e7os semelhantes nos \u00faltimos 24 meses; e viv\u00eancia pr\u00e9via com agricultura familiar ou projetos coletivos.<\/p>\n\n\n\n<p><strong>Prazo e envio das propostas<\/strong><br>Os interessados t\u00eam at\u00e9 o dia 24 de outubro para enviar a proposta de participa\u00e7\u00e3o. Os documentos e instru\u00e7\u00f5es est\u00e3o dispon\u00edveis no Portal de Compras do Itaipu Parquetec (<a href=\"https:\/\/portaldecompras.itaipuparquetec.org.br\/#\/publicacoes\/avisos-cotacoes\">https:\/\/portaldecompras.itaipuparquetec.org.br\/#\/publicacoes\/avisos-cotacoes<\/a>), no chamado N\u00ba 2510060036.<br>\u00c9 necess\u00e1rio preencher o documento \u201c03.2 \u2013 Planilha para Apresenta\u00e7\u00e3o de Propostas\u201d e envi\u00e1-lo para o e-mail kelson.trento@itaipuparquetec.org.br. As inscri\u00e7\u00f5es formar\u00e3o um banco de prestadores de servi\u00e7o por N\u00facleo, permitindo que, conforme a demanda surja, os profissionais previamente aprovados sejam acionados. Ap\u00f3s a sele\u00e7\u00e3o, cada oficineiro ficar\u00e1 vinculado ao territ\u00f3rio escolhido e ser\u00e1 convocado sempre que houver necessidade na regi\u00e3o.<\/p>\n\n\n\n<figure class=\"wp-block-image size-full\"><img loading=\"lazy\" decoding=\"async\" width=\"1024\" height=\"768\" src=\"https:\/\/acontecenafronteira.com.br\/wp-content\/uploads\/2025\/10\/WhatsApp-Image-2025-10-09-at-09.58.09-1024x768-1.jpeg?v=1760298639\" alt=\"\" class=\"wp-image-26432\" srcset=\"https:\/\/acontecenafronteira.com.br\/wp-content\/uploads\/2025\/10\/WhatsApp-Image-2025-10-09-at-09.58.09-1024x768-1.jpeg?v=1760298639 1024w, https:\/\/acontecenafronteira.com.br\/wp-content\/uploads\/2025\/10\/WhatsApp-Image-2025-10-09-at-09.58.09-1024x768-1-300x225.jpeg?v=1760298639 300w, https:\/\/acontecenafronteira.com.br\/wp-content\/uploads\/2025\/10\/WhatsApp-Image-2025-10-09-at-09.58.09-1024x768-1-768x576.jpeg?v=1760298639 768w\" sizes=\"auto, (max-width: 1024px) 100vw, 1024px\" \/><\/figure>\n\n\n\n<p>Produ\u00e7\u00e3o de hortali\u00e7as org\u00e2nicas. Foto: Lucas Mateus Hass<br><\/p>\n\n\n\n<p><strong>Sobre as oficinas<\/strong><br>As hortas urbanas e educativas poder\u00e3o ser implantadas de forma tradicional, em canteiros no solo, ou no modelo mandala, estrutura circular inspirada na permacultura. Os espa\u00e7os ter\u00e3o entre 15 e 30 metros quadrados, destinados ao cultivo de hortali\u00e7as, legumes, ervas arom\u00e1ticas, medicinais e PANCs (Plantas Aliment\u00edcias N\u00e3o Convencionais).<br>O p\u00fablico-alvo das oficinas inclui professores de escolas municipais e col\u00e9gios estaduais, l\u00edderes comunit\u00e1rios e demais interessados. Cada oficina ter\u00e1 dura\u00e7\u00e3o de at\u00e9 oito horas, com turmas de at\u00e9 20 participantes, e contar\u00e1 com 15 dias de acompanhamento t\u00e9cnico do oficineiro respons\u00e1vel para orienta\u00e7\u00f5es sobre manuten\u00e7\u00e3o e boas pr\u00e1ticas de cultivo.<\/p>\n\n\n\n<p><strong>Sobre os N\u00facleos<\/strong><br>Criados em 2024 no \u00e2mbito do programa Itaipu Mais que Energia, os 21 N\u00facleos de Coopera\u00e7\u00e3o Socioambiental fazem parte de uma iniciativa alinhada \u00e0s estrat\u00e9gias do Governo do Brasil voltadas ao meio ambiente e \u00e0 transforma\u00e7\u00e3o social. A a\u00e7\u00e3o, coordenada em parceria pela Itaipu Binacional e pelo Itaipu Parquetec, abrange os 399 munic\u00edpios do Paran\u00e1 e 35 do sul do Mato Grosso do Sul, regi\u00e3o priorit\u00e1ria da usina.<br>Os N\u00facleos funcionam como espa\u00e7os de escuta ativa, forma\u00e7\u00e3o e educa\u00e7\u00e3o, baseados na metodologia da governan\u00e7a participativa. O objetivo \u00e9 mobilizar coletivamente as institui\u00e7\u00f5es parceiras para melhorar a qualidade de vida e promover um futuro sustent\u00e1vel nas comunidades.<\/p>\n","protected":false},"excerpt":{"rendered":"<p>Fotos: William Brisida\/Itaipu Binacional Prestadores de servi\u00e7o podem enviar propostas at\u00e9 24 de outubro, conforme instru\u00e7\u00f5es dispon\u00edveis no Portal de Compras do Itaipu Parquetec A Itaipu Binacional, o Itaipu Parquetec e o Conselho de Desenvolvimento dos Munic\u00edpios Lindeiros ao Lago de Itaipu abriram cadastro para oficineiros especializados em hortas urbanas e educativas, que ir\u00e3o atuar [&hellip;]<\/p>\n","protected":false},"author":2,"featured_media":26433,"comment_status":"open","ping_status":"open","sticky":false,"template":"","format":"standard","meta":{"om_disable_all_campaigns":false,"_monsterinsights_skip_tracking":false,"_monsterinsights_sitenote_active":false,"_monsterinsights_sitenote_note":"","_monsterinsights_sitenote_category":0,"footnotes":""},"categories":[26,4,11],"tags":[],"class_list":["post-26431","post","type-post","status-publish","format-standard","has-post-thumbnail","hentry","category-brasil","category-cidade","category-itaipu"],"_links":{"self":[{"href":"https:\/\/acontecenafronteira.com.br\/index.php\/wp-json\/wp\/v2\/posts\/26431","targetHints":{"allow":["GET"]}}],"collection":[{"href":"https:\/\/acontecenafronteira.com.br\/index.php\/wp-json\/wp\/v2\/posts"}],"about":[{"href":"https:\/\/acontecenafronteira.com.br\/index.php\/wp-json\/wp\/v2\/types\/post"}],"author":[{"embeddable":true,"href":"https:\/\/acontecenafronteira.com.br\/index.php\/wp-json\/wp\/v2\/users\/2"}],"replies":[{"embeddable":true,"href":"https:\/\/acontecenafronteira.com.br\/index.php\/wp-json\/wp\/v2\/comments?post=26431"}],"version-history":[{"count":1,"href":"https:\/\/acontecenafronteira.com.br\/index.php\/wp-json\/wp\/v2\/posts\/26431\/revisions"}],"predecessor-version":[{"id":26434,"href":"https:\/\/acontecenafronteira.com.br\/index.php\/wp-json\/wp\/v2\/posts\/26431\/revisions\/26434"}],"wp:featuredmedia":[{"embeddable":true,"href":"https:\/\/acontecenafronteira.com.br\/index.php\/wp-json\/wp\/v2\/media\/26433"}],"wp:attachment":[{"href":"https:\/\/acontecenafronteira.com.br\/index.php\/wp-json\/wp\/v2\/media?parent=26431"}],"wp:term":[{"taxonomy":"category","embeddable":true,"href":"https:\/\/acontecenafronteira.com.br\/index.php\/wp-json\/wp\/v2\/categories?post=26431"},{"taxonomy":"post_tag","embeddable":true,"href":"https:\/\/acontecenafronteira.com.br\/index.php\/wp-json\/wp\/v2\/tags?post=26431"}],"curies":[{"name":"wp","href":"https:\/\/api.w.org\/{rel}","templated":true}]}}