{"id":26428,"date":"2025-10-12T16:19:13","date_gmt":"2025-10-12T19:19:13","guid":{"rendered":"https:\/\/acontecenafronteira.com.br\/?p=26428"},"modified":"2025-10-12T16:19:14","modified_gmt":"2025-10-12T19:19:14","slug":"homem-e-preso-apos-mostrar-partes-intimas-para-vereadora","status":"publish","type":"post","link":"https:\/\/acontecenafronteira.com.br\/index.php\/2025\/10\/12\/homem-e-preso-apos-mostrar-partes-intimas-para-vereadora\/","title":{"rendered":"Homem \u00e9 preso ap\u00f3s mostrar partes \u00cdntimas para vereadora"},"content":{"rendered":"\n<p><strong><em>Fato ocorreu na noite de s\u00e1bado por volta das 19:30 na \u00e1rea central de Foz<\/em><\/strong><\/p>\n\n\n\n<p>Conforme relado da solicitante, Vereadora de Foz do Igua\u00e7u, que momentos antes, o homem  identificados pelas iniciais A.F., estava em frente \u00e1 sua residencia de posse de uma faca, deferindo amea\u00e7as contra ela, al\u00e9m de utilizar palavras de baixo cal\u00e3o, tentando causar danos no port\u00e3o do pr\u00e9dio. <\/p>\n\n\n\n<blockquote class=\"wp-block-quote is-layout-flow wp-block-quote-is-layout-flow\">\n<p>O agressor tamb\u00e9m baixou as cal\u00e7as, mostrando as partes intimas para a solicitante e outras pessoas que estavam presentes no local, tamb\u00e9m registrado por cameras de vigil\u00e2ncia do pr\u00e9dio.<\/p>\n<\/blockquote>\n\n\n\n<p>Ao chegar ao local, a equipe da for\u00e7a de seguran\u00e7a encontrou o agressor visivelmente descontrolado, aparentando ter feito uso de substancias psicotr\u00f3picas, estando no quintal de uma resid\u00eancia, proferindo xingamentos e amea\u00e7as \u00e1 equipe, que adentrou ao quintal e realizou a denten\u00e7\u00e3o do individuo com uso de algemas, para resguardar a integridade do agressor, da equipe e demais envolvidos, sendo todos os envolvidos apresentados na delegacia para provid\u00eacias cab\u00edveis.<\/p>\n\n\n\n<p>Resta agora saber o que causou a f\u00faria do cidad\u00e3o.<\/p>\n\n\n\n<p> <\/p>\n\n\n\n<p>Imagem Ilustrativa<\/p>\n","protected":false},"excerpt":{"rendered":"<p>Fato ocorreu na noite de s\u00e1bado por volta das 19:30 na \u00e1rea central de Foz Conforme relado da solicitante, Vereadora de Foz do Igua\u00e7u, que momentos antes, o homem identificados pelas iniciais A.F., estava em frente \u00e1 sua residencia de posse de uma faca, deferindo amea\u00e7as contra ela, al\u00e9m de utilizar palavras de baixo cal\u00e3o, [&hellip;]<\/p>\n","protected":false},"author":2,"featured_media":26429,"comment_status":"open","ping_status":"open","sticky":false,"template":"","format":"standard","meta":{"om_disable_all_campaigns":false,"_monsterinsights_skip_tracking":false,"_monsterinsights_sitenote_active":false,"_monsterinsights_sitenote_note":"","_monsterinsights_sitenote_category":0,"footnotes":""},"categories":[26,4,5,19],"tags":[],"class_list":["post-26428","post","type-post","status-publish","format-standard","has-post-thumbnail","hentry","category-brasil","category-cidade","category-policia","category-politica"],"_links":{"self":[{"href":"https:\/\/acontecenafronteira.com.br\/index.php\/wp-json\/wp\/v2\/posts\/26428","targetHints":{"allow":["GET"]}}],"collection":[{"href":"https:\/\/acontecenafronteira.com.br\/index.php\/wp-json\/wp\/v2\/posts"}],"about":[{"href":"https:\/\/acontecenafronteira.com.br\/index.php\/wp-json\/wp\/v2\/types\/post"}],"author":[{"embeddable":true,"href":"https:\/\/acontecenafronteira.com.br\/index.php\/wp-json\/wp\/v2\/users\/2"}],"replies":[{"embeddable":true,"href":"https:\/\/acontecenafronteira.com.br\/index.php\/wp-json\/wp\/v2\/comments?post=26428"}],"version-history":[{"count":1,"href":"https:\/\/acontecenafronteira.com.br\/index.php\/wp-json\/wp\/v2\/posts\/26428\/revisions"}],"predecessor-version":[{"id":26430,"href":"https:\/\/acontecenafronteira.com.br\/index.php\/wp-json\/wp\/v2\/posts\/26428\/revisions\/26430"}],"wp:featuredmedia":[{"embeddable":true,"href":"https:\/\/acontecenafronteira.com.br\/index.php\/wp-json\/wp\/v2\/media\/26429"}],"wp:attachment":[{"href":"https:\/\/acontecenafronteira.com.br\/index.php\/wp-json\/wp\/v2\/media?parent=26428"}],"wp:term":[{"taxonomy":"category","embeddable":true,"href":"https:\/\/acontecenafronteira.com.br\/index.php\/wp-json\/wp\/v2\/categories?post=26428"},{"taxonomy":"post_tag","embeddable":true,"href":"https:\/\/acontecenafronteira.com.br\/index.php\/wp-json\/wp\/v2\/tags?post=26428"}],"curies":[{"name":"wp","href":"https:\/\/api.w.org\/{rel}","templated":true}]}}