{"id":26422,"date":"2025-10-12T15:57:22","date_gmt":"2025-10-12T18:57:22","guid":{"rendered":"https:\/\/acontecenafronteira.com.br\/?p=26422"},"modified":"2025-10-12T15:57:24","modified_gmt":"2025-10-12T18:57:24","slug":"homem-incendeia-apartamento-em-predio-de-ciudad-del-este-deixando-quatro-mortos","status":"publish","type":"post","link":"https:\/\/acontecenafronteira.com.br\/index.php\/2025\/10\/12\/homem-incendeia-apartamento-em-predio-de-ciudad-del-este-deixando-quatro-mortos\/","title":{"rendered":"Homem incendeia apartamento em pr\u00e9dio de Ciudad del Este, deixando quatro mortos"},"content":{"rendered":"\n<p><strong><em>Conforme a Pol\u00edcia Nacional, v\u00edtimas foram esfaqueadas e o fogo foi intencional; suposto autor morreu ap\u00f3s pular do 15o. andar do pr\u00e9dio.<br><\/em><\/strong><\/p>\n\n\n\n<p>Conforme os relatos recebidos pela imprensa do Paraguai, sete pessoas estavam em  apartamento no centro de Ciudad del Este, em um edificio habitado em sua maioria por comerciantes de origem Asi\u00e1tica. <\/p>\n\n\n\n<p>A trag\u00e9dia teria acontecido ap\u00f3s um desentendimento entre ocupantes do apartamento, quando um dos homes em posse de uma faca, teria agredido os demais. Na sequencia, o agressor teria trancado o apartamento, aberto dois botij\u00f5es de gaz e provocando incendio no interior do mesmo.<\/p>\n\n\n\n<p>Segundo investiga\u00e7\u00f5es, o crime foi cometido por um jovem de 25 anos,\u00a0encarregado do dep\u00f3sito de uma empresa\u00a0especializada na venda de celulares. Testemunhas relataram que o jovem havia sido\u00a0informado sobre sua demiss\u00e3o\u00a0ap\u00f3s a empresa detectar o\u00a0desaparecimento de um lote de celulares, o que teria provocado uma\u00a0discuss\u00e3o acalorada com o gerente\u00a0da firma.<\/p>\n\n\n\n<p>Dos quatro \u00f3bitos, tr\u00eas apresentavam ferimentos de faca, a quarta v\u00edtima era o pr\u00f3prio agressor. Que pulou do pr\u00e9dio, caindo sobre o telhado de uma banca na Avenida Carlos Antonio Lopes. <\/p>\n\n\n\n<p>Entre os sobreviventes est\u00e3o uma mulher que teve\u00a0ferimentos no ombro e no rosto, e seu esposo, que sofreu cortes no bra\u00e7o. A mulher conseguiu\u00a0refugiar-se com a filha de quatro anos no banheiro, o que salvou suas vidas. Ambos seguem internados em uma unidade hospitalar, em estado est\u00e1vel.<\/p>\n\n\n\n<p>O ocorrido teve acompanhamento dos bombeiros de Paraguai e agentes do Minist\u00e9rio P\u00fablico para registro da ocorr\u00eancia. Os corpos das v\u00edtimas foram recolhos para por per\u00edcia da Criminal\u00edstica. Preliminarmente ficou constatado, n\u00e3o haver registro de danos estruturais no edif\u00edcio.<\/p>\n\n\n\n<figure class=\"wp-block-image size-large\"><img loading=\"lazy\" decoding=\"async\" width=\"1024\" height=\"557\" src=\"https:\/\/acontecenafronteira.com.br\/wp-content\/uploads\/2025\/10\/121025-incendio-paraguai.jpg-1024x557.webp\" alt=\"\" class=\"wp-image-26423\" srcset=\"https:\/\/acontecenafronteira.com.br\/wp-content\/uploads\/2025\/10\/121025-incendio-paraguai.jpg-1024x557.webp 1024w, https:\/\/acontecenafronteira.com.br\/wp-content\/uploads\/2025\/10\/121025-incendio-paraguai.jpg-300x163.webp 300w, https:\/\/acontecenafronteira.com.br\/wp-content\/uploads\/2025\/10\/121025-incendio-paraguai.jpg-768x418.webp 768w, https:\/\/acontecenafronteira.com.br\/wp-content\/uploads\/2025\/10\/121025-incendio-paraguai.jpg.webp 1250w\" sizes=\"auto, (max-width: 1024px) 100vw, 1024px\" \/><\/figure>\n\n\n\n<figure class=\"wp-block-image size-full\"><img loading=\"lazy\" decoding=\"async\" width=\"760\" height=\"442\" src=\"https:\/\/acontecenafronteira.com.br\/wp-content\/uploads\/2025\/10\/cde.png?v=1760295046\" alt=\"\" class=\"wp-image-26424\" srcset=\"https:\/\/acontecenafronteira.com.br\/wp-content\/uploads\/2025\/10\/cde.png?v=1760295046 760w, https:\/\/acontecenafronteira.com.br\/wp-content\/uploads\/2025\/10\/cde-300x174.png?v=1760295046 300w\" sizes=\"auto, (max-width: 760px) 100vw, 760px\" \/><\/figure>\n\n\n\n<figure class=\"wp-block-image size-large\"><img loading=\"lazy\" decoding=\"async\" width=\"1024\" height=\"840\" src=\"https:\/\/acontecenafronteira.com.br\/wp-content\/uploads\/2025\/10\/WhatsApp-Image-2025-10-12-at-3.54.14-PM-1024x840.jpeg?v=1760295408\" alt=\"\" class=\"wp-image-26425\" srcset=\"https:\/\/acontecenafronteira.com.br\/wp-content\/uploads\/2025\/10\/WhatsApp-Image-2025-10-12-at-3.54.14-PM-1024x840.jpeg?v=1760295408 1024w, https:\/\/acontecenafronteira.com.br\/wp-content\/uploads\/2025\/10\/WhatsApp-Image-2025-10-12-at-3.54.14-PM-300x246.jpeg?v=1760295408 300w, https:\/\/acontecenafronteira.com.br\/wp-content\/uploads\/2025\/10\/WhatsApp-Image-2025-10-12-at-3.54.14-PM-768x630.jpeg?v=1760295408 768w, https:\/\/acontecenafronteira.com.br\/wp-content\/uploads\/2025\/10\/WhatsApp-Image-2025-10-12-at-3.54.14-PM.jpeg?v=1760295408 1080w\" sizes=\"auto, (max-width: 1024px) 100vw, 1024px\" \/><\/figure>\n","protected":false},"excerpt":{"rendered":"<p>Conforme a Pol\u00edcia Nacional, v\u00edtimas foram esfaqueadas e o fogo foi intencional; suposto autor morreu ap\u00f3s pular do 15o. andar do pr\u00e9dio. Conforme os relatos recebidos pela imprensa do Paraguai, sete pessoas estavam em apartamento no centro de Ciudad del Este, em um edificio habitado em sua maioria por comerciantes de origem Asi\u00e1tica. A trag\u00e9dia [&hellip;]<\/p>\n","protected":false},"author":2,"featured_media":26426,"comment_status":"open","ping_status":"open","sticky":false,"template":"","format":"standard","meta":{"om_disable_all_campaigns":false,"_monsterinsights_skip_tracking":false,"_monsterinsights_sitenote_active":false,"_monsterinsights_sitenote_note":"","_monsterinsights_sitenote_category":0,"footnotes":""},"categories":[4,5],"tags":[],"class_list":["post-26422","post","type-post","status-publish","format-standard","has-post-thumbnail","hentry","category-cidade","category-policia"],"_links":{"self":[{"href":"https:\/\/acontecenafronteira.com.br\/index.php\/wp-json\/wp\/v2\/posts\/26422","targetHints":{"allow":["GET"]}}],"collection":[{"href":"https:\/\/acontecenafronteira.com.br\/index.php\/wp-json\/wp\/v2\/posts"}],"about":[{"href":"https:\/\/acontecenafronteira.com.br\/index.php\/wp-json\/wp\/v2\/types\/post"}],"author":[{"embeddable":true,"href":"https:\/\/acontecenafronteira.com.br\/index.php\/wp-json\/wp\/v2\/users\/2"}],"replies":[{"embeddable":true,"href":"https:\/\/acontecenafronteira.com.br\/index.php\/wp-json\/wp\/v2\/comments?post=26422"}],"version-history":[{"count":1,"href":"https:\/\/acontecenafronteira.com.br\/index.php\/wp-json\/wp\/v2\/posts\/26422\/revisions"}],"predecessor-version":[{"id":26427,"href":"https:\/\/acontecenafronteira.com.br\/index.php\/wp-json\/wp\/v2\/posts\/26422\/revisions\/26427"}],"wp:featuredmedia":[{"embeddable":true,"href":"https:\/\/acontecenafronteira.com.br\/index.php\/wp-json\/wp\/v2\/media\/26426"}],"wp:attachment":[{"href":"https:\/\/acontecenafronteira.com.br\/index.php\/wp-json\/wp\/v2\/media?parent=26422"}],"wp:term":[{"taxonomy":"category","embeddable":true,"href":"https:\/\/acontecenafronteira.com.br\/index.php\/wp-json\/wp\/v2\/categories?post=26422"},{"taxonomy":"post_tag","embeddable":true,"href":"https:\/\/acontecenafronteira.com.br\/index.php\/wp-json\/wp\/v2\/tags?post=26422"}],"curies":[{"name":"wp","href":"https:\/\/api.w.org\/{rel}","templated":true}]}}