{"id":26414,"date":"2025-10-11T18:21:40","date_gmt":"2025-10-11T21:21:40","guid":{"rendered":"https:\/\/acontecenafronteira.com.br\/?p=26414"},"modified":"2025-10-11T18:21:41","modified_gmt":"2025-10-11T21:21:41","slug":"acao-de-zeladoria-na-regiao-do-bubas","status":"publish","type":"post","link":"https:\/\/acontecenafronteira.com.br\/index.php\/2025\/10\/11\/acao-de-zeladoria-na-regiao-do-bubas\/","title":{"rendered":"A\u00e7\u00e3o de Zeladoria na regi\u00e3o do Bubas"},"content":{"rendered":"\n<p><strong><em>Trabalhos ser\u00e3o realizados at\u00e9 a semana que vem, atendendo demandas da pr\u00f3pria comunidade<\/em><\/strong><\/p>\n\n\n\n<p>Nesta sexta-feira, 10 de outubro, Foz do Igua\u00e7u deu in\u00edcio a um importante mutir\u00e3o de limpeza na regi\u00e3o do Bubas, no Porto Meira. Essas a\u00e7\u00f5es de zeladoria s\u00e3o consideradas prioridade da atual gest\u00e3o e s\u00e3o resultado de uma colabora\u00e7\u00e3o entre diversas secretarias municipais, incluindo Meio Ambiente, Obras, Assist\u00eancia Social e Seguran\u00e7a. O objetivo \u00e9 revitalizar e embelezar a \u00e1rea, promovendo um ambiente mais digno aos moradores.<br>Durante a primeira etapa do mutir\u00e3o, equipes j\u00e1 iniciaram a remo\u00e7\u00e3o de entulhos que haviam sido acumulados na regi\u00e3o. Ca\u00e7ambas foram disponibilizadas ao longo da semana para facilitar a coleta de res\u00edduos. Um dos pontos focais da limpeza \u00e9 a manuten\u00e7\u00e3o das valas, especialmente na Rua das D\u00e1lias, onde j\u00e1 h\u00e1 trabalhos sendo realizados h\u00e1 alguns dias. Na manh\u00e3 desta sexta, o prefeito, General Silva e Luna, esteve na regi\u00e3o acompanhando os trabalhos, assim como o in\u00edcio das obras da UBS na regi\u00e3o do Bubas; o local j\u00e1 foi demarcado.<br>Al\u00e9m da limpeza, o projeto inclui o plantio de \u00e1rvores nativas na pra\u00e7a central, contribuindo para a preserva\u00e7\u00e3o ambiental. A ro\u00e7ada e a limpeza geral est\u00e3o programadas para continuar ao longo da pr\u00f3xima semana, com o compromisso de deixar o bairro limpo e adequadamente cuidado.<br>Pet Day e Conscientiza\u00e7\u00e3o<br>Neste s\u00e1bado, 10 de outubro, o mutir\u00e3o tamb\u00e9m contar\u00e1 com o &#8220;Pet Day&#8221;, onde uma unidade m\u00f3vel estar\u00e1 dispon\u00edvel no centro de conviv\u00eancia do bairro.<br>A organiza\u00e7\u00e3o \u00e9 da Secretaria de Meio Ambiente &#8211; Diretoria de Bem-Estar Animal (DIBA). A inten\u00e7\u00e3o do evento \u00e9 conscientizar e orientar os moradores em rela\u00e7\u00e3o aos cuidados adequados para promover o bem-estar animal.<\/p>\n\n\n\n<p>O Pet Day vai contar com institui\u00e7\u00f5es parceiras para uma s\u00e9rie de a\u00e7\u00f5es e brincadeiras educativas, entre elas:<\/p>\n\n\n\n<ul class=\"wp-block-list\">\n<li>microchipagem de animais;<\/li>\n\n\n\n<li>o Centro de Controle de Zoonoses, que far\u00e1 a orienta\u00e7\u00e3o sobre a esporotricose, doen\u00e7a f\u00fangica que atinge os animais;<\/li>\n\n\n\n<li>Funda\u00e7\u00e3o Cultural, com atividades l\u00fadicas para crian\u00e7as, com foco na causa e sensibiliza\u00e7\u00e3o;<\/li>\n\n\n\n<li>o Sistema de Ensino Profissionalizante (SIEP), que far\u00e1 a higieniza\u00e7\u00e3o de pets;<\/li>\n\n\n\n<li>a Pol\u00edcia Militar, com a apresenta\u00e7\u00e3o de c\u00e3es adestrados;<\/li>\n\n\n\n<li>o Conselho Municipal de Prote\u00e7\u00e3o e Defesa Animal, com orienta\u00e7\u00f5es sobre ado\u00e7\u00e3o respons\u00e1vel e cuidado com os pets;<\/li>\n\n\n\n<li>Sanepar e Uniam\u00e9rica, com apoio das atividades.<\/li>\n<\/ul>\n\n\n\n<p>Pr\u00f3xima Etapa<br>No dia 19 de outubro, uma nova a\u00e7\u00e3o est\u00e1 programada para a Avenida Brasil. A limpeza geral ocorrer\u00e1 em um domingo, quando o movimento de pessoas \u00e9 mais tranquilo. As atividades incluir\u00e3o poda de \u00e1rvores, lavagem do cal\u00e7ad\u00e3o, pintura de meios-fios e desobstru\u00e7\u00e3o de bueiros, tudo com o intuito de embelezar ainda mais a avenida.<\/p>\n","protected":false},"excerpt":{"rendered":"<p>Trabalhos ser\u00e3o realizados at\u00e9 a semana que vem, atendendo demandas da pr\u00f3pria comunidade Nesta sexta-feira, 10 de outubro, Foz do Igua\u00e7u deu in\u00edcio a um importante mutir\u00e3o de limpeza na regi\u00e3o do Bubas, no Porto Meira. Essas a\u00e7\u00f5es de zeladoria s\u00e3o consideradas prioridade da atual gest\u00e3o e s\u00e3o resultado de uma colabora\u00e7\u00e3o entre diversas secretarias [&hellip;]<\/p>\n","protected":false},"author":2,"featured_media":26415,"comment_status":"open","ping_status":"open","sticky":false,"template":"","format":"standard","meta":{"om_disable_all_campaigns":false,"_monsterinsights_skip_tracking":false,"_monsterinsights_sitenote_active":false,"_monsterinsights_sitenote_note":"","_monsterinsights_sitenote_category":0,"footnotes":""},"categories":[26,4],"tags":[],"class_list":["post-26414","post","type-post","status-publish","format-standard","has-post-thumbnail","hentry","category-brasil","category-cidade"],"_links":{"self":[{"href":"https:\/\/acontecenafronteira.com.br\/index.php\/wp-json\/wp\/v2\/posts\/26414","targetHints":{"allow":["GET"]}}],"collection":[{"href":"https:\/\/acontecenafronteira.com.br\/index.php\/wp-json\/wp\/v2\/posts"}],"about":[{"href":"https:\/\/acontecenafronteira.com.br\/index.php\/wp-json\/wp\/v2\/types\/post"}],"author":[{"embeddable":true,"href":"https:\/\/acontecenafronteira.com.br\/index.php\/wp-json\/wp\/v2\/users\/2"}],"replies":[{"embeddable":true,"href":"https:\/\/acontecenafronteira.com.br\/index.php\/wp-json\/wp\/v2\/comments?post=26414"}],"version-history":[{"count":1,"href":"https:\/\/acontecenafronteira.com.br\/index.php\/wp-json\/wp\/v2\/posts\/26414\/revisions"}],"predecessor-version":[{"id":26416,"href":"https:\/\/acontecenafronteira.com.br\/index.php\/wp-json\/wp\/v2\/posts\/26414\/revisions\/26416"}],"wp:featuredmedia":[{"embeddable":true,"href":"https:\/\/acontecenafronteira.com.br\/index.php\/wp-json\/wp\/v2\/media\/26415"}],"wp:attachment":[{"href":"https:\/\/acontecenafronteira.com.br\/index.php\/wp-json\/wp\/v2\/media?parent=26414"}],"wp:term":[{"taxonomy":"category","embeddable":true,"href":"https:\/\/acontecenafronteira.com.br\/index.php\/wp-json\/wp\/v2\/categories?post=26414"},{"taxonomy":"post_tag","embeddable":true,"href":"https:\/\/acontecenafronteira.com.br\/index.php\/wp-json\/wp\/v2\/tags?post=26414"}],"curies":[{"name":"wp","href":"https:\/\/api.w.org\/{rel}","templated":true}]}}