{"id":26412,"date":"2025-10-11T18:20:52","date_gmt":"2025-10-11T21:20:52","guid":{"rendered":"https:\/\/acontecenafronteira.com.br\/?p=26412"},"modified":"2025-10-11T18:20:53","modified_gmt":"2025-10-11T21:20:53","slug":"prefeitura-de-foz-lanca-taxas-de-funcionamento-publicidade-e-vigilancia-sanitaria-para-o-exercicio-de-2025","status":"publish","type":"post","link":"https:\/\/acontecenafronteira.com.br\/index.php\/2025\/10\/11\/prefeitura-de-foz-lanca-taxas-de-funcionamento-publicidade-e-vigilancia-sanitaria-para-o-exercicio-de-2025\/","title":{"rendered":"Prefeitura de Foz lan\u00e7a taxas de funcionamento, publicidade e vigil\u00e2ncia sanit\u00e1ria para o exerc\u00edcio de 2025"},"content":{"rendered":"\n<p><strong><em>Editais foram publicados no Di\u00e1rio Oficial do Munic\u00edpio desta sexta-feira (10)<\/em><\/strong><\/p>\n\n\n\n<p>A Prefeitura de Foz do Igua\u00e7u, por meio da Secretaria Municipal de Finan\u00e7as e Or\u00e7amento, publicou nesta sexta-feira (10) os Editais n\u00ba 478\/2025 e n\u00ba 479\/2025, que tratam do lan\u00e7amento das taxas municipais de Verifica\u00e7\u00e3o de Regular Funcionamento, Licen\u00e7a para Propaganda e Publicidade, Vigil\u00e2ncia Sanit\u00e1ria e Licen\u00e7a para Localiza\u00e7\u00e3o e Funcionamento aos Domic\u00edlios Tribut\u00e1rios, referentes ao exerc\u00edcio de 2025.<\/p>\n\n\n\n<p>Os valores foram calculados com base nas informa\u00e7\u00f5es do Cadastro Municipal Econ\u00f4mico (CME) e se aplicam a todos os estabelecimentos comerciais e contribuintes com inscri\u00e7\u00e3o ativa no munic\u00edpio.<\/p>\n\n\n\n<p>Devido ao per\u00edodo de implanta\u00e7\u00e3o do novo sistema municipal, as guias de pagamento estar\u00e3o dispon\u00edveis para download a partir do dia 17 de outubro, no portal oficial da Prefeitura, pelo link www.pmfi.pr.gov.br.<\/p>\n\n\n\n<p>Prazos e vencimentos<\/p>\n\n\n\n<p>As Taxas de Vigil\u00e2ncia Sanit\u00e1ria, Propaganda e Publicidade e a Taxa de Licen\u00e7a para Localiza\u00e7\u00e3o e Funcionamento aos Domic\u00edlios Tribut\u00e1rios ter\u00e3o vencimento no dia 10 de novembro de 2025.<\/p>\n\n\n\n<p>A Taxa de Verifica\u00e7\u00e3o de Regular Funcionamento ser\u00e1 cobrada em duas parcelas, com vencimentos em 10 de novembro e 10 de dezembro de 2025. Diferentemente das demais taxas, n\u00e3o haver\u00e1 op\u00e7\u00e3o de pagamento em cota \u00fanica.<\/p>\n\n\n\n<p>Em caso de atraso, ser\u00e1 aplicada a multa de 2%, juros de 1% ao m\u00eas e atualiza\u00e7\u00e3o monet\u00e1ria, conforme previsto no C\u00f3digo Tribut\u00e1rio Municipal (Lei Complementar n\u00ba 82\/2003). O n\u00e3o pagamento poder\u00e1 resultar na inscri\u00e7\u00e3o em d\u00edvida ativa e no ajuizamento da cobran\u00e7a.<\/p>\n\n\n\n<p>Impugna\u00e7\u00e3o<\/p>\n\n\n\n<p>Contribuintes que desejarem apresentar impugna\u00e7\u00e3o ao lan\u00e7amento devem protocolar o pedido, devidamente fundamentado, em at\u00e9 30 dias ap\u00f3s a publica\u00e7\u00e3o dos editais.<br>Em raz\u00e3o da suspens\u00e3o dos prazos administrativos entre 3 e 31 de outubro de 2025, conforme o Decreto n\u00ba 33.966\/2025, o prazo final para impugna\u00e7\u00f5es ser\u00e1 2 de dezembro de 2025. Os pedidos devem ser apresentados \u00e0 Secretaria de Finan\u00e7as.<\/p>\n\n\n\n<p>Canais de atendimento ao contribuinte<\/p>\n\n\n\n<p>D\u00favidas e solicita\u00e7\u00f5es de informa\u00e7\u00f5es podem ser encaminhadas \u00e0 Supervis\u00e3o de Gest\u00e3o do Cadastro Econ\u00f4mico da Secretaria Municipal de Finan\u00e7as e Or\u00e7amento, pelos seguintes canais:<br>Telefone: (45) 3521-9503<br>WhatsApp:&nbsp;(45)&nbsp;99820-0599<\/p>\n","protected":false},"excerpt":{"rendered":"<p>Editais foram publicados no Di\u00e1rio Oficial do Munic\u00edpio desta sexta-feira (10) A Prefeitura de Foz do Igua\u00e7u, por meio da Secretaria Municipal de Finan\u00e7as e Or\u00e7amento, publicou nesta sexta-feira (10) os Editais n\u00ba 478\/2025 e n\u00ba 479\/2025, que tratam do lan\u00e7amento das taxas municipais de Verifica\u00e7\u00e3o de Regular Funcionamento, Licen\u00e7a para Propaganda e Publicidade, Vigil\u00e2ncia [&hellip;]<\/p>\n","protected":false},"author":2,"featured_media":13942,"comment_status":"open","ping_status":"open","sticky":false,"template":"","format":"standard","meta":{"om_disable_all_campaigns":false,"_monsterinsights_skip_tracking":false,"_monsterinsights_sitenote_active":false,"_monsterinsights_sitenote_note":"","_monsterinsights_sitenote_category":0,"footnotes":""},"categories":[26,4],"tags":[],"class_list":["post-26412","post","type-post","status-publish","format-standard","has-post-thumbnail","hentry","category-brasil","category-cidade"],"_links":{"self":[{"href":"https:\/\/acontecenafronteira.com.br\/index.php\/wp-json\/wp\/v2\/posts\/26412","targetHints":{"allow":["GET"]}}],"collection":[{"href":"https:\/\/acontecenafronteira.com.br\/index.php\/wp-json\/wp\/v2\/posts"}],"about":[{"href":"https:\/\/acontecenafronteira.com.br\/index.php\/wp-json\/wp\/v2\/types\/post"}],"author":[{"embeddable":true,"href":"https:\/\/acontecenafronteira.com.br\/index.php\/wp-json\/wp\/v2\/users\/2"}],"replies":[{"embeddable":true,"href":"https:\/\/acontecenafronteira.com.br\/index.php\/wp-json\/wp\/v2\/comments?post=26412"}],"version-history":[{"count":1,"href":"https:\/\/acontecenafronteira.com.br\/index.php\/wp-json\/wp\/v2\/posts\/26412\/revisions"}],"predecessor-version":[{"id":26413,"href":"https:\/\/acontecenafronteira.com.br\/index.php\/wp-json\/wp\/v2\/posts\/26412\/revisions\/26413"}],"wp:featuredmedia":[{"embeddable":true,"href":"https:\/\/acontecenafronteira.com.br\/index.php\/wp-json\/wp\/v2\/media\/13942"}],"wp:attachment":[{"href":"https:\/\/acontecenafronteira.com.br\/index.php\/wp-json\/wp\/v2\/media?parent=26412"}],"wp:term":[{"taxonomy":"category","embeddable":true,"href":"https:\/\/acontecenafronteira.com.br\/index.php\/wp-json\/wp\/v2\/categories?post=26412"},{"taxonomy":"post_tag","embeddable":true,"href":"https:\/\/acontecenafronteira.com.br\/index.php\/wp-json\/wp\/v2\/tags?post=26412"}],"curies":[{"name":"wp","href":"https:\/\/api.w.org\/{rel}","templated":true}]}}