{"id":26390,"date":"2025-10-11T18:15:30","date_gmt":"2025-10-11T21:15:30","guid":{"rendered":"https:\/\/acontecenafronteira.com.br\/?p=26390"},"modified":"2025-10-11T18:15:32","modified_gmt":"2025-10-11T21:15:32","slug":"receita-federal-policia-federal-e-policia-militar-realizam-apreensao-de-3-5-toneladas-de-maconha","status":"publish","type":"post","link":"https:\/\/acontecenafronteira.com.br\/index.php\/2025\/10\/11\/receita-federal-policia-federal-e-policia-militar-realizam-apreensao-de-3-5-toneladas-de-maconha\/","title":{"rendered":"Receita Federal, Pol\u00edcia Federal e Pol\u00edcia Militar realizam apreens\u00e3o de 3.5 toneladas de Maconha"},"content":{"rendered":"\n<p>Durante fiscalizac\u00e3o voltada ao combate ao contrabando e descaminho, a Receita Federal, em ac\u00e3o coniunta com a Pol\u00edcia Federal e a Pol\u00edcia Militar, apreendeu aproximadamente 3,5 toneladas de maconha na rodovia PR-170, na regi\u00e3o de Porecatu, pr\u00f3ximo \u00e0 d\u00edvisa com Estado de S\u00e3o Paulo.<\/p>\n\n\n\n<p>A opera\u00e7\u00e3o ocorreu nesta quinta-feira, 9 de outubro de 2025, quando equipes da Receita Federal e da Pol\u00edcia Federal, com apoio da Pol\u00edcia Militar, abordaram um caminh\u00e3o com placas do Paraguai, que seguia de Ciudad Del Leste em dire\u00e7\u00e3o ao estado de S\u00e3o Paulo.<\/p>\n\n\n\n<p>O ve\u00edculo estava aparentemente vazio, levando os agentes a realizar uma fiscalizac\u00e3o detalhada. Na vistoria, percebeu-se um desn\u00edvel no piso da carreta, que levou \u00e0 descoberta de um fundo falso onde estavam ocultadas as drogas.<\/p>\n\n\n\n<p>0 motorista foi preso em flagrante pelo crime de tr\u00e1fico internacional de entorpecentes.<\/p>\n\n\n\n<p>O volume de drogas impressionou os agentes, tratando-se de uma das maiores apreens\u00f5es realizadas na regi\u00e3o durante esse ano.<\/p>\n\n\n\n<p>A Receita Federal ressalta a relev\u00e2ncia da atua\u00e7\u00e3o conjunta com as demais for\u00e7as de seguran\u00e7a no combate ao tr\u00e1fico de drogas e outros il\u00edcitos.<\/p>\n\n\n\n<figure class=\"wp-block-gallery has-nested-images columns-default is-cropped wp-block-gallery-1 is-layout-flex wp-block-gallery-is-layout-flex\">\n<figure class=\"wp-block-image size-large\"><img loading=\"lazy\" decoding=\"async\" width=\"576\" height=\"1024\" data-id=\"26391\" src=\"https:\/\/acontecenafronteira.com.br\/wp-content\/uploads\/2025\/10\/WhatsApp-Image-2025-10-09-at-9.44.53-PM-2-576x1024.jpeg?v=1760217245\" alt=\"\" class=\"wp-image-26391\" srcset=\"https:\/\/acontecenafronteira.com.br\/wp-content\/uploads\/2025\/10\/WhatsApp-Image-2025-10-09-at-9.44.53-PM-2-576x1024.jpeg?v=1760217245 576w, https:\/\/acontecenafronteira.com.br\/wp-content\/uploads\/2025\/10\/WhatsApp-Image-2025-10-09-at-9.44.53-PM-2-169x300.jpeg?v=1760217245 169w, https:\/\/acontecenafronteira.com.br\/wp-content\/uploads\/2025\/10\/WhatsApp-Image-2025-10-09-at-9.44.53-PM-2-768x1365.jpeg?v=1760217245 768w, https:\/\/acontecenafronteira.com.br\/wp-content\/uploads\/2025\/10\/WhatsApp-Image-2025-10-09-at-9.44.53-PM-2-864x1536.jpeg?v=1760217245 864w, https:\/\/acontecenafronteira.com.br\/wp-content\/uploads\/2025\/10\/WhatsApp-Image-2025-10-09-at-9.44.53-PM-2.jpeg?v=1760217245 900w\" sizes=\"auto, (max-width: 576px) 100vw, 576px\" \/><\/figure>\n\n\n\n<figure class=\"wp-block-image size-large\"><img loading=\"lazy\" decoding=\"async\" width=\"1024\" height=\"576\" data-id=\"26392\" src=\"https:\/\/acontecenafronteira.com.br\/wp-content\/uploads\/2025\/10\/WhatsApp-Image-2025-10-09-at-9.44.53-PM-1-1024x576.jpeg?v=1760217245\" alt=\"\" class=\"wp-image-26392\" srcset=\"https:\/\/acontecenafronteira.com.br\/wp-content\/uploads\/2025\/10\/WhatsApp-Image-2025-10-09-at-9.44.53-PM-1-1024x576.jpeg?v=1760217245 1024w, https:\/\/acontecenafronteira.com.br\/wp-content\/uploads\/2025\/10\/WhatsApp-Image-2025-10-09-at-9.44.53-PM-1-300x169.jpeg?v=1760217245 300w, https:\/\/acontecenafronteira.com.br\/wp-content\/uploads\/2025\/10\/WhatsApp-Image-2025-10-09-at-9.44.53-PM-1-768x432.jpeg?v=1760217245 768w, https:\/\/acontecenafronteira.com.br\/wp-content\/uploads\/2025\/10\/WhatsApp-Image-2025-10-09-at-9.44.53-PM-1-1536x864.jpeg?v=1760217245 1536w, https:\/\/acontecenafronteira.com.br\/wp-content\/uploads\/2025\/10\/WhatsApp-Image-2025-10-09-at-9.44.53-PM-1.jpeg?v=1760217245 1600w\" sizes=\"auto, (max-width: 1024px) 100vw, 1024px\" \/><\/figure>\n\n\n\n<figure class=\"wp-block-image size-large\"><img loading=\"lazy\" decoding=\"async\" width=\"576\" height=\"1024\" data-id=\"26393\" src=\"https:\/\/acontecenafronteira.com.br\/wp-content\/uploads\/2025\/10\/WhatsApp-Image-2025-10-09-at-9.44.53-PM-576x1024.jpeg?v=1760217245\" alt=\"\" class=\"wp-image-26393\" srcset=\"https:\/\/acontecenafronteira.com.br\/wp-content\/uploads\/2025\/10\/WhatsApp-Image-2025-10-09-at-9.44.53-PM-576x1024.jpeg?v=1760217245 576w, https:\/\/acontecenafronteira.com.br\/wp-content\/uploads\/2025\/10\/WhatsApp-Image-2025-10-09-at-9.44.53-PM-169x300.jpeg?v=1760217245 169w, https:\/\/acontecenafronteira.com.br\/wp-content\/uploads\/2025\/10\/WhatsApp-Image-2025-10-09-at-9.44.53-PM-768x1365.jpeg?v=1760217245 768w, https:\/\/acontecenafronteira.com.br\/wp-content\/uploads\/2025\/10\/WhatsApp-Image-2025-10-09-at-9.44.53-PM-864x1536.jpeg?v=1760217245 864w, https:\/\/acontecenafronteira.com.br\/wp-content\/uploads\/2025\/10\/WhatsApp-Image-2025-10-09-at-9.44.53-PM.jpeg?v=1760217245 900w\" sizes=\"auto, (max-width: 576px) 100vw, 576px\" \/><\/figure>\n<\/figure>\n\n\n\n<figure class=\"wp-block-video\"><video height=\"480\" style=\"aspect-ratio: 848 \/ 480;\" width=\"848\" controls src=\"https:\/\/acontecenafronteira.com.br\/wp-content\/uploads\/2025\/10\/WhatsApp-Video-2025-10-09-at-9.44.52-PM-1.mp4\"><\/video><\/figure>\n\n\n\n<figure class=\"wp-block-video\"><video height=\"480\" style=\"aspect-ratio: 848 \/ 480;\" width=\"848\" controls src=\"https:\/\/acontecenafronteira.com.br\/wp-content\/uploads\/2025\/10\/WhatsApp-Video-2025-10-09-at-9.44.52-PM.mp4\"><\/video><\/figure>\n","protected":false},"excerpt":{"rendered":"<p>Durante fiscalizac\u00e3o voltada ao combate ao contrabando e descaminho, a Receita Federal, em ac\u00e3o coniunta com a Pol\u00edcia Federal e a Pol\u00edcia Militar, apreendeu aproximadamente 3,5 toneladas de maconha na rodovia PR-170, na regi\u00e3o de Porecatu, pr\u00f3ximo \u00e0 d\u00edvisa com Estado de S\u00e3o Paulo. A opera\u00e7\u00e3o ocorreu nesta quinta-feira, 9 de outubro de 2025, quando [&hellip;]<\/p>\n","protected":false},"author":2,"featured_media":26393,"comment_status":"open","ping_status":"open","sticky":false,"template":"","format":"standard","meta":{"om_disable_all_campaigns":false,"_monsterinsights_skip_tracking":false,"_monsterinsights_sitenote_active":false,"_monsterinsights_sitenote_note":"","_monsterinsights_sitenote_category":0,"footnotes":""},"categories":[26,4,5],"tags":[],"class_list":["post-26390","post","type-post","status-publish","format-standard","has-post-thumbnail","hentry","category-brasil","category-cidade","category-policia"],"_links":{"self":[{"href":"https:\/\/acontecenafronteira.com.br\/index.php\/wp-json\/wp\/v2\/posts\/26390","targetHints":{"allow":["GET"]}}],"collection":[{"href":"https:\/\/acontecenafronteira.com.br\/index.php\/wp-json\/wp\/v2\/posts"}],"about":[{"href":"https:\/\/acontecenafronteira.com.br\/index.php\/wp-json\/wp\/v2\/types\/post"}],"author":[{"embeddable":true,"href":"https:\/\/acontecenafronteira.com.br\/index.php\/wp-json\/wp\/v2\/users\/2"}],"replies":[{"embeddable":true,"href":"https:\/\/acontecenafronteira.com.br\/index.php\/wp-json\/wp\/v2\/comments?post=26390"}],"version-history":[{"count":1,"href":"https:\/\/acontecenafronteira.com.br\/index.php\/wp-json\/wp\/v2\/posts\/26390\/revisions"}],"predecessor-version":[{"id":26396,"href":"https:\/\/acontecenafronteira.com.br\/index.php\/wp-json\/wp\/v2\/posts\/26390\/revisions\/26396"}],"wp:featuredmedia":[{"embeddable":true,"href":"https:\/\/acontecenafronteira.com.br\/index.php\/wp-json\/wp\/v2\/media\/26393"}],"wp:attachment":[{"href":"https:\/\/acontecenafronteira.com.br\/index.php\/wp-json\/wp\/v2\/media?parent=26390"}],"wp:term":[{"taxonomy":"category","embeddable":true,"href":"https:\/\/acontecenafronteira.com.br\/index.php\/wp-json\/wp\/v2\/categories?post=26390"},{"taxonomy":"post_tag","embeddable":true,"href":"https:\/\/acontecenafronteira.com.br\/index.php\/wp-json\/wp\/v2\/tags?post=26390"}],"curies":[{"name":"wp","href":"https:\/\/api.w.org\/{rel}","templated":true}]}}