{"id":26340,"date":"2025-10-08T11:47:52","date_gmt":"2025-10-08T14:47:52","guid":{"rendered":"https:\/\/acontecenafronteira.com.br\/?p=26340"},"modified":"2025-10-08T11:47:53","modified_gmt":"2025-10-08T14:47:53","slug":"camara-analisa-projeto-que-cria-politica-de-combate-a-imoveis-abandonados-em-foz","status":"publish","type":"post","link":"https:\/\/acontecenafronteira.com.br\/index.php\/2025\/10\/08\/camara-analisa-projeto-que-cria-politica-de-combate-a-imoveis-abandonados-em-foz\/","title":{"rendered":"C\u00e2mara analisa Projeto que cria pol\u00edtica de combate a im\u00f3veis abandonados em Foz"},"content":{"rendered":"\n<p>Tramita no Legislativo de Foz o Projeto de Lei n\u00ba 200\/2025, que institui a Pol\u00edtica Municipal de combate a im\u00f3veis abandonados e causadores de degrada\u00e7\u00e3o urbana. A finalidade da proposta \u00e9 prevenir e enfrentar situa\u00e7\u00f5es que comprometam a seguran\u00e7a p\u00fablica, a sa\u00fade coletiva e a qualidade de vida da popula\u00e7\u00e3o. A proposta est\u00e1 sob an\u00e1lise das Comiss\u00f5es e aguardando parecer jur\u00eddico.<\/p>\n\n\n\n<p>O Projeto, de autoria do vereador Sidnei Prestes (Mobiliza), considera im\u00f3vel abandonado aquele que n\u00e3o tem uso regular pelo propriet\u00e1rio e se mant\u00e9m desocupado de forma cont\u00ednua ou cujo propriet\u00e1rio seja desconhecido ou n\u00e3o possa ser localizado.<\/p>\n\n\n\n<p>Al\u00e9m disso, o pagamento regular de tributos n\u00e3o impede a caracteriza\u00e7\u00e3o de abandono, se constatada a aus\u00eancia de uso e manuten\u00e7\u00e3o. A ocupa\u00e7\u00e3o irregular por terceiros tamb\u00e9m n\u00e3o afasta a possibilidade de declara\u00e7\u00e3o de abandono.<\/p>\n\n\n\n<p>A justificativa do projeto explica ainda que a exist\u00eancia de im\u00f3veis abandonados em \u00e1reas urbanas representa um grave problema social e urban\u00edstico. Essas propriedades, frequentemente sem uso ou manuten\u00e7\u00e3o adequada, tornam-se vetores de diversos problemas, como inseguran\u00e7a (aumento de concentra\u00e7\u00e3o de atividades il\u00edcitas, como tr\u00e1fico de drogas), riscos \u00e0 sa\u00fade p\u00fablica (aumento de vetores de doen\u00e7as, como dengue, zika), redu\u00e7\u00e3o da qualidade de vida e tamb\u00e9m desvaloriza\u00e7\u00e3o imobili\u00e1ria no entorno.<\/p>\n\n\n\n<p>O projeto fixa que o Poder Executivo fica autorizado a instaurar processo administrativo para apura\u00e7\u00e3o da situa\u00e7\u00e3o do im\u00f3vel, garantidos o contradit\u00f3rio e a ampla defesa. Caso o propriet\u00e1rio n\u00e3o seja identificado ou localizado, a notifica\u00e7\u00e3o poder\u00e1 ser realizada por meio de edital, publicado no Di\u00e1rio Oficial do Munic\u00edpio e em sites eletr\u00f4nicos da Prefeitura, al\u00e9m de jornais de grande circula\u00e7\u00e3o. Ao final do processo, se n\u00e3o houver identifica\u00e7\u00e3o e o im\u00f3vel estiver totalmente abandonado, causando degrada\u00e7\u00e3o urbana, o Poder Executivo poder\u00e1 adotar as seguintes medidas:<\/p>\n\n\n\n<ul class=\"wp-block-list\">\n<li>lacra\u00e7\u00e3o do im\u00f3vel;<\/li>\n\n\n\n<li>vigil\u00e2ncia pela Guarda Municipal;<\/li>\n\n\n\n<li>desocupa\u00e7\u00e3o e execu\u00e7\u00e3o de a\u00e7\u00f5es emergenciais de seguran\u00e7a;<\/li>\n\n\n\n<li>sinaliza\u00e7\u00e3o do im\u00f3vel quanto \u00e0 sua interdi\u00e7\u00e3o;<\/li>\n\n\n\n<li>limpeza, dedetiza\u00e7\u00e3o e outras medidas de higiene.<\/li>\n<\/ul>\n\n\n\n<p>A mat\u00e9ria ainda estabelece que se constatado risco de rui\u0301na, a Prefeitura poder\u00e1 comunicar a Defesa Civil para avaliac\u0327a\u0303o te\u0301cnica e, se necessa\u0301rio, promover a demolic\u0327a\u0303o parcial ou total. Considerando que os custos decorrentes da demoli\u00e7\u00e3o, quando promovida pelo Munic\u00edpio e ap\u00f3s a conclus\u00e3o do devido processo administrativo, poder\u00e3o ser cobrados do propriet\u00e1rio do im\u00f3vel, conforme as formas e prazos estabelecidos.<\/p>\n","protected":false},"excerpt":{"rendered":"<p>Tramita no Legislativo de Foz o Projeto de Lei n\u00ba 200\/2025, que institui a Pol\u00edtica Municipal de combate a im\u00f3veis abandonados e causadores de degrada\u00e7\u00e3o urbana. A finalidade da proposta \u00e9 prevenir e enfrentar situa\u00e7\u00f5es que comprometam a seguran\u00e7a p\u00fablica, a sa\u00fade coletiva e a qualidade de vida da popula\u00e7\u00e3o. A proposta est\u00e1 sob an\u00e1lise [&hellip;]<\/p>\n","protected":false},"author":2,"featured_media":26341,"comment_status":"open","ping_status":"open","sticky":false,"template":"","format":"standard","meta":{"om_disable_all_campaigns":false,"_monsterinsights_skip_tracking":false,"_monsterinsights_sitenote_active":false,"_monsterinsights_sitenote_note":"","_monsterinsights_sitenote_category":0,"footnotes":""},"categories":[1],"tags":[],"class_list":["post-26340","post","type-post","status-publish","format-standard","has-post-thumbnail","hentry","category-sem-categoria"],"_links":{"self":[{"href":"https:\/\/acontecenafronteira.com.br\/index.php\/wp-json\/wp\/v2\/posts\/26340","targetHints":{"allow":["GET"]}}],"collection":[{"href":"https:\/\/acontecenafronteira.com.br\/index.php\/wp-json\/wp\/v2\/posts"}],"about":[{"href":"https:\/\/acontecenafronteira.com.br\/index.php\/wp-json\/wp\/v2\/types\/post"}],"author":[{"embeddable":true,"href":"https:\/\/acontecenafronteira.com.br\/index.php\/wp-json\/wp\/v2\/users\/2"}],"replies":[{"embeddable":true,"href":"https:\/\/acontecenafronteira.com.br\/index.php\/wp-json\/wp\/v2\/comments?post=26340"}],"version-history":[{"count":1,"href":"https:\/\/acontecenafronteira.com.br\/index.php\/wp-json\/wp\/v2\/posts\/26340\/revisions"}],"predecessor-version":[{"id":26342,"href":"https:\/\/acontecenafronteira.com.br\/index.php\/wp-json\/wp\/v2\/posts\/26340\/revisions\/26342"}],"wp:featuredmedia":[{"embeddable":true,"href":"https:\/\/acontecenafronteira.com.br\/index.php\/wp-json\/wp\/v2\/media\/26341"}],"wp:attachment":[{"href":"https:\/\/acontecenafronteira.com.br\/index.php\/wp-json\/wp\/v2\/media?parent=26340"}],"wp:term":[{"taxonomy":"category","embeddable":true,"href":"https:\/\/acontecenafronteira.com.br\/index.php\/wp-json\/wp\/v2\/categories?post=26340"},{"taxonomy":"post_tag","embeddable":true,"href":"https:\/\/acontecenafronteira.com.br\/index.php\/wp-json\/wp\/v2\/tags?post=26340"}],"curies":[{"name":"wp","href":"https:\/\/api.w.org\/{rel}","templated":true}]}}