{"id":26061,"date":"2025-09-25T14:32:43","date_gmt":"2025-09-25T17:32:43","guid":{"rendered":"https:\/\/acontecenafronteira.com.br\/?p=26061"},"modified":"2025-09-25T14:33:58","modified_gmt":"2025-09-25T17:33:58","slug":"hospital-municipal-encerra-setembro-verde-com-homenagens-a-doadores-e-pacientes-a-espera-de-transplante","status":"publish","type":"post","link":"https:\/\/acontecenafronteira.com.br\/index.php\/2025\/09\/25\/hospital-municipal-encerra-setembro-verde-com-homenagens-a-doadores-e-pacientes-a-espera-de-transplante\/","title":{"rendered":"Hospital Municipal encerra Setembro Verde com homenagens a doadores e pacientes \u00e0 espera de transplante"},"content":{"rendered":"\n<p><strong><em>Cerim\u00f4nia nesta sexta (26), \u00e0s 9h, no audit\u00f3rio da Pol\u00edcia Federal, reunir\u00e1 autoridades, profissionais da sa\u00fade e fam\u00edlias que transformaram luto em solidariedade<\/em><\/strong><\/p>\n\n\n\n<p>O Hospital Municipal Padre Germano Lauck encerra nesta sexta-feira (26) a programa\u00e7\u00e3o do Setembro Verde, campanha nacional de conscientiza\u00e7\u00e3o sobre a doa\u00e7\u00e3o de \u00f3rg\u00e3os. A cerim\u00f4nia ser\u00e1 \u00e0s 9h, no audit\u00f3rio da Pol\u00edcia Federal, com a presen\u00e7a de autoridades, profissionais da sa\u00fade, pacientes em lista de espera e familiares de doadores.<\/p>\n\n\n\n<p>O encontro, aberto ao p\u00fablico, ter\u00e1 como momento central a homenagem \u00e0s fam\u00edlias que autorizaram a doa\u00e7\u00e3o de \u00f3rg\u00e3os de seus entes queridos, permitindo que outras vidas fossem salvas. Depoimentos de pacientes que aguardam transplante tamb\u00e9m integrar\u00e3o a solenidade, destacando a urg\u00eancia do tema. Atualmente, mais de 50 mil brasileiros est\u00e3o na fila nacional.<\/p>\n\n\n\n<p>Entre os presentes estar\u00e3o o prefeito de Foz do Igua\u00e7u, General Silva e Luna, o secret\u00e1rio municipal de Sa\u00fade, Fabio de Mello, al\u00e9m da dire\u00e7\u00e3o do hospital e representantes da Organiza\u00e7\u00e3o de Procura de \u00d3rg\u00e3os (OPO) de Cascavel.<\/p>\n\n\n\n<p>Segundo a diretora-presidente do Hospital Municipal, I\u00e9lita Santos, o Setembro Verde vai al\u00e9m da mobiliza\u00e7\u00e3o do poder p\u00fablico. \u201cNosso hospital tem um compromisso di\u00e1rio com a sensibiliza\u00e7\u00e3o sobre a doa\u00e7\u00e3o de \u00f3rg\u00e3os. Cada vida salva \u00e9 resultado de um trabalho coletivo e da coragem de fam\u00edlias que, em meio \u00e0 dor, decidem oferecer esperan\u00e7a a outras pessoas. Nosso papel \u00e9 difundir essa mensagem para que alcan\u00e7e toda a sociedade\u201d, afirma.<\/p>\n\n\n\n<p>Ao longo deste m\u00eas, o hospital promoveu a\u00e7\u00f5es de conscientiza\u00e7\u00e3o em diferentes espa\u00e7os e iluminou suas instala\u00e7\u00f5es na cor verde, s\u00edmbolo da esperan\u00e7a de quem aguarda na fila de transplantes. O Hospital Municipal Padre Germano Lauck ocupa hoje a segunda posi\u00e7\u00e3o em capta\u00e7\u00e3o de \u00f3rg\u00e3os no oeste do Paran\u00e1, resultado do trabalho da Comiss\u00e3o Intra-Hospitalar de Doa\u00e7\u00e3o de \u00d3rg\u00e3os e Tecidos para Transplante (CIHDOTT).<\/p>\n\n\n\n<p>A programa\u00e7\u00e3o do encerramento prev\u00ea tamb\u00e9m palestras t\u00e9cnicas. A enfermeira Gelena Castilho, da CIHDOTT do Hospital Universit\u00e1rio de Cascavel, falar\u00e1 sobre sensibiliza\u00e7\u00e3o e capacita\u00e7\u00e3o em sa\u00fade. \u00c0 tarde, a coordenadora Gabriela Coelho, da OPO de Cascavel, abordar\u00e1 o impacto humano e social da doa\u00e7\u00e3o de \u00f3rg\u00e3os.<\/p>\n\n\n\n<p>Institu\u00eddo pela Lei Federal n\u00ba 11.584\/2007, o Setembro Verde tem como marco o Dia Nacional da Doa\u00e7\u00e3o de \u00d3rg\u00e3os, celebrado no dia 27. Para a dire\u00e7\u00e3o do Hospital Municipal, o encerramento da campanha refor\u00e7a um compromisso permanente: ampliar a consci\u00eancia social sobre a doa\u00e7\u00e3o e mostrar que cada decis\u00e3o pode transformar destinos.<\/p>\n","protected":false},"excerpt":{"rendered":"<p>Cerim\u00f4nia nesta sexta (26), \u00e0s 9h, no audit\u00f3rio da Pol\u00edcia Federal, reunir\u00e1 autoridades, profissionais da sa\u00fade e fam\u00edlias que transformaram luto em solidariedade O Hospital Municipal Padre Germano Lauck encerra nesta sexta-feira (26) a programa\u00e7\u00e3o do Setembro Verde, campanha nacional de conscientiza\u00e7\u00e3o sobre a doa\u00e7\u00e3o de \u00f3rg\u00e3os. A cerim\u00f4nia ser\u00e1 \u00e0s 9h, no audit\u00f3rio da [&hellip;]<\/p>\n","protected":false},"author":2,"featured_media":26062,"comment_status":"open","ping_status":"open","sticky":false,"template":"","format":"standard","meta":{"om_disable_all_campaigns":false,"_monsterinsights_skip_tracking":false,"_monsterinsights_sitenote_active":false,"_monsterinsights_sitenote_note":"","_monsterinsights_sitenote_category":0,"footnotes":""},"categories":[1],"tags":[],"class_list":["post-26061","post","type-post","status-publish","format-standard","has-post-thumbnail","hentry","category-sem-categoria"],"_links":{"self":[{"href":"https:\/\/acontecenafronteira.com.br\/index.php\/wp-json\/wp\/v2\/posts\/26061","targetHints":{"allow":["GET"]}}],"collection":[{"href":"https:\/\/acontecenafronteira.com.br\/index.php\/wp-json\/wp\/v2\/posts"}],"about":[{"href":"https:\/\/acontecenafronteira.com.br\/index.php\/wp-json\/wp\/v2\/types\/post"}],"author":[{"embeddable":true,"href":"https:\/\/acontecenafronteira.com.br\/index.php\/wp-json\/wp\/v2\/users\/2"}],"replies":[{"embeddable":true,"href":"https:\/\/acontecenafronteira.com.br\/index.php\/wp-json\/wp\/v2\/comments?post=26061"}],"version-history":[{"count":1,"href":"https:\/\/acontecenafronteira.com.br\/index.php\/wp-json\/wp\/v2\/posts\/26061\/revisions"}],"predecessor-version":[{"id":26063,"href":"https:\/\/acontecenafronteira.com.br\/index.php\/wp-json\/wp\/v2\/posts\/26061\/revisions\/26063"}],"wp:featuredmedia":[{"embeddable":true,"href":"https:\/\/acontecenafronteira.com.br\/index.php\/wp-json\/wp\/v2\/media\/26062"}],"wp:attachment":[{"href":"https:\/\/acontecenafronteira.com.br\/index.php\/wp-json\/wp\/v2\/media?parent=26061"}],"wp:term":[{"taxonomy":"category","embeddable":true,"href":"https:\/\/acontecenafronteira.com.br\/index.php\/wp-json\/wp\/v2\/categories?post=26061"},{"taxonomy":"post_tag","embeddable":true,"href":"https:\/\/acontecenafronteira.com.br\/index.php\/wp-json\/wp\/v2\/tags?post=26061"}],"curies":[{"name":"wp","href":"https:\/\/api.w.org\/{rel}","templated":true}]}}