{"id":26032,"date":"2025-09-24T10:20:11","date_gmt":"2025-09-24T13:20:11","guid":{"rendered":"https:\/\/acontecenafronteira.com.br\/?p=26032"},"modified":"2025-09-24T10:20:12","modified_gmt":"2025-09-24T13:20:12","slug":"moradores-de-foz-terao-transporte-gratuito-para-usina-de-itaipu-em-comemoracao-ao-dia-mundial-do-turismo","status":"publish","type":"post","link":"https:\/\/acontecenafronteira.com.br\/index.php\/2025\/09\/24\/moradores-de-foz-terao-transporte-gratuito-para-usina-de-itaipu-em-comemoracao-ao-dia-mundial-do-turismo\/","title":{"rendered":"Moradores de Foz ter\u00e3o transporte gratuito para Usina de Itaipu em comemora\u00e7\u00e3o ao Dia Mundial do Turismo"},"content":{"rendered":"\n<p><em><strong>Transporte sair\u00e1 de quatro bairros da cidade no dia 27 de setembro para levar a comunidade para o passeio Itaipu Panor\u00e2mica<\/strong><\/em><\/p>\n\n\n\n<p>Neste s\u00e1bado (27), quando o mundo celebra o Dia Mundial do Turismo, o Complexo Tur\u00edstico Itaipu abre suas portas de maneira especial para que os moradores de Foz do Igua\u00e7u possam turistar no quintal de casa e conhecer de perto a grandiosidade da Itaipu Binacional, uma das maiores usinas hidrel\u00e9tricas do mundo, l\u00edder mundial em energia limpa e renov\u00e1vel.<\/p>\n\n\n\n<p>Al\u00e9m do ingresso gratuito, os moradores ter\u00e3o \u00e0 disposi\u00e7\u00e3o transporte exclusivo, com sa\u00eddas de quatro bairros da cidade. Os \u00f4nibus partir\u00e3o dos seguintes pontos e hor\u00e1rios:<\/p>\n\n\n\n<p>Porto Meira \u2013 Parque Remador (Av. Morenitas): 8h30 | 13h30<br>Conjunto Libra \u2013 Pra\u00e7a da B\u00edblia (Av. Rep\u00fablica Argentina): 8h30 | 13h30<br>Centro \u2013 Bosque Guarani (Rua Mem de S\u00e1): 8h45 | 13h45<br>Vila A \u2013 Gramad\u00e3o (Av. Am\u00e9rico Sasdelli): 9h00 | 14h00<\/p>\n\n\n\n<p>Durante todo o ano, os moradores de Foz do Igua\u00e7u j\u00e1 t\u00eam acesso gratuito ao passeio Itaipu Panor\u00e2mica. A diferen\u00e7a \u00e9 que, nesta a\u00e7\u00e3o especial, o transporte tamb\u00e9m est\u00e1 incluso, tornando a experi\u00eancia ainda mais acess\u00edvel para a comunidade.<\/p>\n\n\n\n<p>As vagas s\u00e3o limitadas e a inscri\u00e7\u00e3o deve ser feita at\u00e9 as 18h desta quinta-feira (25), pelo formul\u00e1rio dispon\u00edvel no link:&nbsp;<a href=\"http:\/\/forms.office.com\/r\/P3PakD2Yer\">forms.office.com\/r\/P3PakD2Yer<\/a>.<\/p>\n\n\n\n<p>Para garantir a participa\u00e7\u00e3o, \u00e9 preciso preencher os dados de forma individual ou familiar, escolher o bairro e o hor\u00e1rio de embarque. A a\u00e7\u00e3o \u00e9 exclusiva para moradores de Foz do Igua\u00e7u, sendo obrigat\u00f3rio apresentar comprovante de resid\u00eancia em nome do adulto respons\u00e1vel no momento do embarque. Menores de 18 anos podem utilizar o mesmo comprovante dos pais.<\/p>\n\n\n\n<figure class=\"wp-block-image size-full\"><img loading=\"lazy\" decoding=\"async\" width=\"1024\" height=\"682\" src=\"https:\/\/acontecenafronteira.com.br\/wp-content\/uploads\/2025\/09\/WhatsApp-Image-2025-09-23-at-14.39.04-1024x682-1.jpeg?v=1758719949\" alt=\"\" class=\"wp-image-26033\" srcset=\"https:\/\/acontecenafronteira.com.br\/wp-content\/uploads\/2025\/09\/WhatsApp-Image-2025-09-23-at-14.39.04-1024x682-1.jpeg?v=1758719949 1024w, https:\/\/acontecenafronteira.com.br\/wp-content\/uploads\/2025\/09\/WhatsApp-Image-2025-09-23-at-14.39.04-1024x682-1-300x200.jpeg?v=1758719949 300w, https:\/\/acontecenafronteira.com.br\/wp-content\/uploads\/2025\/09\/WhatsApp-Image-2025-09-23-at-14.39.04-1024x682-1-768x512.jpeg?v=1758719949 768w\" sizes=\"auto, (max-width: 1024px) 100vw, 1024px\" \/><\/figure>\n\n\n\n<p>Fotos: Rubens Fraulini\/Itaipu Binacional<\/p>\n\n\n\n<p><strong>Sobre o Dia Mundial do Turismo<\/strong><\/p>\n\n\n\n<p>Comemorado anualmente em 27 de setembro, o Dia Mundial do Turismo foi institu\u00eddo pela Organiza\u00e7\u00e3o Mundial do Turismo (OMT) em 1980, com o objetivo de destacar a import\u00e2ncia da atividade tur\u00edstica para o desenvolvimento cultural, social e econ\u00f4mico. A cada ano, a data ganha relev\u00e2ncia global ao incentivar iniciativas que aproximam a comunidade dos benef\u00edcios proporcionados pelo turismo.<\/p>\n\n\n\n<p><strong>Servi\u00e7o<\/strong><\/p>\n\n\n\n<p>Transporte gratuito para o passeio Itaipu Panor\u00e2mica \u2013 especial Dia Mundial do Turismo<br>Quando: 27 de setembro (s\u00e1bado)<br>Quem pode participar: Moradores de Foz do Igua\u00e7u (mediante inscri\u00e7\u00e3o e apresenta\u00e7\u00e3o de comprovante de resid\u00eancia)<br>Inscri\u00e7\u00f5es: At\u00e9 25 de setembro (quinta-feira), \u00e0s 18h, pelo formul\u00e1rio:&nbsp;<a href=\"http:\/\/forms.office.com\/r\/P3PakD2Yer\">forms.office.com\/r\/P3PakD2Ye<\/a>r<\/p>\n","protected":false},"excerpt":{"rendered":"<p>Transporte sair\u00e1 de quatro bairros da cidade no dia 27 de setembro para levar a comunidade para o passeio Itaipu Panor\u00e2mica Neste s\u00e1bado (27), quando o mundo celebra o Dia Mundial do Turismo, o Complexo Tur\u00edstico Itaipu abre suas portas de maneira especial para que os moradores de Foz do Igua\u00e7u possam turistar no quintal [&hellip;]<\/p>\n","protected":false},"author":2,"featured_media":26034,"comment_status":"open","ping_status":"open","sticky":false,"template":"","format":"standard","meta":{"om_disable_all_campaigns":false,"_monsterinsights_skip_tracking":false,"_monsterinsights_sitenote_active":false,"_monsterinsights_sitenote_note":"","_monsterinsights_sitenote_category":0,"footnotes":""},"categories":[26,4,11,9],"tags":[],"class_list":["post-26032","post","type-post","status-publish","format-standard","has-post-thumbnail","hentry","category-brasil","category-cidade","category-itaipu","category-turismo"],"_links":{"self":[{"href":"https:\/\/acontecenafronteira.com.br\/index.php\/wp-json\/wp\/v2\/posts\/26032","targetHints":{"allow":["GET"]}}],"collection":[{"href":"https:\/\/acontecenafronteira.com.br\/index.php\/wp-json\/wp\/v2\/posts"}],"about":[{"href":"https:\/\/acontecenafronteira.com.br\/index.php\/wp-json\/wp\/v2\/types\/post"}],"author":[{"embeddable":true,"href":"https:\/\/acontecenafronteira.com.br\/index.php\/wp-json\/wp\/v2\/users\/2"}],"replies":[{"embeddable":true,"href":"https:\/\/acontecenafronteira.com.br\/index.php\/wp-json\/wp\/v2\/comments?post=26032"}],"version-history":[{"count":1,"href":"https:\/\/acontecenafronteira.com.br\/index.php\/wp-json\/wp\/v2\/posts\/26032\/revisions"}],"predecessor-version":[{"id":26035,"href":"https:\/\/acontecenafronteira.com.br\/index.php\/wp-json\/wp\/v2\/posts\/26032\/revisions\/26035"}],"wp:featuredmedia":[{"embeddable":true,"href":"https:\/\/acontecenafronteira.com.br\/index.php\/wp-json\/wp\/v2\/media\/26034"}],"wp:attachment":[{"href":"https:\/\/acontecenafronteira.com.br\/index.php\/wp-json\/wp\/v2\/media?parent=26032"}],"wp:term":[{"taxonomy":"category","embeddable":true,"href":"https:\/\/acontecenafronteira.com.br\/index.php\/wp-json\/wp\/v2\/categories?post=26032"},{"taxonomy":"post_tag","embeddable":true,"href":"https:\/\/acontecenafronteira.com.br\/index.php\/wp-json\/wp\/v2\/tags?post=26032"}],"curies":[{"name":"wp","href":"https:\/\/api.w.org\/{rel}","templated":true}]}}