{"id":26028,"date":"2025-09-24T10:16:49","date_gmt":"2025-09-24T13:16:49","guid":{"rendered":"https:\/\/acontecenafronteira.com.br\/?p=26028"},"modified":"2025-09-24T10:16:50","modified_gmt":"2025-09-24T13:16:50","slug":"camara-aprova-programa-foz-hidratada-para-garantir-acesso-gratuito-a-agua-potavel-em-espacos-publicos","status":"publish","type":"post","link":"https:\/\/acontecenafronteira.com.br\/index.php\/2025\/09\/24\/camara-aprova-programa-foz-hidratada-para-garantir-acesso-gratuito-a-agua-potavel-em-espacos-publicos\/","title":{"rendered":"C\u00e2mara aprova Programa Foz Hidratada para garantir acesso gratuito \u00e0 \u00e1gua pot\u00e1vel em espa\u00e7os p\u00fablicos"},"content":{"rendered":"\n<p><strong><em>A proposta prev\u00ea esta\u00e7\u00f5es de hidrata\u00e7\u00e3o para pessoas e animais<\/em><\/strong><\/p>\n\n\n\n<p>A C\u00e2mara Municipal de Foz do Igua\u00e7u aprovou o Substitutivo ao Projeto de Lei n\u00ba 77\/2025, de autoria do vereador Adnan El Sayed (PSD), que institui o Programa \u201cFoz Hidratada\u201d. A proposta, aprovada por unanimidade, prev\u00ea a instala\u00e7\u00e3o de instala\u00e7\u00f5es de hidrata\u00e7\u00e3o e bebedouros em locais p\u00fablicos. O objetivo \u00e9 ampliar o acesso gratuito \u00e0 \u00e1gua pot\u00e1vel em \u00e1reas p\u00fablicas da cidade, especialmente em locais destinados \u00e0 pr\u00e1tica de atividades f\u00edsicas, lazer e conviv\u00eancia comunit\u00e1ria. Atualmente, o projeto espera a san\u00e7\u00e3o do Prefeito para entrar em vigor.<\/p>\n\n\n\n<p>As esta\u00e7\u00f5es de hidrata\u00e7\u00e3o e os bebedouros ser\u00e3o implantados em espa\u00e7os de grande circula\u00e7\u00e3o, como pistas de caminhada (exemplo: Avenida Paran\u00e1 e Vila A), gin\u00e1sios de esportes, complexos esportivos e pra\u00e7as com quadras. A medida busca promover sa\u00fade, bem-estar e inclus\u00e3o social, oferecendo estrutura adequada, higi\u00eanica e acess\u00edvel para a popula\u00e7\u00e3o.<\/p>\n\n\n\n<p>O projeto tamb\u00e9m prev\u00ea espa\u00e7os destinados \u00e0 hidrata\u00e7\u00e3o de animais, atendendo tanto aos tutores que frequentam os locais com seus pets quanto os animais em situa\u00e7\u00e3o de rua. As diretrizes estabelecem que os pontos de \u00e1gua devem estar em locais vis\u00edveis, de f\u00e1cil acesso e distantes de sanit\u00e1rios, refor\u00e7ando os crit\u00e9rios de higiene e seguran\u00e7a.<\/p>\n\n\n\n<p>O parlamentar proponente, Adnan El Sayed (PSD), reiterou a import\u00e2ncia da iniciativa. O vereador explicou que Foz \u00e9 uma cidade muito quente e a hidrata\u00e7\u00e3o n\u00e3o deveria ser um servi\u00e7o exclusivamente comercializado nos principais pontos de lazer, usufru\u00eddos pela popula\u00e7\u00e3o.<\/p>\n\n\n\n<figure class=\"wp-block-video\"><video height=\"720\" style=\"aspect-ratio: 1280 \/ 720;\" width=\"1280\" controls src=\"https:\/\/acontecenafronteira.com.br\/wp-content\/uploads\/2025\/09\/WhatsApp-Video-2025-09-23-at-12.02.08-PM.mp4\"><\/video><\/figure>\n","protected":false},"excerpt":{"rendered":"<p>A proposta prev\u00ea esta\u00e7\u00f5es de hidrata\u00e7\u00e3o para pessoas e animais A C\u00e2mara Municipal de Foz do Igua\u00e7u aprovou o Substitutivo ao Projeto de Lei n\u00ba 77\/2025, de autoria do vereador Adnan El Sayed (PSD), que institui o Programa \u201cFoz Hidratada\u201d. A proposta, aprovada por unanimidade, prev\u00ea a instala\u00e7\u00e3o de instala\u00e7\u00f5es de hidrata\u00e7\u00e3o e bebedouros em [&hellip;]<\/p>\n","protected":false},"author":2,"featured_media":26029,"comment_status":"open","ping_status":"open","sticky":false,"template":"","format":"standard","meta":{"om_disable_all_campaigns":false,"_monsterinsights_skip_tracking":false,"_monsterinsights_sitenote_active":false,"_monsterinsights_sitenote_note":"","_monsterinsights_sitenote_category":0,"footnotes":""},"categories":[26,4,19,10],"tags":[],"class_list":["post-26028","post","type-post","status-publish","format-standard","has-post-thumbnail","hentry","category-brasil","category-cidade","category-politica","category-saude"],"_links":{"self":[{"href":"https:\/\/acontecenafronteira.com.br\/index.php\/wp-json\/wp\/v2\/posts\/26028","targetHints":{"allow":["GET"]}}],"collection":[{"href":"https:\/\/acontecenafronteira.com.br\/index.php\/wp-json\/wp\/v2\/posts"}],"about":[{"href":"https:\/\/acontecenafronteira.com.br\/index.php\/wp-json\/wp\/v2\/types\/post"}],"author":[{"embeddable":true,"href":"https:\/\/acontecenafronteira.com.br\/index.php\/wp-json\/wp\/v2\/users\/2"}],"replies":[{"embeddable":true,"href":"https:\/\/acontecenafronteira.com.br\/index.php\/wp-json\/wp\/v2\/comments?post=26028"}],"version-history":[{"count":1,"href":"https:\/\/acontecenafronteira.com.br\/index.php\/wp-json\/wp\/v2\/posts\/26028\/revisions"}],"predecessor-version":[{"id":26031,"href":"https:\/\/acontecenafronteira.com.br\/index.php\/wp-json\/wp\/v2\/posts\/26028\/revisions\/26031"}],"wp:featuredmedia":[{"embeddable":true,"href":"https:\/\/acontecenafronteira.com.br\/index.php\/wp-json\/wp\/v2\/media\/26029"}],"wp:attachment":[{"href":"https:\/\/acontecenafronteira.com.br\/index.php\/wp-json\/wp\/v2\/media?parent=26028"}],"wp:term":[{"taxonomy":"category","embeddable":true,"href":"https:\/\/acontecenafronteira.com.br\/index.php\/wp-json\/wp\/v2\/categories?post=26028"},{"taxonomy":"post_tag","embeddable":true,"href":"https:\/\/acontecenafronteira.com.br\/index.php\/wp-json\/wp\/v2\/tags?post=26028"}],"curies":[{"name":"wp","href":"https:\/\/api.w.org\/{rel}","templated":true}]}}