{"id":26024,"date":"2025-09-24T10:12:33","date_gmt":"2025-09-24T13:12:33","guid":{"rendered":"https:\/\/acontecenafronteira.com.br\/?p=26024"},"modified":"2025-09-24T10:12:34","modified_gmt":"2025-09-24T13:12:34","slug":"foz-tem-queda-historica-da-dengue-e-chega-ao-periodo-critico-em-posicao-segura","status":"publish","type":"post","link":"https:\/\/acontecenafronteira.com.br\/index.php\/2025\/09\/24\/foz-tem-queda-historica-da-dengue-e-chega-ao-periodo-critico-em-posicao-segura\/","title":{"rendered":"Foz tem queda hist\u00f3rica da dengue e chega ao per\u00edodo cr\u00edtico em posi\u00e7\u00e3o segura"},"content":{"rendered":"\n<p><strong><em>Casos e den\u00fancias caem em 2025; elimina\u00e7\u00e3o de focos e mobiliza\u00e7\u00e3o comunit\u00e1ria refor\u00e7am confian\u00e7a no trabalho da Secretaria Municipal de Sa\u00fade<\/em><\/strong><\/p>\n\n\n\n<p>A Prefeitura de Foz do Igua\u00e7u, por meio da Secretaria Municipal de Sa\u00fade, registra em 2025 um dos cen\u00e1rios mais positivos dos \u00faltimos anos no combate \u00e0 dengue e outras arboviroses. Entre janeiro e 22 de setembro, o munic\u00edpio somou 7.443 notifica\u00e7\u00f5es e 943 casos confirmados da doen\u00e7a, sem registro de \u00f3bitos. No mesmo per\u00edodo, a chikungunya teve apenas 59 confirma\u00e7\u00f5es entre 260 notifica\u00e7\u00f5es, tamb\u00e9m sem mortes.<\/p>\n\n\n\n<p>A melhora \u00e9 expressiva diante de epidemias recentes. Em 2023, Foz viveu o maior surto da hist\u00f3ria, com mais de 50 mil notifica\u00e7\u00f5es, 26 mil casos confirmados e 22 \u00f3bitos, al\u00e9m de mais de mil registros de chikungunya.<\/p>\n\n\n\n<p>Outro dado que refor\u00e7a o cen\u00e1rio favor\u00e1vel \u00e9 a queda nas den\u00fancias da popula\u00e7\u00e3o. No 2\u00ba quadrimestre deste ano, foram 173 registros, contra 249 em 2024, redu\u00e7\u00e3o de 30%. O recuo acompanha a diminui\u00e7\u00e3o de notifica\u00e7\u00f5es, que ca\u00edram de 9.735 para 3.057 no mesmo intervalo.<\/p>\n\n\n\n<p>A presen\u00e7a ativa das equipes de sa\u00fade nos bairros tem sido decisiva. Entre maio e agosto, os Agentes de Combate \u00e0s Endemias realizaram mais de 50 mil vistorias, e eliminaram 23.301 potenciais criadouros.<\/p>\n\n\n\n<p>\u201cMesmo em um cen\u00e1rio controlado, o monitoramento continua rigoroso, especialmente com a chegada do per\u00edodo sazonal das arboviroses neste m\u00eas de outubro. As condi\u00e7\u00f5es clim\u00e1ticas exigem aten\u00e7\u00e3o redobrada\u201d, afirmou Carmensita Gaievski, diretora de Vigil\u00e2ncia em Sa\u00fade.<\/p>\n\n\n\n<p>Segundo Renata Defante Lopes, coordenadora da Vigil\u00e2ncia Ambiental, a queda nas den\u00fancias tamb\u00e9m reflete a efici\u00eancia do trabalho em campo. \u201cMuitos criadouros s\u00e3o eliminados antes de se tornarem focos do mosquito, protegendo a a popula\u00e7\u00e3o, o que fortalece a confian\u00e7a no trabalho da secretaria\u201d, destaca.<\/p>\n\n\n\n<p>Com a chegada de outubro, quando calor e chuvas favorecem a prolifera\u00e7\u00e3o do Aedes aegypti, a Prefeitura refor\u00e7a as orienta\u00e7\u00f5es de preven\u00e7\u00e3o, como elimina\u00e7\u00e3o de \u00e1gua parada, uso de repelentes, instala\u00e7\u00e3o de telas em portas e janelas e vacina\u00e7\u00e3o para a faixa et\u00e1ria indicada no SUS.<\/p>\n","protected":false},"excerpt":{"rendered":"<p>Casos e den\u00fancias caem em 2025; elimina\u00e7\u00e3o de focos e mobiliza\u00e7\u00e3o comunit\u00e1ria refor\u00e7am confian\u00e7a no trabalho da Secretaria Municipal de Sa\u00fade A Prefeitura de Foz do Igua\u00e7u, por meio da Secretaria Municipal de Sa\u00fade, registra em 2025 um dos cen\u00e1rios mais positivos dos \u00faltimos anos no combate \u00e0 dengue e outras arboviroses. Entre janeiro e [&hellip;]<\/p>\n","protected":false},"author":2,"featured_media":26025,"comment_status":"open","ping_status":"open","sticky":false,"template":"","format":"standard","meta":{"om_disable_all_campaigns":false,"_monsterinsights_skip_tracking":false,"_monsterinsights_sitenote_active":false,"_monsterinsights_sitenote_note":"","_monsterinsights_sitenote_category":0,"footnotes":""},"categories":[26,4,10],"tags":[],"class_list":["post-26024","post","type-post","status-publish","format-standard","has-post-thumbnail","hentry","category-brasil","category-cidade","category-saude"],"_links":{"self":[{"href":"https:\/\/acontecenafronteira.com.br\/index.php\/wp-json\/wp\/v2\/posts\/26024","targetHints":{"allow":["GET"]}}],"collection":[{"href":"https:\/\/acontecenafronteira.com.br\/index.php\/wp-json\/wp\/v2\/posts"}],"about":[{"href":"https:\/\/acontecenafronteira.com.br\/index.php\/wp-json\/wp\/v2\/types\/post"}],"author":[{"embeddable":true,"href":"https:\/\/acontecenafronteira.com.br\/index.php\/wp-json\/wp\/v2\/users\/2"}],"replies":[{"embeddable":true,"href":"https:\/\/acontecenafronteira.com.br\/index.php\/wp-json\/wp\/v2\/comments?post=26024"}],"version-history":[{"count":1,"href":"https:\/\/acontecenafronteira.com.br\/index.php\/wp-json\/wp\/v2\/posts\/26024\/revisions"}],"predecessor-version":[{"id":26026,"href":"https:\/\/acontecenafronteira.com.br\/index.php\/wp-json\/wp\/v2\/posts\/26024\/revisions\/26026"}],"wp:featuredmedia":[{"embeddable":true,"href":"https:\/\/acontecenafronteira.com.br\/index.php\/wp-json\/wp\/v2\/media\/26025"}],"wp:attachment":[{"href":"https:\/\/acontecenafronteira.com.br\/index.php\/wp-json\/wp\/v2\/media?parent=26024"}],"wp:term":[{"taxonomy":"category","embeddable":true,"href":"https:\/\/acontecenafronteira.com.br\/index.php\/wp-json\/wp\/v2\/categories?post=26024"},{"taxonomy":"post_tag","embeddable":true,"href":"https:\/\/acontecenafronteira.com.br\/index.php\/wp-json\/wp\/v2\/tags?post=26024"}],"curies":[{"name":"wp","href":"https:\/\/api.w.org\/{rel}","templated":true}]}}