{"id":2597,"date":"2021-11-23T09:42:11","date_gmt":"2021-11-23T12:42:11","guid":{"rendered":"https:\/\/acontecenafronteira.com.br\/?p=2597"},"modified":"2021-11-23T09:42:12","modified_gmt":"2021-11-23T12:42:12","slug":"justica-federal-do-parana-inicia-conciliacao-com-moradores-que-terao-terrenos-desapropriados-para-a-construcao-da-perimetral-leste","status":"publish","type":"post","link":"https:\/\/acontecenafronteira.com.br\/index.php\/2021\/11\/23\/justica-federal-do-parana-inicia-conciliacao-com-moradores-que-terao-terrenos-desapropriados-para-a-construcao-da-perimetral-leste\/","title":{"rendered":"Justi\u00e7a Federal do Paran\u00e1 inicia concilia\u00e7\u00e3o com moradores que ter\u00e3o terrenos desapropriados para a constru\u00e7\u00e3o da Perimetral Leste"},"content":{"rendered":"\n<p>Ser\u00e3o 64 audi\u00eancias realizadas at\u00e9 sexta-feira (26) para firmar o acordo com os moradores<\/p>\n\n\n\n<p>A Justi\u00e7a Federal do Paran\u00e1 deu in\u00edcio nesta segunda-feira, 22, ao mutir\u00e3o para concilia\u00e7\u00e3o sobre a desapropria\u00e7\u00e3o de terrenos localizados no trecho em que ser\u00e1 constru\u00edda a Perimetral Leste em Foz do Igua\u00e7u. At\u00e9 sexta-feira, 26, as equipes de servidores estar\u00e3o no F\u00f3rum da Justi\u00e7a Federal do Paran\u00e1 para receber os moradores e realizar as 64 audi\u00eancias previstas.\u00a0<br><br>O prefeito Chico Brasileiro participou da cerim\u00f4nia de abertura e celebrou a conquista da obra, esperada h\u00e1 mais de 30 anos pelos moradores, al\u00e9m de citar o importante papel da Itaipu Binacional, que ir\u00e1 custear a constru\u00e7\u00e3o da via.\u00a0<br><br>\u201cS\u00e3o anos de espera e finalmente vemos que tudo est\u00e1 se encaminhando para a realiza\u00e7\u00e3o. Ao tirarmos esses caminh\u00f5es de dentro da cidade, vamos melhorar a mobilidade no corredor tur\u00edstico e em diversos outros pontos\u201d.\u00a0<br><br>Brasileiro ainda elogiou a a\u00e7\u00e3o da Justi\u00e7a Federal e do Tribunal Regional Federal da 4\u00aa Regi\u00e3o para dar mais celeridade ao processo de desapropria\u00e7\u00e3o. \u201cO que seria uma dor de cabe\u00e7a para todas as partes, pode agora se tornar algo din\u00e2mico e r\u00e1pido, com toda a estrutura de audi\u00eancia montada para que os processos sejam discutidos e resolvidos no mesmo dia\u201d, detalhou o prefeito.\u00a0<br><br>A desembargadora do TRF-4, V\u00e2nia Hack, coordenadora do sistema de concilia\u00e7\u00e3o, explica que o mutir\u00e3o ser\u00e1 realizado sem custos para a popula\u00e7\u00e3o, j\u00e1 com a apresenta\u00e7\u00e3o das propostas e debates com os servidores para que ambas as partes saiam beneficiadas.\u00a0<br><br>\u201cEsse projeto \u00e9 importante porque reproduz experi\u00eancias de sucesso que tivemos com a negocia\u00e7\u00e3o de outras \u00e1reas desapropriadas. Esse \u00eaxito todo se deve ao mecanismo de acordo, que afasta as controv\u00e9rsias pelo bem do coletivo. S\u00e3o processos morosos que s\u00e3o resolvidos em uma mesa, com muita rapidez\u201d, destaca V\u00e2nia.\u00a0<br><br>Os acordos ser\u00e3o realizados na estrutura montada no F\u00f3rum da Justi\u00e7a Federal do Paran\u00e1, em Foz do Igua\u00e7u, localizado na Av. Pedro Basso, 920, das 8h \u00e0s 12h e das 14h \u00e0s 18h. Os moradores receberam a intima\u00e7\u00e3o e devem comparecer ao local na data e hor\u00e1rio informados.\u00a0<br><br><strong>Sistema de concilia\u00e7\u00e3o\u00a0<br><br><\/strong>O Departamento Nacional de Infraestrutura de Transportes (DNIT), por meio da empresa contratada para fazer a obra, elaborou um laudo pr\u00e9vio em cada uma das \u00e1reas, com a per\u00edcia e avalia\u00e7\u00e3o dos im\u00f3veis dentro das normas t\u00e9cnicas estabelecidas pelo Governo Federal.\u00a0<br><br>Ao todo, a \u00e1rea que ser\u00e1 desapropriada compreende a 3 km dos 15 km de extens\u00e3o que a Perimetral Leste ter\u00e1, cobrindo os trechos da Avenida General Meira at\u00e9 o encontro com a BR-469.\u00a0<br><br>Jos\u00e9 Antonio Savaris, diretor da Justi\u00e7a Federal do Paran\u00e1, refor\u00e7a o papel dos servidores que ir\u00e3o negociar cada um dos casos.\u00a0\u201cVamos ter um esfor\u00e7o concentrado de procuradores, advogados e ju\u00edzes que entendem que uma reuni\u00e3o tumultuada pode ser ruim para todos. Um processo longo pode ser muito demorado e caro, portanto, vamos fazer de tudo para que as conversas comecem e tamb\u00e9m terminem nestas mesas\u201d, garantiu.<\/p>\n\n\n\n<figure class=\"wp-block-gallery columns-3 is-cropped wp-block-gallery-1 is-layout-flex wp-block-gallery-is-layout-flex\"><ul class=\"blocks-gallery-grid\"><li class=\"blocks-gallery-item\"><figure><a href=\"https:\/\/acontecenafronteira.com.br\/wp-content\/uploads\/2021\/11\/WhatsApp-Image-2021-11-22-at-16.50.07.jpeg?v=1637671317\"><img loading=\"lazy\" decoding=\"async\" width=\"799\" height=\"533\" src=\"https:\/\/acontecenafronteira.com.br\/wp-content\/uploads\/2021\/11\/WhatsApp-Image-2021-11-22-at-16.50.07.jpeg\" alt=\"\" data-id=\"2599\" data-full-url=\"https:\/\/acontecenafronteira.com.br\/wp-content\/uploads\/2021\/11\/WhatsApp-Image-2021-11-22-at-16.50.07.jpeg?v=1637671317\" data-link=\"https:\/\/acontecenafronteira.com.br\/?attachment_id=2599\" class=\"wp-image-2599\" srcset=\"https:\/\/acontecenafronteira.com.br\/wp-content\/uploads\/2021\/11\/WhatsApp-Image-2021-11-22-at-16.50.07.jpeg?v=1637671317 799w, https:\/\/acontecenafronteira.com.br\/wp-content\/uploads\/2021\/11\/WhatsApp-Image-2021-11-22-at-16.50.07-300x200.jpeg?v=1637671317 300w, https:\/\/acontecenafronteira.com.br\/wp-content\/uploads\/2021\/11\/WhatsApp-Image-2021-11-22-at-16.50.07-768x512.jpeg?v=1637671317 768w\" sizes=\"auto, (max-width: 799px) 100vw, 799px\" \/><\/a><\/figure><\/li><li class=\"blocks-gallery-item\"><figure><a href=\"https:\/\/acontecenafronteira.com.br\/wp-content\/uploads\/2021\/11\/WhatsApp-Image-2021-11-22-at-16.50.06-2.jpeg?v=1637671318\"><img loading=\"lazy\" decoding=\"async\" width=\"799\" height=\"533\" src=\"https:\/\/acontecenafronteira.com.br\/wp-content\/uploads\/2021\/11\/WhatsApp-Image-2021-11-22-at-16.50.06-2.jpeg\" alt=\"\" data-id=\"2600\" data-full-url=\"https:\/\/acontecenafronteira.com.br\/wp-content\/uploads\/2021\/11\/WhatsApp-Image-2021-11-22-at-16.50.06-2.jpeg?v=1637671318\" data-link=\"https:\/\/acontecenafronteira.com.br\/?attachment_id=2600\" class=\"wp-image-2600\" srcset=\"https:\/\/acontecenafronteira.com.br\/wp-content\/uploads\/2021\/11\/WhatsApp-Image-2021-11-22-at-16.50.06-2.jpeg?v=1637671318 799w, https:\/\/acontecenafronteira.com.br\/wp-content\/uploads\/2021\/11\/WhatsApp-Image-2021-11-22-at-16.50.06-2-300x200.jpeg?v=1637671318 300w, https:\/\/acontecenafronteira.com.br\/wp-content\/uploads\/2021\/11\/WhatsApp-Image-2021-11-22-at-16.50.06-2-768x512.jpeg?v=1637671318 768w\" sizes=\"auto, (max-width: 799px) 100vw, 799px\" \/><\/a><\/figure><\/li><li class=\"blocks-gallery-item\"><figure><a href=\"https:\/\/acontecenafronteira.com.br\/wp-content\/uploads\/2021\/11\/WhatsApp-Image-2021-11-22-at-16.50.06-1.jpeg?v=1637671318\"><img loading=\"lazy\" decoding=\"async\" width=\"799\" height=\"533\" src=\"https:\/\/acontecenafronteira.com.br\/wp-content\/uploads\/2021\/11\/WhatsApp-Image-2021-11-22-at-16.50.06-1.jpeg\" alt=\"\" data-id=\"2601\" data-full-url=\"https:\/\/acontecenafronteira.com.br\/wp-content\/uploads\/2021\/11\/WhatsApp-Image-2021-11-22-at-16.50.06-1.jpeg?v=1637671318\" data-link=\"https:\/\/acontecenafronteira.com.br\/?attachment_id=2601\" class=\"wp-image-2601\" srcset=\"https:\/\/acontecenafronteira.com.br\/wp-content\/uploads\/2021\/11\/WhatsApp-Image-2021-11-22-at-16.50.06-1.jpeg?v=1637671318 799w, https:\/\/acontecenafronteira.com.br\/wp-content\/uploads\/2021\/11\/WhatsApp-Image-2021-11-22-at-16.50.06-1-300x200.jpeg?v=1637671318 300w, https:\/\/acontecenafronteira.com.br\/wp-content\/uploads\/2021\/11\/WhatsApp-Image-2021-11-22-at-16.50.06-1-768x512.jpeg?v=1637671318 768w\" sizes=\"auto, (max-width: 799px) 100vw, 799px\" \/><\/a><\/figure><\/li><li class=\"blocks-gallery-item\"><figure><a href=\"https:\/\/acontecenafronteira.com.br\/wp-content\/uploads\/2021\/11\/WhatsApp-Image-2021-11-22-at-16.50.06.jpeg?v=1637671319\"><img loading=\"lazy\" decoding=\"async\" width=\"799\" height=\"533\" src=\"https:\/\/acontecenafronteira.com.br\/wp-content\/uploads\/2021\/11\/WhatsApp-Image-2021-11-22-at-16.50.06.jpeg\" alt=\"\" data-id=\"2602\" data-full-url=\"https:\/\/acontecenafronteira.com.br\/wp-content\/uploads\/2021\/11\/WhatsApp-Image-2021-11-22-at-16.50.06.jpeg?v=1637671319\" data-link=\"https:\/\/acontecenafronteira.com.br\/?attachment_id=2602\" class=\"wp-image-2602\" srcset=\"https:\/\/acontecenafronteira.com.br\/wp-content\/uploads\/2021\/11\/WhatsApp-Image-2021-11-22-at-16.50.06.jpeg?v=1637671319 799w, https:\/\/acontecenafronteira.com.br\/wp-content\/uploads\/2021\/11\/WhatsApp-Image-2021-11-22-at-16.50.06-300x200.jpeg?v=1637671319 300w, https:\/\/acontecenafronteira.com.br\/wp-content\/uploads\/2021\/11\/WhatsApp-Image-2021-11-22-at-16.50.06-768x512.jpeg?v=1637671319 768w\" sizes=\"auto, (max-width: 799px) 100vw, 799px\" \/><\/a><\/figure><\/li><\/ul><\/figure>\n\n\n\n<p> Foto: Welyton Manoel\/PMFI.<br> <\/p>\n","protected":false},"excerpt":{"rendered":"<p>Ser\u00e3o 64 audi\u00eancias realizadas at\u00e9 sexta-feira (26) para firmar o acordo com os moradores A Justi\u00e7a Federal do Paran\u00e1 deu in\u00edcio nesta segunda-feira, 22, ao mutir\u00e3o para concilia\u00e7\u00e3o sobre a desapropria\u00e7\u00e3o de terrenos localizados no trecho em que ser\u00e1 constru\u00edda a Perimetral Leste em Foz do Igua\u00e7u. At\u00e9 sexta-feira, 26, as equipes de servidores estar\u00e3o [&hellip;]<\/p>\n","protected":false},"author":2,"featured_media":2603,"comment_status":"open","ping_status":"open","sticky":false,"template":"","format":"standard","meta":{"om_disable_all_campaigns":false,"_monsterinsights_skip_tracking":false,"_monsterinsights_sitenote_active":false,"_monsterinsights_sitenote_note":"","_monsterinsights_sitenote_category":0,"footnotes":""},"categories":[4],"tags":[],"class_list":["post-2597","post","type-post","status-publish","format-standard","has-post-thumbnail","hentry","category-cidade"],"_links":{"self":[{"href":"https:\/\/acontecenafronteira.com.br\/index.php\/wp-json\/wp\/v2\/posts\/2597","targetHints":{"allow":["GET"]}}],"collection":[{"href":"https:\/\/acontecenafronteira.com.br\/index.php\/wp-json\/wp\/v2\/posts"}],"about":[{"href":"https:\/\/acontecenafronteira.com.br\/index.php\/wp-json\/wp\/v2\/types\/post"}],"author":[{"embeddable":true,"href":"https:\/\/acontecenafronteira.com.br\/index.php\/wp-json\/wp\/v2\/users\/2"}],"replies":[{"embeddable":true,"href":"https:\/\/acontecenafronteira.com.br\/index.php\/wp-json\/wp\/v2\/comments?post=2597"}],"version-history":[{"count":1,"href":"https:\/\/acontecenafronteira.com.br\/index.php\/wp-json\/wp\/v2\/posts\/2597\/revisions"}],"predecessor-version":[{"id":2604,"href":"https:\/\/acontecenafronteira.com.br\/index.php\/wp-json\/wp\/v2\/posts\/2597\/revisions\/2604"}],"wp:featuredmedia":[{"embeddable":true,"href":"https:\/\/acontecenafronteira.com.br\/index.php\/wp-json\/wp\/v2\/media\/2603"}],"wp:attachment":[{"href":"https:\/\/acontecenafronteira.com.br\/index.php\/wp-json\/wp\/v2\/media?parent=2597"}],"wp:term":[{"taxonomy":"category","embeddable":true,"href":"https:\/\/acontecenafronteira.com.br\/index.php\/wp-json\/wp\/v2\/categories?post=2597"},{"taxonomy":"post_tag","embeddable":true,"href":"https:\/\/acontecenafronteira.com.br\/index.php\/wp-json\/wp\/v2\/tags?post=2597"}],"curies":[{"name":"wp","href":"https:\/\/api.w.org\/{rel}","templated":true}]}}