{"id":25932,"date":"2025-09-21T15:25:50","date_gmt":"2025-09-21T18:25:50","guid":{"rendered":"https:\/\/acontecenafronteira.com.br\/?p=25932"},"modified":"2025-09-21T15:25:51","modified_gmt":"2025-09-21T18:25:51","slug":"requerimento-cobra-informacoes-sobre-a-unidade-24h-padre-italo","status":"publish","type":"post","link":"https:\/\/acontecenafronteira.com.br\/index.php\/2025\/09\/21\/requerimento-cobra-informacoes-sobre-a-unidade-24h-padre-italo\/","title":{"rendered":"Requerimento cobra informa\u00e7\u00f5es sobre a unidade 24h Padre \u00cdtalo"},"content":{"rendered":"\n<p>Um requerimento (600\/2025) cobra informa\u00e7\u00f5es a respeito da Unidade de Sa\u00fade Padre \u00cdtalo. O documento questiona a exist\u00eancia ou n\u00e3o de planejamento para mudan\u00e7as da unidade. A mat\u00e9ria j\u00e1 passou pelo plen\u00e1rio da C\u00e2mara e foi encaminhada \u00e0 Prefeitura e est\u00e1 aguardando resposta.<\/p>\n\n\n\n<p>A vereadora Marcia Bachixte (MDB), autora do requerimento, explicou que recebeu informa\u00e7\u00f5es de que essa unidade 24 horas estava em um lugar inadequado. Ent\u00e3o, ela foi visitar o espa\u00e7o, conversou com os respons\u00e1veis e percebeu que havia a necessidade de amplia\u00e7\u00e3o do espa\u00e7o, a fim de que seja uma unidade que ofere\u00e7a ambiente saud\u00e1vel e de qualidade para atendimento \u00e0 popula\u00e7\u00e3o da regi\u00e3o sul.<\/p>\n\n\n\n<p>No requerimento, a parlamentar questiona: se haver\u00e1 altera\u00e7\u00e3o do espa\u00e7o f\u00edsico atualmente utilizado e, em caso afirmativo, quantos consult\u00f3rios permanecer\u00e3o dispon\u00edveis para atendimentos; se haver\u00e1 sala para medica\u00e7\u00e3o e sala de estabiliza\u00e7\u00e3o; qual a previs\u00e3o de atendimentos di\u00e1rios; em rela\u00e7\u00e3o \u00e0 disponibilidade de exames laboratoriais, qual o prazo m\u00e9dio para a entrega dos resultados de exames laboratoriais; se existe protocolo para realiza\u00e7\u00e3o de exames de imagem (resson\u00e2ncia e tomografia e raio X).<\/p>\n\n\n\n<p>E em caso de haver altera\u00e7\u00e3o na gest\u00e3o, a parlamentar cobra informa\u00e7\u00f5es a respeito de quais tipos de casos ser\u00e3o atendidos em regime de \u201cporta aberta\u201d; para quais pacientes ser\u00e3o ofertados os referidos exames; qual ser\u00e1 a abrang\u00eancia dos atendimentos de urg\u00eancia e emerg\u00eancia; e quais crit\u00e9rios ser\u00e3o adotados para a oferta desses exames de imagem, dentre outras indaga\u00e7\u00f5es.<\/p>\n\n\n\n<p><\/p>\n","protected":false},"excerpt":{"rendered":"<p>Um requerimento (600\/2025) cobra informa\u00e7\u00f5es a respeito da Unidade de Sa\u00fade Padre \u00cdtalo. O documento questiona a exist\u00eancia ou n\u00e3o de planejamento para mudan\u00e7as da unidade. A mat\u00e9ria j\u00e1 passou pelo plen\u00e1rio da C\u00e2mara e foi encaminhada \u00e0 Prefeitura e est\u00e1 aguardando resposta. A vereadora Marcia Bachixte (MDB), autora do requerimento, explicou que recebeu informa\u00e7\u00f5es [&hellip;]<\/p>\n","protected":false},"author":2,"featured_media":25933,"comment_status":"open","ping_status":"open","sticky":false,"template":"","format":"standard","meta":{"om_disable_all_campaigns":false,"_monsterinsights_skip_tracking":false,"_monsterinsights_sitenote_active":false,"_monsterinsights_sitenote_note":"","_monsterinsights_sitenote_category":0,"footnotes":""},"categories":[1],"tags":[],"class_list":["post-25932","post","type-post","status-publish","format-standard","has-post-thumbnail","hentry","category-sem-categoria"],"_links":{"self":[{"href":"https:\/\/acontecenafronteira.com.br\/index.php\/wp-json\/wp\/v2\/posts\/25932","targetHints":{"allow":["GET"]}}],"collection":[{"href":"https:\/\/acontecenafronteira.com.br\/index.php\/wp-json\/wp\/v2\/posts"}],"about":[{"href":"https:\/\/acontecenafronteira.com.br\/index.php\/wp-json\/wp\/v2\/types\/post"}],"author":[{"embeddable":true,"href":"https:\/\/acontecenafronteira.com.br\/index.php\/wp-json\/wp\/v2\/users\/2"}],"replies":[{"embeddable":true,"href":"https:\/\/acontecenafronteira.com.br\/index.php\/wp-json\/wp\/v2\/comments?post=25932"}],"version-history":[{"count":1,"href":"https:\/\/acontecenafronteira.com.br\/index.php\/wp-json\/wp\/v2\/posts\/25932\/revisions"}],"predecessor-version":[{"id":25934,"href":"https:\/\/acontecenafronteira.com.br\/index.php\/wp-json\/wp\/v2\/posts\/25932\/revisions\/25934"}],"wp:featuredmedia":[{"embeddable":true,"href":"https:\/\/acontecenafronteira.com.br\/index.php\/wp-json\/wp\/v2\/media\/25933"}],"wp:attachment":[{"href":"https:\/\/acontecenafronteira.com.br\/index.php\/wp-json\/wp\/v2\/media?parent=25932"}],"wp:term":[{"taxonomy":"category","embeddable":true,"href":"https:\/\/acontecenafronteira.com.br\/index.php\/wp-json\/wp\/v2\/categories?post=25932"},{"taxonomy":"post_tag","embeddable":true,"href":"https:\/\/acontecenafronteira.com.br\/index.php\/wp-json\/wp\/v2\/tags?post=25932"}],"curies":[{"name":"wp","href":"https:\/\/api.w.org\/{rel}","templated":true}]}}