{"id":25865,"date":"2025-09-17T14:19:29","date_gmt":"2025-09-17T17:19:29","guid":{"rendered":"https:\/\/acontecenafronteira.com.br\/?p=25865"},"modified":"2025-09-17T14:20:36","modified_gmt":"2025-09-17T17:20:36","slug":"prefeitura-de-foz-divulga-primeiro-censo-da-populacao-em-situacao-de-rua-do-interior-do-pais","status":"publish","type":"post","link":"https:\/\/acontecenafronteira.com.br\/index.php\/2025\/09\/17\/prefeitura-de-foz-divulga-primeiro-censo-da-populacao-em-situacao-de-rua-do-interior-do-pais\/","title":{"rendered":"Prefeitura de Foz divulga primeiro censo da popula\u00e7\u00e3o em situa\u00e7\u00e3o de rua do interior do pa\u00eds"},"content":{"rendered":"\n<p><strong><em>Levantamento identificou 589 pessoas vivendo nas ruas; concentra\u00e7\u00e3o ocorre nas regi\u00f5es Oeste e Leste da cidade<\/em><\/strong><\/p>\n\n\n\n<p>A Prefeitura de Foz do Igua\u00e7u apresenta nesta ter\u00e7a-feira (17) os resultados do primeiro censo municipal da popula\u00e7\u00e3o em situa\u00e7\u00e3o de rua, realizado entre 19 e 31 de agosto. O levantamento, conduzido pela Secretaria de Assist\u00eancia Social com apoio do CIAMP (Comit\u00ea Intersetorial de Acompanhamento e Monitoramento) e universidades, identificou 589 pessoas vivendo nas ruas da cidade.<\/p>\n\n\n\n<p>Segundo o secret\u00e1rio de Assist\u00eancia Social, Alex Thomazi, o estudo supre uma defici\u00eancia dos dados oficiais dispon\u00edveis at\u00e9 agora. \u201cOs dados do Cad\u00danico n\u00e3o traziam a transpar\u00eancia efetiva que precis\u00e1vamos para tomar decis\u00f5es. Com o censo, vamos ter base concreta para pol\u00edticas p\u00fablicas integradas. \u00c9 um ecossistema de gest\u00e3o planejada\u201d, afirmou.<\/p>\n\n\n\n<p>Perfil dos entrevistados<\/p>\n\n\n\n<p>A maioria dos entrevistados \u00e9 composta por homens cisg\u00eanero (489), enquanto mulheres cis representam 53. Tamb\u00e9m foram identificados dois homens trans, duas mulheres trans e duas pessoas travestis. Em 27 casos, o g\u00eanero n\u00e3o foi informado.<\/p>\n\n\n\n<p>Na distribui\u00e7\u00e3o por idade, predominam adultos jovens, seguidos de 41 idosos. Quanto \u00e0 cor ou ra\u00e7a, 321 se declararam pardos, 139 brancos, 79 pretos, 8 amarelos e 2 ind\u00edgenas.<\/p>\n\n\n\n<p>Mais da metade dos entrevistados declarou n\u00e3o consumir \u00e1lcool (56,9%), enquanto 43,1% afirmaram fazer uso. No caso das drogas psicoativas, 31,2% disseram consumir.<\/p>\n\n\n\n<p>Concentra\u00e7\u00e3o territorial<\/p>\n\n\n\n<p>O mapeamento espacial mostrou que a maior concentra\u00e7\u00e3o de pessoas em situa\u00e7\u00e3o de rua est\u00e1 na regi\u00e3o oeste, em torno da Casa de Acolhimento 3 (25 registros). Outra \u00e1rea de destaque \u00e9 o leste da cidade, onde est\u00e1 localizado o Centro Pop (32 registros), ponto de refer\u00eancia para atendimento e acolhimento.<\/p>\n\n\n\n<p>Na regi\u00e3o norte, o levantamento identificou concentra\u00e7\u00e3o menor, em torno da Casa de Acolhimento 2 (14 registros). J\u00e1 as regi\u00f5es Sul, Nordeste e Rural apresentaram baixa incid\u00eancia, com poucos casos dispersos.<\/p>\n\n\n\n<p>Segundo a secretaria, essa distribui\u00e7\u00e3o mostra que a popula\u00e7\u00e3o em situa\u00e7\u00e3o de rua tende a se concentrar nas \u00e1reas onde h\u00e1 servi\u00e7os de assist\u00eancia social dispon\u00edveis.<\/p>\n\n\n\n<p>Origens e tempo nas ruas<\/p>\n\n\n\n<p>O censo tamb\u00e9m revelou que a maioria das pessoas em situa\u00e7\u00e3o de rua \u00e9 oriunda de outros estados (210) e de munic\u00edpios do Paran\u00e1 (193). Apenas 148 declararam ter nascido em Foz do Igua\u00e7u. Outros 97 vieram de fora do pa\u00eds, n\u00famero significativo para uma cidade de fronteira.<\/p>\n\n\n\n<p>Quanto ao tempo de perman\u00eancia nas ruas, 180 pessoas afirmaram viver nessa condi\u00e7\u00e3o h\u00e1 mais de 15 anos. Outros grupos expressivos indicaram estar entre 5 e 10 anos (77 pessoas) e entre 10 e 15 anos (72 pessoas).<\/p>\n\n\n\n<p>Refer\u00eancia para o Paran\u00e1<\/p>\n\n\n\n<p>Com a conclus\u00e3o do estudo, a metodologia desenvolvida em Foz passa a ser refer\u00eancia para outros munic\u00edpios. O sistema ConectaFoz, criado pela Prefeitura, foi solicitado pela Secretaria Estadual de Justi\u00e7a e Cidadania e ser\u00e1 adotado em 50 cidades, que concentram 90% da popula\u00e7\u00e3o em situa\u00e7\u00e3o de rua do Paran\u00e1.<\/p>\n\n\n\n<p>Para o secret\u00e1rio, o levantamento marca um avan\u00e7o na gest\u00e3o p\u00fablica local. \u201cAntes, t\u00ednhamos uma fotografia borrada, com dados imprecisos. Agora temos clareza para tomar decis\u00f5es com transpar\u00eancia e objetividade\u201d, concluiu.<\/p>\n\n\n\n<p>A apresenta\u00e7\u00e3o dos dados ser\u00e1 detalhada a partir das 8h, no sal\u00e3o de reuni\u00f5es da Funda\u00e7\u00e3o Cultural de Foz do Igua\u00e7u.<\/p>\n\n\n\n<figure class=\"wp-block-image size-full\"><img loading=\"lazy\" decoding=\"async\" width=\"911\" height=\"889\" src=\"https:\/\/acontecenafronteira.com.br\/wp-content\/uploads\/2025\/09\/WhatsApp-Image-2025-09-17-at-8.17.42-AM.jpeg?v=1758129531\" alt=\"\" class=\"wp-image-25866\" srcset=\"https:\/\/acontecenafronteira.com.br\/wp-content\/uploads\/2025\/09\/WhatsApp-Image-2025-09-17-at-8.17.42-AM.jpeg?v=1758129531 911w, https:\/\/acontecenafronteira.com.br\/wp-content\/uploads\/2025\/09\/WhatsApp-Image-2025-09-17-at-8.17.42-AM-300x293.jpeg?v=1758129531 300w, https:\/\/acontecenafronteira.com.br\/wp-content\/uploads\/2025\/09\/WhatsApp-Image-2025-09-17-at-8.17.42-AM-768x749.jpeg?v=1758129531 768w\" sizes=\"auto, (max-width: 911px) 100vw, 911px\" \/><\/figure>\n\n\n\n<p>Maior concentra\u00e7\u00e3o das pessoas em situa\u00e7\u00e3o de rua est\u00e1 nas regi\u00f5es Leste e Oeste da cidade.<\/p>\n\n\n\n<p>Foto: Divulga\u00e7ao\/arquivo PMFI<\/p>\n","protected":false},"excerpt":{"rendered":"<p>Levantamento identificou 589 pessoas vivendo nas ruas; concentra\u00e7\u00e3o ocorre nas regi\u00f5es Oeste e Leste da cidade A Prefeitura de Foz do Igua\u00e7u apresenta nesta ter\u00e7a-feira (17) os resultados do primeiro censo municipal da popula\u00e7\u00e3o em situa\u00e7\u00e3o de rua, realizado entre 19 e 31 de agosto. O levantamento, conduzido pela Secretaria de Assist\u00eancia Social com apoio [&hellip;]<\/p>\n","protected":false},"author":2,"featured_media":21966,"comment_status":"open","ping_status":"open","sticky":false,"template":"","format":"standard","meta":{"om_disable_all_campaigns":false,"_monsterinsights_skip_tracking":false,"_monsterinsights_sitenote_active":false,"_monsterinsights_sitenote_note":"","_monsterinsights_sitenote_category":0,"footnotes":""},"categories":[26,4],"tags":[],"class_list":["post-25865","post","type-post","status-publish","format-standard","has-post-thumbnail","hentry","category-brasil","category-cidade"],"_links":{"self":[{"href":"https:\/\/acontecenafronteira.com.br\/index.php\/wp-json\/wp\/v2\/posts\/25865","targetHints":{"allow":["GET"]}}],"collection":[{"href":"https:\/\/acontecenafronteira.com.br\/index.php\/wp-json\/wp\/v2\/posts"}],"about":[{"href":"https:\/\/acontecenafronteira.com.br\/index.php\/wp-json\/wp\/v2\/types\/post"}],"author":[{"embeddable":true,"href":"https:\/\/acontecenafronteira.com.br\/index.php\/wp-json\/wp\/v2\/users\/2"}],"replies":[{"embeddable":true,"href":"https:\/\/acontecenafronteira.com.br\/index.php\/wp-json\/wp\/v2\/comments?post=25865"}],"version-history":[{"count":2,"href":"https:\/\/acontecenafronteira.com.br\/index.php\/wp-json\/wp\/v2\/posts\/25865\/revisions"}],"predecessor-version":[{"id":25868,"href":"https:\/\/acontecenafronteira.com.br\/index.php\/wp-json\/wp\/v2\/posts\/25865\/revisions\/25868"}],"wp:featuredmedia":[{"embeddable":true,"href":"https:\/\/acontecenafronteira.com.br\/index.php\/wp-json\/wp\/v2\/media\/21966"}],"wp:attachment":[{"href":"https:\/\/acontecenafronteira.com.br\/index.php\/wp-json\/wp\/v2\/media?parent=25865"}],"wp:term":[{"taxonomy":"category","embeddable":true,"href":"https:\/\/acontecenafronteira.com.br\/index.php\/wp-json\/wp\/v2\/categories?post=25865"},{"taxonomy":"post_tag","embeddable":true,"href":"https:\/\/acontecenafronteira.com.br\/index.php\/wp-json\/wp\/v2\/tags?post=25865"}],"curies":[{"name":"wp","href":"https:\/\/api.w.org\/{rel}","templated":true}]}}