{"id":25857,"date":"2025-09-17T14:13:04","date_gmt":"2025-09-17T17:13:04","guid":{"rendered":"https:\/\/acontecenafronteira.com.br\/?p=25857"},"modified":"2025-09-17T14:13:05","modified_gmt":"2025-09-17T17:13:05","slug":"itaipu-inicia-repasse-de-recursos-para-construcao-de-centros-culturais-em-aldeias-do-ms","status":"publish","type":"post","link":"https:\/\/acontecenafronteira.com.br\/index.php\/2025\/09\/17\/itaipu-inicia-repasse-de-recursos-para-construcao-de-centros-culturais-em-aldeias-do-ms\/","title":{"rendered":"Itaipu inicia repasse de recursos para constru\u00e7\u00e3o de centros culturais em aldeias do MS"},"content":{"rendered":"\n<p>Ser\u00e3o constru\u00eddas dez unidades em comunidades na regi\u00e3o do Conesul<\/p>\n\n\n\n<p>A Itaipu Binacional j\u00e1 come\u00e7ou a fazer o repasse dos recursos para a constru\u00e7\u00e3o de centros culturais ind\u00edgenas em aldeias Guarani Kaiow\u00e1 de mun\u00edcipios do Sul do Mato Grosso do Sul. O investimento de R$ 5,4 milh\u00f5es acontece por meio de uma parceria entre a Binacional, Funai, Instituto de Desenvolvimento Socioambiental (IDS) e Secretaria de Estado da Cidadania do Mato Grosso do Sul. Ao todo, ser\u00e3o dez pavilh\u00f5es de alvenaria com 120m\u00b2 cada um. A iniciativa \u00e9 parte das a\u00e7\u00f5es do Programa Itaipu Mais que Energia, alinhado a pol\u00edticas p\u00fablicas do governo do Brasil.<\/p>\n\n\n\n<p>De acordo com o diretor-geral da Itaipu, Enio Verri, os centros ind\u00edgenas representam espa\u00e7os de celebra\u00e7\u00e3o das heran\u00e7as culturais das comunidades e podem servir para outras reuni\u00f5es, inclusive para a recep\u00e7\u00e3o de visitantes nas aldeias. \u201cAs estruturas foram pensadas tamb\u00e9m para fomentar o empreendedorismo e o turismo sustent\u00e1vel nestas comunidades ind\u00edgenas. Ser\u00e1 poss\u00edvel o fortalecimento da economia criativa, ampliando a oferta de produtos e servi\u00e7os relacionados \u00e0 cultura ind\u00edgena, gerando tamb\u00e9m renda para essas comunidades\u201d, destaca.<\/p>\n\n\n\n<figure class=\"wp-block-image size-full\"><img loading=\"lazy\" decoding=\"async\" width=\"1024\" height=\"683\" src=\"https:\/\/acontecenafronteira.com.br\/wp-content\/uploads\/2025\/09\/20250414AM7500-1024x683-1.jpg?v=1758129115\" alt=\"\" class=\"wp-image-25858\" srcset=\"https:\/\/acontecenafronteira.com.br\/wp-content\/uploads\/2025\/09\/20250414AM7500-1024x683-1.jpg?v=1758129115 1024w, https:\/\/acontecenafronteira.com.br\/wp-content\/uploads\/2025\/09\/20250414AM7500-1024x683-1-300x200.jpg?v=1758129115 300w, https:\/\/acontecenafronteira.com.br\/wp-content\/uploads\/2025\/09\/20250414AM7500-1024x683-1-768x512.jpg?v=1758129115 768w\" sizes=\"auto, (max-width: 1024px) 100vw, 1024px\" \/><\/figure>\n\n\n\n<p>A estrutura desses espa\u00e7os ser\u00e1 feita com tecnologias ambientais que garantam que os centros sejam eficientes em termos energ\u00e9ticos e de baixo impacto ambiental. A constru\u00e7\u00e3o se dar\u00e1 por meio do IDS, que far\u00e1 a contrata\u00e7\u00e3o da m\u00e3o de obra e acompanhamento dos projetos. Atendendo a pedido das comunidades, ser\u00e1 dada prefer\u00eancia pela contrata\u00e7\u00e3o dos pr\u00f3prios ind\u00edgenas. Os centros ser\u00e3o constru\u00eddos nos munic\u00edpios de Amambai, Ant\u00f4nio Jo\u00e3o, Aral Moreira, Caarap\u00f3, Dourados, Laguna Carap\u00e3, Paranhos, Ponta Por\u00e3 e Tacuru.<\/p>\n\n\n\n<p><strong>Outros investimentos<\/strong><\/p>\n\n\n\n<p>A Itaipu tem feito diversos investimentos para melhorar a qualidade de vida dos ind\u00edgenas da regi\u00e3o Sul do Mato Grosso do Sul. Em novembro do ano passado a Binacional assinou conv\u00eanio voltado para a implementa\u00e7\u00e3o, amplia\u00e7\u00e3o e melhoria de sistemas de abastecimento de \u00e1gua em 18 aldeias ind\u00edgenas localizadas na \u00e1rea priorit\u00e1ria de atua\u00e7\u00e3o da empresa. Esse investimento \u00e9 realizado em parceria com o Governo do Estado do Mato Grosso do Sul, por meio da Empresa de Saneamento de Mato Grosso do Sul (Sanesul) e com a Secretaria de Sa\u00fade Ind\u00edgena (Sesai).<\/p>\n\n\n\n<p>Com o aporte de R$ 60 milh\u00f5es, R$ 45 milh\u00f5es da Itaipu e R$ 15 milh\u00f5es da Sanesul, o projeto garantir\u00e1 \u00e1gua pot\u00e1vel a aproximadamente 35 mil ind\u00edgenas Guarani Kaiow\u00e1, que ser\u00e3o benefici\u00e1rios diretos da implanta\u00e7\u00e3o do sistema. Al\u00e9m disso, cerca de 41 mil Kaiow\u00e1s tamb\u00e9m se beneficiar\u00e3o indiretamente da elabora\u00e7\u00e3o de projetos b\u00e1sicos e executivos de sistemas de abastecimento de \u00e1gua. A etnia enfrenta atualmente uma situa\u00e7\u00e3o de extrema vulnerabilidade de seguran\u00e7a h\u00eddrica.<\/p>\n","protected":false},"excerpt":{"rendered":"<p>Ser\u00e3o constru\u00eddas dez unidades em comunidades na regi\u00e3o do Conesul A Itaipu Binacional j\u00e1 come\u00e7ou a fazer o repasse dos recursos para a constru\u00e7\u00e3o de centros culturais ind\u00edgenas em aldeias Guarani Kaiow\u00e1 de mun\u00edcipios do Sul do Mato Grosso do Sul. O investimento de R$ 5,4 milh\u00f5es acontece por meio de uma parceria entre a [&hellip;]<\/p>\n","protected":false},"author":2,"featured_media":25859,"comment_status":"open","ping_status":"open","sticky":false,"template":"","format":"standard","meta":{"om_disable_all_campaigns":false,"_monsterinsights_skip_tracking":false,"_monsterinsights_sitenote_active":false,"_monsterinsights_sitenote_note":"","_monsterinsights_sitenote_category":0,"footnotes":""},"categories":[26,4,11],"tags":[],"class_list":["post-25857","post","type-post","status-publish","format-standard","has-post-thumbnail","hentry","category-brasil","category-cidade","category-itaipu"],"_links":{"self":[{"href":"https:\/\/acontecenafronteira.com.br\/index.php\/wp-json\/wp\/v2\/posts\/25857","targetHints":{"allow":["GET"]}}],"collection":[{"href":"https:\/\/acontecenafronteira.com.br\/index.php\/wp-json\/wp\/v2\/posts"}],"about":[{"href":"https:\/\/acontecenafronteira.com.br\/index.php\/wp-json\/wp\/v2\/types\/post"}],"author":[{"embeddable":true,"href":"https:\/\/acontecenafronteira.com.br\/index.php\/wp-json\/wp\/v2\/users\/2"}],"replies":[{"embeddable":true,"href":"https:\/\/acontecenafronteira.com.br\/index.php\/wp-json\/wp\/v2\/comments?post=25857"}],"version-history":[{"count":1,"href":"https:\/\/acontecenafronteira.com.br\/index.php\/wp-json\/wp\/v2\/posts\/25857\/revisions"}],"predecessor-version":[{"id":25860,"href":"https:\/\/acontecenafronteira.com.br\/index.php\/wp-json\/wp\/v2\/posts\/25857\/revisions\/25860"}],"wp:featuredmedia":[{"embeddable":true,"href":"https:\/\/acontecenafronteira.com.br\/index.php\/wp-json\/wp\/v2\/media\/25859"}],"wp:attachment":[{"href":"https:\/\/acontecenafronteira.com.br\/index.php\/wp-json\/wp\/v2\/media?parent=25857"}],"wp:term":[{"taxonomy":"category","embeddable":true,"href":"https:\/\/acontecenafronteira.com.br\/index.php\/wp-json\/wp\/v2\/categories?post=25857"},{"taxonomy":"post_tag","embeddable":true,"href":"https:\/\/acontecenafronteira.com.br\/index.php\/wp-json\/wp\/v2\/tags?post=25857"}],"curies":[{"name":"wp","href":"https:\/\/api.w.org\/{rel}","templated":true}]}}