{"id":25844,"date":"2025-09-16T17:04:06","date_gmt":"2025-09-16T20:04:06","guid":{"rendered":"https:\/\/acontecenafronteira.com.br\/?p=25844"},"modified":"2025-09-16T17:04:08","modified_gmt":"2025-09-16T20:04:08","slug":"fundacao-cultural-abre-licitacao-para-curadoria-e-organizacao-da-20a-feira-internacional-do-livro-de-foz-do-iguacu","status":"publish","type":"post","link":"https:\/\/acontecenafronteira.com.br\/index.php\/2025\/09\/16\/fundacao-cultural-abre-licitacao-para-curadoria-e-organizacao-da-20a-feira-internacional-do-livro-de-foz-do-iguacu\/","title":{"rendered":"Funda\u00e7\u00e3o Cultural abre licita\u00e7\u00e3o para curadoria e organiza\u00e7\u00e3o da 20\u00aa Feira Internacional do Livro de Foz do Igua\u00e7u"},"content":{"rendered":"\n<p><strong><em>A 20\u00aa FILFI ser\u00e1 realizada de 12 a 16 de novembro, na Pra\u00e7a da Paz<\/em><\/strong><\/p>\n\n\n\n<p>A Funda\u00e7\u00e3o Cultural de Foz do Igua\u00e7u publicou o aviso de licita\u00e7\u00e3o para a contrata\u00e7\u00e3o de empresa especializada em curadoria, organiza\u00e7\u00e3o e produ\u00e7\u00e3o de eventos. O objetivo \u00e9 selecionar a respons\u00e1vel pela realiza\u00e7\u00e3o da 20\u00aa edi\u00e7\u00e3o da Feira Internacional do Livro de Foz do Igua\u00e7u, que ser\u00e1 realizada entre os dias 12 e 16 de novembro de 2025.<\/p>\n\n\n\n<p>A licita\u00e7\u00e3o ser\u00e1 feita na modalidade Preg\u00e3o Eletr\u00f4nico n\u00ba 90004\/2025, com abertura e avalia\u00e7\u00e3o das propostas marcada para o dia 29 de setembro de 2025, \u00e0s 9h. O valor total da contrata\u00e7\u00e3o \u00e9 de R$ 590.312,00 (quinhentos e noventa mil e trezentos e doze reais).<\/p>\n\n\n\n<p>O edital est\u00e1 dispon\u00edvel para consulta e download no portal de compras do governo federal (www.gov.br\/compras\/pt-br UASG 929762).<\/p>\n\n\n\n<p>Mais informa\u00e7\u00f5es podem ser obtidas de segunda a sexta-feira, das 8h \u00e0s 12h e das 13h \u00e0s 17h, pelo e-mail licitacoes.fcfi@gmail.com.<\/p>\n","protected":false},"excerpt":{"rendered":"<p>A 20\u00aa FILFI ser\u00e1 realizada de 12 a 16 de novembro, na Pra\u00e7a da Paz A Funda\u00e7\u00e3o Cultural de Foz do Igua\u00e7u publicou o aviso de licita\u00e7\u00e3o para a contrata\u00e7\u00e3o de empresa especializada em curadoria, organiza\u00e7\u00e3o e produ\u00e7\u00e3o de eventos. O objetivo \u00e9 selecionar a respons\u00e1vel pela realiza\u00e7\u00e3o da 20\u00aa edi\u00e7\u00e3o da Feira Internacional do [&hellip;]<\/p>\n","protected":false},"author":2,"featured_media":25845,"comment_status":"open","ping_status":"open","sticky":false,"template":"","format":"standard","meta":{"om_disable_all_campaigns":false,"_monsterinsights_skip_tracking":false,"_monsterinsights_sitenote_active":false,"_monsterinsights_sitenote_note":"","_monsterinsights_sitenote_category":0,"footnotes":""},"categories":[26,4,3],"tags":[],"class_list":["post-25844","post","type-post","status-publish","format-standard","has-post-thumbnail","hentry","category-brasil","category-cidade","category-cultura"],"_links":{"self":[{"href":"https:\/\/acontecenafronteira.com.br\/index.php\/wp-json\/wp\/v2\/posts\/25844","targetHints":{"allow":["GET"]}}],"collection":[{"href":"https:\/\/acontecenafronteira.com.br\/index.php\/wp-json\/wp\/v2\/posts"}],"about":[{"href":"https:\/\/acontecenafronteira.com.br\/index.php\/wp-json\/wp\/v2\/types\/post"}],"author":[{"embeddable":true,"href":"https:\/\/acontecenafronteira.com.br\/index.php\/wp-json\/wp\/v2\/users\/2"}],"replies":[{"embeddable":true,"href":"https:\/\/acontecenafronteira.com.br\/index.php\/wp-json\/wp\/v2\/comments?post=25844"}],"version-history":[{"count":1,"href":"https:\/\/acontecenafronteira.com.br\/index.php\/wp-json\/wp\/v2\/posts\/25844\/revisions"}],"predecessor-version":[{"id":25846,"href":"https:\/\/acontecenafronteira.com.br\/index.php\/wp-json\/wp\/v2\/posts\/25844\/revisions\/25846"}],"wp:featuredmedia":[{"embeddable":true,"href":"https:\/\/acontecenafronteira.com.br\/index.php\/wp-json\/wp\/v2\/media\/25845"}],"wp:attachment":[{"href":"https:\/\/acontecenafronteira.com.br\/index.php\/wp-json\/wp\/v2\/media?parent=25844"}],"wp:term":[{"taxonomy":"category","embeddable":true,"href":"https:\/\/acontecenafronteira.com.br\/index.php\/wp-json\/wp\/v2\/categories?post=25844"},{"taxonomy":"post_tag","embeddable":true,"href":"https:\/\/acontecenafronteira.com.br\/index.php\/wp-json\/wp\/v2\/tags?post=25844"}],"curies":[{"name":"wp","href":"https:\/\/api.w.org\/{rel}","templated":true}]}}