{"id":25839,"date":"2025-09-16T16:57:25","date_gmt":"2025-09-16T19:57:25","guid":{"rendered":"https:\/\/acontecenafronteira.com.br\/?p=25839"},"modified":"2025-09-16T16:57:26","modified_gmt":"2025-09-16T19:57:26","slug":"plenario-acata-representacao-contra-vereador-dr-ranieri","status":"publish","type":"post","link":"https:\/\/acontecenafronteira.com.br\/index.php\/2025\/09\/16\/plenario-acata-representacao-contra-vereador-dr-ranieri\/","title":{"rendered":"Plen\u00e1rio acata representa\u00e7\u00e3o contra vereador Dr. Ranieri"},"content":{"rendered":"\n<p>O plen\u00e1rio da C\u00e2mara votou nesta ter\u00e7a-feira (16\/09) em sess\u00e3o ordin\u00e1ria pela aceita\u00e7\u00e3o do recebimento da representa\u00e7\u00e3o em desfavor do vereador Dr. Ranieri Marchioro (Republicanos), por quebra de decoro parlamentar. A representa\u00e7\u00e3o foi protocolada por Leandro da Silva Pinto, ex-assessor do referido vereador. Com o recebimento da representa\u00e7\u00e3o por 9 votos a 4, agora o processo vai para o Conselho de \u00c9tica e Decoro Parlamentar da C\u00e2mara.<\/p>\n\n\n\n<p>Nas alega\u00e7\u00f5es do documento (representa\u00e7\u00e3o 03\/2025) est\u00e3o que o vereador utilizou-se do ex-assessor (quando ainda nomeado na Casa de Leis), para realiza\u00e7\u00e3o de tarefas de cunho particular durante hor\u00e1rio de trabalho.<\/p>\n\n\n\n<p>O Dr. Ranieri disse que acatou a decis\u00e3o de seus pares e agora ter\u00e1 a oportunidade de apresentar a sua defesa no Conselho de \u00c9tica onde poder\u00e1 provar que as acusa\u00e7\u00f5es do seu ex-assessor n\u00e3o s\u00e3o verdadeiras.<\/p>\n\n\n\n<p>Conforme resolu\u00e7\u00e3o 164\/2020 que trata do funcionamento e organiza\u00e7\u00e3o dos trabalhos do Conselho de \u00e9tica e Decoro Parlamentar, o vereador submetido a processo disciplinar em curso, por infra\u00e7\u00e3o \u00e9tico-disciplinar n\u00e3o pode fazer parte do \u00f3rg\u00e3o. Uma vez que o vereador Dr. Ranieri \u00e9 membro do Conselho, ele fica impedido de participar da vota\u00e7\u00e3o e quem assume a vaga \u00e9 o vereador Adriano Rorato (PL), 1\u00ba suplente. Ap\u00f3s isso, \u00e9 feito o sorteio de quem assumir\u00e1 a relatoria do processo em tela.<\/p>\n\n\n\n<p>Os demais parlamentares que comp\u00f5em o Conselho s\u00e3o: Beni Rodrigues (PP) &#8211; Presidente, Cabo Cassol (PL), Valentina Rocha (PT), Evandro Ferreira (PSD) como membros.<\/p>\n","protected":false},"excerpt":{"rendered":"<p>O plen\u00e1rio da C\u00e2mara votou nesta ter\u00e7a-feira (16\/09) em sess\u00e3o ordin\u00e1ria pela aceita\u00e7\u00e3o do recebimento da representa\u00e7\u00e3o em desfavor do vereador Dr. Ranieri Marchioro (Republicanos), por quebra de decoro parlamentar. A representa\u00e7\u00e3o foi protocolada por Leandro da Silva Pinto, ex-assessor do referido vereador. Com o recebimento da representa\u00e7\u00e3o por 9 votos a 4, agora o [&hellip;]<\/p>\n","protected":false},"author":2,"featured_media":25840,"comment_status":"open","ping_status":"open","sticky":false,"template":"","format":"standard","meta":{"om_disable_all_campaigns":false,"_monsterinsights_skip_tracking":false,"_monsterinsights_sitenote_active":false,"_monsterinsights_sitenote_note":"","_monsterinsights_sitenote_category":0,"footnotes":""},"categories":[26,4,19],"tags":[],"class_list":["post-25839","post","type-post","status-publish","format-standard","has-post-thumbnail","hentry","category-brasil","category-cidade","category-politica"],"_links":{"self":[{"href":"https:\/\/acontecenafronteira.com.br\/index.php\/wp-json\/wp\/v2\/posts\/25839","targetHints":{"allow":["GET"]}}],"collection":[{"href":"https:\/\/acontecenafronteira.com.br\/index.php\/wp-json\/wp\/v2\/posts"}],"about":[{"href":"https:\/\/acontecenafronteira.com.br\/index.php\/wp-json\/wp\/v2\/types\/post"}],"author":[{"embeddable":true,"href":"https:\/\/acontecenafronteira.com.br\/index.php\/wp-json\/wp\/v2\/users\/2"}],"replies":[{"embeddable":true,"href":"https:\/\/acontecenafronteira.com.br\/index.php\/wp-json\/wp\/v2\/comments?post=25839"}],"version-history":[{"count":1,"href":"https:\/\/acontecenafronteira.com.br\/index.php\/wp-json\/wp\/v2\/posts\/25839\/revisions"}],"predecessor-version":[{"id":25841,"href":"https:\/\/acontecenafronteira.com.br\/index.php\/wp-json\/wp\/v2\/posts\/25839\/revisions\/25841"}],"wp:featuredmedia":[{"embeddable":true,"href":"https:\/\/acontecenafronteira.com.br\/index.php\/wp-json\/wp\/v2\/media\/25840"}],"wp:attachment":[{"href":"https:\/\/acontecenafronteira.com.br\/index.php\/wp-json\/wp\/v2\/media?parent=25839"}],"wp:term":[{"taxonomy":"category","embeddable":true,"href":"https:\/\/acontecenafronteira.com.br\/index.php\/wp-json\/wp\/v2\/categories?post=25839"},{"taxonomy":"post_tag","embeddable":true,"href":"https:\/\/acontecenafronteira.com.br\/index.php\/wp-json\/wp\/v2\/tags?post=25839"}],"curies":[{"name":"wp","href":"https:\/\/api.w.org\/{rel}","templated":true}]}}