{"id":25543,"date":"2025-09-02T12:18:59","date_gmt":"2025-09-02T15:18:59","guid":{"rendered":"https:\/\/acontecenafronteira.com.br\/?p=25543"},"modified":"2025-09-02T12:19:00","modified_gmt":"2025-09-02T15:19:00","slug":"parque-nacional-do-iguacu-registra-em-2025-maior-visitacao-de-agosto-de-toda-a-historia","status":"publish","type":"post","link":"https:\/\/acontecenafronteira.com.br\/index.php\/2025\/09\/02\/parque-nacional-do-iguacu-registra-em-2025-maior-visitacao-de-agosto-de-toda-a-historia\/","title":{"rendered":"Parque Nacional do Igua\u00e7u registra em 2025 maior visita\u00e7\u00e3o de agosto de toda a hist\u00f3ria"},"content":{"rendered":"\n<p>O Parque Nacional do Igua\u00e7u, que abriga as Cataratas do Igua\u00e7u, registrou a maior visita\u00e7\u00e3o do m\u00eas de agosto em toda a sua hist\u00f3ria, recebendo 155.780 visitantes de 115 nacionalidades. O n\u00famero supera o recorde anterior de 2019, quando 146.113 pessoas visitaram a unidade de conserva\u00e7\u00e3o.&nbsp;No acumulado do ano, o parque j\u00e1 recebeu 1.321.416 visitantes, volume 10,81% superior ao do mesmo per\u00edodo de 2024 (1.192.467 pessoas).<\/p>\n\n\n\n<p>Os brasileiros lideraram o ranking, com 79.659 visitantes (51,14% do total). Em seguida, aparecem os argentinos (34.839) e os italianos (4.589). Paraguaios (4.212), franceses (4.200), espanh\u00f3is (4.033), norte-americanos (3.959), alem\u00e3es (2.310), peruanos (1.874) e colombianos (1.184) completam o Top 10. Al\u00e9m dos estrangeiros, viajantes dos 26 estados brasileiros e do Distrito Federal passaram pela unidade em agosto. O Paran\u00e1 liderou, com 26.585 pessoas, seguido por S\u00e3o Paulo (16.957) e Santa Catarina (6.200).<\/p>\n\n\n\n<p>O CEO da Urbia Cataratas, concession\u00e1ria respons\u00e1vel pela gest\u00e3o da visita\u00e7\u00e3o, Mario Macedo Junior, destaca que o recorde de agosto representa muito mais do que n\u00fameros. \u201cEsse marco hist\u00f3rico confirma a for\u00e7a do Parque Nacional do Igua\u00e7u como um dos destinos mais admirados do planeta. Esse resultado significa milhares de pessoas vivendo experi\u00eancias \u00fanicas de conex\u00e3o com a natureza e, ao mesmo tempo, refor\u00e7a o papel estrat\u00e9gico do parque como motor de desenvolvimento econ\u00f4mico e social da regi\u00e3o\u201d, disse.<\/p>\n\n\n\n<p>O n\u00famero d\u00e1 sequ\u00eancia ao bom momento do turismo do Paran\u00e1.&nbsp;&nbsp;De janeiro a julho deste ano, 710.707 estrangeiros entraram no Estado, um aumento de 23,9% no comparativo com o mesmo per\u00edodo de 2024, quando foram registrados 573.580 viajantes de fora do Pa\u00eds no Estado. Os dados de agosto ainda n\u00e3o foram divulgados.<\/p>\n\n\n\n<blockquote class=\"wp-block-quote is-layout-flow wp-block-quote-is-layout-flow\">\n<p>\u201cO governador Ratinho Junior sabe da import\u00e2ncia do turismo na vida das pessoas e das empresas, por isso investiu no potencial do Paran\u00e1 neste setor. Os resultados est\u00e3o a\u00ed, como esse de Foz do Igua\u00e7u, com mais empregos sendo gerados, os hot\u00e9is batendo ocupa\u00e7\u00e3o m\u00e1xima. Isso \u00e9 fruto de um amplo trabalho de promo\u00e7\u00e3o do nosso turismo mundo afora\u201d, disse Leonaldo Paranhos, secret\u00e1rio estadual do Turismo.<\/p>\n<\/blockquote>\n\n\n\n<p><strong>INVESTIMENTOS&nbsp;<\/strong>\u2013 H\u00e1 algumas novidades no Parque Nacional do Igua\u00e7u, como novas trilhas, ciclovia pavimentada, experi\u00eancias especiais \u2013 como o Amanhecer, o P\u00f4r do Sol e o C\u00e9u das Cataratas \u2013, al\u00e9m do servi\u00e7o de bicicletas. Para aproveitar melhor o passeio, recomenda-se garantir o ingresso antecipado pelo site&nbsp;<a href=\"https:\/\/www.parana.pr.gov.br\/aen\/Noticia\/www.cataratasdoiguacu.com.br\" target=\"_blank\" rel=\"noreferrer noopener\">www.cataratasdoiguacu.com.br<\/a>, escolhendo dia e hor\u00e1rio da visita.<\/p>\n\n\n\n<figure class=\"wp-block-image size-large\"><img loading=\"lazy\" decoding=\"async\" width=\"1024\" height=\"683\" src=\"https:\/\/acontecenafronteira.com.br\/wp-content\/uploads\/2025\/09\/image00007-1024x683.jpg?v=1756826324\" alt=\"\" class=\"wp-image-25544\" srcset=\"https:\/\/acontecenafronteira.com.br\/wp-content\/uploads\/2025\/09\/image00007-1024x683.jpg?v=1756826324 1024w, https:\/\/acontecenafronteira.com.br\/wp-content\/uploads\/2025\/09\/image00007-300x200.jpg?v=1756826324 300w, https:\/\/acontecenafronteira.com.br\/wp-content\/uploads\/2025\/09\/image00007-768x512.jpg?v=1756826324 768w, https:\/\/acontecenafronteira.com.br\/wp-content\/uploads\/2025\/09\/image00007-1536x1024.jpg?v=1756826324 1536w, https:\/\/acontecenafronteira.com.br\/wp-content\/uploads\/2025\/09\/image00007-2048x1365.jpg?v=1756826324 2048w\" sizes=\"auto, (max-width: 1024px) 100vw, 1024px\" \/><\/figure>\n","protected":false},"excerpt":{"rendered":"<p>O Parque Nacional do Igua\u00e7u, que abriga as Cataratas do Igua\u00e7u, registrou a maior visita\u00e7\u00e3o do m\u00eas de agosto em toda a sua hist\u00f3ria, recebendo 155.780 visitantes de 115 nacionalidades. O n\u00famero supera o recorde anterior de 2019, quando 146.113 pessoas visitaram a unidade de conserva\u00e7\u00e3o.&nbsp;No acumulado do ano, o parque j\u00e1 recebeu 1.321.416 visitantes, [&hellip;]<\/p>\n","protected":false},"author":2,"featured_media":25545,"comment_status":"open","ping_status":"open","sticky":false,"template":"","format":"standard","meta":{"om_disable_all_campaigns":false,"_monsterinsights_skip_tracking":false,"_monsterinsights_sitenote_active":false,"_monsterinsights_sitenote_note":"","_monsterinsights_sitenote_category":0,"footnotes":""},"categories":[26,4,13,9],"tags":[],"class_list":["post-25543","post","type-post","status-publish","format-standard","has-post-thumbnail","hentry","category-brasil","category-cidade","category-entretenimento","category-turismo"],"_links":{"self":[{"href":"https:\/\/acontecenafronteira.com.br\/index.php\/wp-json\/wp\/v2\/posts\/25543","targetHints":{"allow":["GET"]}}],"collection":[{"href":"https:\/\/acontecenafronteira.com.br\/index.php\/wp-json\/wp\/v2\/posts"}],"about":[{"href":"https:\/\/acontecenafronteira.com.br\/index.php\/wp-json\/wp\/v2\/types\/post"}],"author":[{"embeddable":true,"href":"https:\/\/acontecenafronteira.com.br\/index.php\/wp-json\/wp\/v2\/users\/2"}],"replies":[{"embeddable":true,"href":"https:\/\/acontecenafronteira.com.br\/index.php\/wp-json\/wp\/v2\/comments?post=25543"}],"version-history":[{"count":1,"href":"https:\/\/acontecenafronteira.com.br\/index.php\/wp-json\/wp\/v2\/posts\/25543\/revisions"}],"predecessor-version":[{"id":25546,"href":"https:\/\/acontecenafronteira.com.br\/index.php\/wp-json\/wp\/v2\/posts\/25543\/revisions\/25546"}],"wp:featuredmedia":[{"embeddable":true,"href":"https:\/\/acontecenafronteira.com.br\/index.php\/wp-json\/wp\/v2\/media\/25545"}],"wp:attachment":[{"href":"https:\/\/acontecenafronteira.com.br\/index.php\/wp-json\/wp\/v2\/media?parent=25543"}],"wp:term":[{"taxonomy":"category","embeddable":true,"href":"https:\/\/acontecenafronteira.com.br\/index.php\/wp-json\/wp\/v2\/categories?post=25543"},{"taxonomy":"post_tag","embeddable":true,"href":"https:\/\/acontecenafronteira.com.br\/index.php\/wp-json\/wp\/v2\/tags?post=25543"}],"curies":[{"name":"wp","href":"https:\/\/api.w.org\/{rel}","templated":true}]}}