{"id":25540,"date":"2025-09-02T12:14:59","date_gmt":"2025-09-02T15:14:59","guid":{"rendered":"https:\/\/acontecenafronteira.com.br\/?p=25540"},"modified":"2025-09-02T12:15:01","modified_gmt":"2025-09-02T15:15:01","slug":"equipe-sub-15-masculina-conquista-bronze-em-campeonato-brasileiro-interclubes-de-basquetebol","status":"publish","type":"post","link":"https:\/\/acontecenafronteira.com.br\/index.php\/2025\/09\/02\/equipe-sub-15-masculina-conquista-bronze-em-campeonato-brasileiro-interclubes-de-basquetebol\/","title":{"rendered":"Equipe sub-15 masculina conquista bronze em Campeonato Brasileiro Interclubes de Basquetebol"},"content":{"rendered":"\n<p><strong><em>Atletas igua\u00e7uenses levaram a terceira coloca\u00e7\u00e3o na cidade de Guarapari (ES); resultado coloca o time entre os 16 melhores do pa\u00eds<\/em><\/strong><\/p>\n\n\n\n<p>A equipe de 12 atletas sub-15 masculino de Foz do Igua\u00e7u conquistou o terceiro lugar na Classificat\u00f3ria B do Campeonato Brasileiro Interclubes, realizado em Guarapari (ES), entre os 27 times participantes da categoria.<\/p>\n\n\n\n<p>Com a conquista do bronze nos jogos disputados entre 17 e 25 de agosto, os igua\u00e7uenses est\u00e3o entre as 16 melhores equipes do Brasil e foram classificados para a disputa da Fase Final do Campeonato Brasileiro Interclubes, que ser\u00e1 realizada em novembro, em Belo Horizonte (MG).<\/p>\n\n\n\n<blockquote class=\"wp-block-quote is-layout-flow wp-block-quote-is-layout-flow\">\n<p>\u201cO resultado foi muito positivo, importante e hist\u00f3rico para o basquete de Foz do Igua\u00e7u. Na categoria Sub-15, foi a primeira vez que conquistamos o p\u00f3dio e vaga na fase final\u201d, afirma o t\u00e9cnico Bruno Oliveira Pineze.<\/p>\n<\/blockquote>\n\n\n\n<p>A participa\u00e7\u00e3o da equipe na competi\u00e7\u00e3o contou com o apoio da Prefeitura de Foz do Igua\u00e7u, por meio da Secretaria Municipal de Esporte, Lazer, Juventude e Melhor Idade.<\/p>\n","protected":false},"excerpt":{"rendered":"<p>Atletas igua\u00e7uenses levaram a terceira coloca\u00e7\u00e3o na cidade de Guarapari (ES); resultado coloca o time entre os 16 melhores do pa\u00eds A equipe de 12 atletas sub-15 masculino de Foz do Igua\u00e7u conquistou o terceiro lugar na Classificat\u00f3ria B do Campeonato Brasileiro Interclubes, realizado em Guarapari (ES), entre os 27 times participantes da categoria. Com [&hellip;]<\/p>\n","protected":false},"author":2,"featured_media":25541,"comment_status":"open","ping_status":"open","sticky":false,"template":"","format":"standard","meta":{"om_disable_all_campaigns":false,"_monsterinsights_skip_tracking":false,"_monsterinsights_sitenote_active":false,"_monsterinsights_sitenote_note":"","_monsterinsights_sitenote_category":0,"footnotes":""},"categories":[26,4,2],"tags":[],"class_list":["post-25540","post","type-post","status-publish","format-standard","has-post-thumbnail","hentry","category-brasil","category-cidade","category-esportes"],"_links":{"self":[{"href":"https:\/\/acontecenafronteira.com.br\/index.php\/wp-json\/wp\/v2\/posts\/25540","targetHints":{"allow":["GET"]}}],"collection":[{"href":"https:\/\/acontecenafronteira.com.br\/index.php\/wp-json\/wp\/v2\/posts"}],"about":[{"href":"https:\/\/acontecenafronteira.com.br\/index.php\/wp-json\/wp\/v2\/types\/post"}],"author":[{"embeddable":true,"href":"https:\/\/acontecenafronteira.com.br\/index.php\/wp-json\/wp\/v2\/users\/2"}],"replies":[{"embeddable":true,"href":"https:\/\/acontecenafronteira.com.br\/index.php\/wp-json\/wp\/v2\/comments?post=25540"}],"version-history":[{"count":1,"href":"https:\/\/acontecenafronteira.com.br\/index.php\/wp-json\/wp\/v2\/posts\/25540\/revisions"}],"predecessor-version":[{"id":25542,"href":"https:\/\/acontecenafronteira.com.br\/index.php\/wp-json\/wp\/v2\/posts\/25540\/revisions\/25542"}],"wp:featuredmedia":[{"embeddable":true,"href":"https:\/\/acontecenafronteira.com.br\/index.php\/wp-json\/wp\/v2\/media\/25541"}],"wp:attachment":[{"href":"https:\/\/acontecenafronteira.com.br\/index.php\/wp-json\/wp\/v2\/media?parent=25540"}],"wp:term":[{"taxonomy":"category","embeddable":true,"href":"https:\/\/acontecenafronteira.com.br\/index.php\/wp-json\/wp\/v2\/categories?post=25540"},{"taxonomy":"post_tag","embeddable":true,"href":"https:\/\/acontecenafronteira.com.br\/index.php\/wp-json\/wp\/v2\/tags?post=25540"}],"curies":[{"name":"wp","href":"https:\/\/api.w.org\/{rel}","templated":true}]}}