{"id":25536,"date":"2025-09-02T12:13:46","date_gmt":"2025-09-02T15:13:46","guid":{"rendered":"https:\/\/acontecenafronteira.com.br\/?p=25536"},"modified":"2025-09-02T12:14:01","modified_gmt":"2025-09-02T15:14:01","slug":"prefeitura-de-foz-lanca-setembro-amarelo-com-acoes-permanentes-de-prevencao-ao-suicidio","status":"publish","type":"post","link":"https:\/\/acontecenafronteira.com.br\/index.php\/2025\/09\/02\/prefeitura-de-foz-lanca-setembro-amarelo-com-acoes-permanentes-de-prevencao-ao-suicidio\/","title":{"rendered":"Prefeitura de Foz lan\u00e7a Setembro Amarelo com a\u00e7\u00f5es permanentes de preven\u00e7\u00e3o ao suic\u00eddio"},"content":{"rendered":"\n<p><strong><em>Campanha ter\u00e1 mobiliza\u00e7\u00e3o trinacional nas fronteiras, rodas de conversa em escolas e atividades em unidades de sa\u00fade<\/em><\/strong><\/p>\n\n\n\n<p>A Prefeitura de Foz do Igua\u00e7u iniciou nesta segunda-feira (1\u00ba) a campanha Setembro Amarelo 2025, voltada \u00e0 preven\u00e7\u00e3o ao suic\u00eddio e \u00e0 promo\u00e7\u00e3o da sa\u00fade mental. O evento de abertura ocorreu no audit\u00f3rio da UDC Faculdades, com a presen\u00e7a do prefeito General Silva e Luna, do vice-prefeito Ricardinho, do secret\u00e1rio de Sa\u00fade, Fabio de Mello, e do presidente da C\u00e2mara, vereador Paulo Debrito.<\/p>\n\n\n\n<p>As primeiras a\u00e7\u00f5es come\u00e7aram em 28 de agosto, com a capacita\u00e7\u00e3o \u201cAgir salva vidas!\u201d, voltada a profissionais da sa\u00fade, da educa\u00e7\u00e3o e de entidades conveniadas.<\/p>\n\n\n\n<p>O ponto alto da mobiliza\u00e7\u00e3o ser\u00e1 em 10 de setembro, o Dia D da campanha. Est\u00e3o previstas:<\/p>\n\n\n\n<ul class=\"wp-block-list\">\n<li>atividades em UBSs, UPAs, CAPS e no CEM;<\/li>\n\n\n\n<li>blitz educativa no Terminal de Transporte Urbano (TTU);<\/li>\n\n\n\n<li>a\u00e7\u00f5es trinacionais nas aduanas do Paraguai e da Argentina;<\/li>\n\n\n\n<li>rodas de conversa em escolas estaduais (2\u00ba ano do ensino m\u00e9dio e 6\u00ba ano do fundamental), al\u00e9m de encontros com equipes pedag\u00f3gicas do N\u00facleo Regional de Educa\u00e7\u00e3o;<\/li>\n\n\n\n<li>palestras voltadas a trabalhadores de setores como hotelaria, mercados, lojas e restaurantes, em parceria com a Divis\u00e3o de Sa\u00fade do Trabalhador;<\/li>\n\n\n\n<li>atividades com for\u00e7as de seguran\u00e7a (Guarda Municipal, Pol\u00edcia Militar, Ex\u00e9rcito e penitenci\u00e1ria);<\/li>\n\n\n\n<li>a\u00e7\u00f5es nos equipamentos da Secretaria da Mulher (Casa Abrigo) e da Assist\u00eancia Social (CRAM e CRAS);<\/li>\n\n\n\n<li>eventos em universidades, como a UNILA, e com grupos comunit\u00e1rios, como o Segredo da Maturidade.<\/li>\n<\/ul>\n\n\n\n<p>O encerramento ocorrer\u00e1 em 10 de outubro, tamb\u00e9m no audit\u00f3rio da UDC, com a apresenta\u00e7\u00e3o dos resultados. A data coincide com o Dia Mundial da Sa\u00fade Mental.<\/p>\n\n\n\n<p>Rede de parceiros<\/p>\n\n\n\n<p>A campanha envolve \u00f3rg\u00e3os p\u00fablicos e entidades da sociedade civil. Entre os parceiros est\u00e3o a Secretaria da Mulher, a Secretaria da Assist\u00eancia Social, o CVV (Centro de Valoriza\u00e7\u00e3o da Vida), universidades e institui\u00e7\u00f5es conveniadas, como ACDD, Nosso Canto, AFA, UAA (Unidade de Acolhimento Adulto), Comunidade Terap\u00eautica Sagrada Fam\u00edlia e ONG Psico Sa\u00fade.<\/p>\n\n\n\n<p>Simplicidade no cuidado<\/p>\n\n\n\n<p>No discurso de abertura, o prefeito General Silva e Luna ressaltou a import\u00e2ncia de gestos cotidianos no cuidado com a sa\u00fade mental.<\/p>\n\n\n\n<blockquote class=\"wp-block-quote is-layout-flow wp-block-quote-is-layout-flow\">\n<p>\u201cA correria do dia a dia muitas vezes nos impede de dedicar aten\u00e7\u00e3o ao que realmente importa. Quantas vezes deixamos de ouvir um filho ou um familiar, adiamos uma conversa e, quando percebemos, j\u00e1 passou o momento? O cuidado com a sa\u00fade mental exige presen\u00e7a no agora, exige ouvir na hora certa, olhar na hora certa. S\u00e3o atitudes simples, pr\u00e1ticas e objetivas que podem fazer diferen\u00e7a. N\u00e3o se trata de grandes teorias, mas da capacidade de enxergar, escutar e adotar pequenos comportamentos que, na simplicidade, podem gerar grandes solu\u00e7\u00f5es.\u201d<\/p>\n<\/blockquote>\n\n\n\n<p>De acordo com a Prefeitura, a meta \u00e9 transformar o Setembro Amarelo em um marco de pol\u00edtica p\u00fablica permanente, com rodas de conversa, capacita\u00e7\u00f5es e a\u00e7\u00f5es comunit\u00e1rias distribu\u00eddas ao longo do ano.<\/p>\n","protected":false},"excerpt":{"rendered":"<p>Campanha ter\u00e1 mobiliza\u00e7\u00e3o trinacional nas fronteiras, rodas de conversa em escolas e atividades em unidades de sa\u00fade A Prefeitura de Foz do Igua\u00e7u iniciou nesta segunda-feira (1\u00ba) a campanha Setembro Amarelo 2025, voltada \u00e0 preven\u00e7\u00e3o ao suic\u00eddio e \u00e0 promo\u00e7\u00e3o da sa\u00fade mental. O evento de abertura ocorreu no audit\u00f3rio da UDC Faculdades, com a [&hellip;]<\/p>\n","protected":false},"author":2,"featured_media":25537,"comment_status":"open","ping_status":"open","sticky":false,"template":"","format":"standard","meta":{"om_disable_all_campaigns":false,"_monsterinsights_skip_tracking":false,"_monsterinsights_sitenote_active":false,"_monsterinsights_sitenote_note":"","_monsterinsights_sitenote_category":0,"footnotes":""},"categories":[26,4,10],"tags":[],"class_list":["post-25536","post","type-post","status-publish","format-standard","has-post-thumbnail","hentry","category-brasil","category-cidade","category-saude"],"_links":{"self":[{"href":"https:\/\/acontecenafronteira.com.br\/index.php\/wp-json\/wp\/v2\/posts\/25536","targetHints":{"allow":["GET"]}}],"collection":[{"href":"https:\/\/acontecenafronteira.com.br\/index.php\/wp-json\/wp\/v2\/posts"}],"about":[{"href":"https:\/\/acontecenafronteira.com.br\/index.php\/wp-json\/wp\/v2\/types\/post"}],"author":[{"embeddable":true,"href":"https:\/\/acontecenafronteira.com.br\/index.php\/wp-json\/wp\/v2\/users\/2"}],"replies":[{"embeddable":true,"href":"https:\/\/acontecenafronteira.com.br\/index.php\/wp-json\/wp\/v2\/comments?post=25536"}],"version-history":[{"count":2,"href":"https:\/\/acontecenafronteira.com.br\/index.php\/wp-json\/wp\/v2\/posts\/25536\/revisions"}],"predecessor-version":[{"id":25539,"href":"https:\/\/acontecenafronteira.com.br\/index.php\/wp-json\/wp\/v2\/posts\/25536\/revisions\/25539"}],"wp:featuredmedia":[{"embeddable":true,"href":"https:\/\/acontecenafronteira.com.br\/index.php\/wp-json\/wp\/v2\/media\/25537"}],"wp:attachment":[{"href":"https:\/\/acontecenafronteira.com.br\/index.php\/wp-json\/wp\/v2\/media?parent=25536"}],"wp:term":[{"taxonomy":"category","embeddable":true,"href":"https:\/\/acontecenafronteira.com.br\/index.php\/wp-json\/wp\/v2\/categories?post=25536"},{"taxonomy":"post_tag","embeddable":true,"href":"https:\/\/acontecenafronteira.com.br\/index.php\/wp-json\/wp\/v2\/tags?post=25536"}],"curies":[{"name":"wp","href":"https:\/\/api.w.org\/{rel}","templated":true}]}}