{"id":2475,"date":"2021-11-22T10:04:29","date_gmt":"2021-11-22T13:04:29","guid":{"rendered":"https:\/\/acontecenafronteira.com.br\/?p=2475"},"modified":"2021-11-22T10:04:29","modified_gmt":"2021-11-22T13:04:29","slug":"nota-a-imprensa","status":"publish","type":"post","link":"https:\/\/acontecenafronteira.com.br\/index.php\/2021\/11\/22\/nota-a-imprensa\/","title":{"rendered":"NOTA A IMPRENSA"},"content":{"rendered":"\n<p>A Pol\u00edcia Civil de Santa Terezinha de Itaipu j\u00e1 tem a identidade do principal autor da morte do Guarda Municipal de Foz do Igua\u00e7u.<\/p>\n\n\n\n<p>De acordo com a Pol\u00edcia Civil, ap\u00f3s a ocorr\u00eancia de crime de homic\u00eddio consumado e homic\u00eddio tentado, fato ocorrido na tarde de quinta-feira (18), na Rua Renato Montemezo no centro de Santa Terezinha de Itaipu.<\/p>\n\n\n\n<p>O setor de investiga\u00e7\u00e3o da Pol\u00edcia Civil foi ao local de crime, e constatou que havia uma pessoa em \u00f3bito com idade de 50 anos e outra baleada em uma das pernas de 29 anos.<\/p>\n\n\n\n<p>Que a vitima em \u00f3bito se tratava-se de um Guarda Municipal da cidade de Foz do Igua\u00e7u, que estava a passeio nesta cidade na resid\u00eancia de um parente, e a outra v\u00edtima baleada \u00e9 sobrinho do GM que reside nesta cidade.<\/p>\n\n\n\n<p>Que ap\u00f3s os investigadores realizarem as diligencias de praxe, duas pessoas foram conduzidas para a Delegacia, onde ap\u00f3s serem ouvidas os investigadores identificaram a autoria dos disparos de arma de fogo contra as duas vitimas como sendo J.P.V com idade de 43 anos com alcunha de \u00cdNDIO o qual possui uma extensa ficha criminal onde responde (6) seis homic\u00eddios, (5) cinco roubos (1) um trafico (3) tr\u00eas porte de arma de fogo e amea\u00e7a.<\/p>\n\n\n\n<p>Que de acordo com as investiga\u00e7\u00f5es, a motiva\u00e7\u00e3o do crime se deu partir da manh\u00e3 do dia 18\/11, quando a vitima que reside nesta cidade foi a chapea\u00e7\u00e3o onde ocorreu o crime e visualizou um dos ve\u00edculos que o autor do crime possui que estava para conserto e ter avisado o propriet\u00e1rio que o ve\u00edculos seria de um ladr\u00e3o, onde propriet\u00e1rio chamou o autor e explicou que n\u00e3o iria arrumar.<\/p>\n\n\n\n<p>O inqu\u00e9rito Policial j\u00e1 foi instaurado e ouvidas testemunhas.<\/p>\n\n\n\n<p>A pol\u00edcia civil pede o apoio da popula\u00e7\u00e3o para que sejam feitas den\u00fancias a delegacia de Santa Terezinha de Itaipu, acerca do ve\u00edculo VW\/GOL utilizado no crime.<\/p>\n","protected":false},"excerpt":{"rendered":"<p>A Pol\u00edcia Civil de Santa Terezinha de Itaipu j\u00e1 tem a identidade do principal autor da morte do Guarda Municipal de Foz do Igua\u00e7u. De acordo com a Pol\u00edcia Civil, ap\u00f3s a ocorr\u00eancia de crime de homic\u00eddio consumado e homic\u00eddio tentado, fato ocorrido na tarde de quinta-feira (18), na Rua Renato Montemezo no centro de [&hellip;]<\/p>\n","protected":false},"author":2,"featured_media":2476,"comment_status":"open","ping_status":"open","sticky":false,"template":"","format":"standard","meta":{"om_disable_all_campaigns":false,"_monsterinsights_skip_tracking":false,"_monsterinsights_sitenote_active":false,"_monsterinsights_sitenote_note":"","_monsterinsights_sitenote_category":0,"footnotes":""},"categories":[4],"tags":[],"class_list":["post-2475","post","type-post","status-publish","format-standard","has-post-thumbnail","hentry","category-cidade"],"_links":{"self":[{"href":"https:\/\/acontecenafronteira.com.br\/index.php\/wp-json\/wp\/v2\/posts\/2475","targetHints":{"allow":["GET"]}}],"collection":[{"href":"https:\/\/acontecenafronteira.com.br\/index.php\/wp-json\/wp\/v2\/posts"}],"about":[{"href":"https:\/\/acontecenafronteira.com.br\/index.php\/wp-json\/wp\/v2\/types\/post"}],"author":[{"embeddable":true,"href":"https:\/\/acontecenafronteira.com.br\/index.php\/wp-json\/wp\/v2\/users\/2"}],"replies":[{"embeddable":true,"href":"https:\/\/acontecenafronteira.com.br\/index.php\/wp-json\/wp\/v2\/comments?post=2475"}],"version-history":[{"count":1,"href":"https:\/\/acontecenafronteira.com.br\/index.php\/wp-json\/wp\/v2\/posts\/2475\/revisions"}],"predecessor-version":[{"id":2477,"href":"https:\/\/acontecenafronteira.com.br\/index.php\/wp-json\/wp\/v2\/posts\/2475\/revisions\/2477"}],"wp:featuredmedia":[{"embeddable":true,"href":"https:\/\/acontecenafronteira.com.br\/index.php\/wp-json\/wp\/v2\/media\/2476"}],"wp:attachment":[{"href":"https:\/\/acontecenafronteira.com.br\/index.php\/wp-json\/wp\/v2\/media?parent=2475"}],"wp:term":[{"taxonomy":"category","embeddable":true,"href":"https:\/\/acontecenafronteira.com.br\/index.php\/wp-json\/wp\/v2\/categories?post=2475"},{"taxonomy":"post_tag","embeddable":true,"href":"https:\/\/acontecenafronteira.com.br\/index.php\/wp-json\/wp\/v2\/tags?post=2475"}],"curies":[{"name":"wp","href":"https:\/\/api.w.org\/{rel}","templated":true}]}}