{"id":24697,"date":"2025-07-21T18:40:34","date_gmt":"2025-07-21T21:40:34","guid":{"rendered":"https:\/\/acontecenafronteira.com.br\/?p=24697"},"modified":"2025-07-21T18:40:35","modified_gmt":"2025-07-21T21:40:35","slug":"secretaria-de-obras-inicia-recapeamento-em-trecho-da-avenida-felipe-wandscheer","status":"publish","type":"post","link":"https:\/\/acontecenafronteira.com.br\/index.php\/2025\/07\/21\/secretaria-de-obras-inicia-recapeamento-em-trecho-da-avenida-felipe-wandscheer\/","title":{"rendered":"Secretaria de Obras inicia recapeamento em trecho da Avenida Felipe Wandscheer"},"content":{"rendered":"\n<p><strong><em>\u00c1rea entre a Avenida Maria Bubiak e a Rua da Cosmo\u00e9tica ter\u00e1 tr\u00e2nsito interrompido a partir desta ter\u00e7a-feira (22) das 08h \u00e0s 18h para garantir a qualidade dos servi\u00e7os<\/em><\/strong><\/p>\n\n\n\n<p>A Secretaria Municipal de Obras inicia nesta ter\u00e7a-feira (22) o recapeamento de um trecho da Avenida Felipe Wandscheer, entre a Avenida Maria Bubiak e a Rua da Cosmo\u00e9tica.<\/p>\n\n\n\n<p>Para garantir a qualidade dos trabalhos e a seguran\u00e7a dos motoristas, o tr\u00e2nsito na \u00e1rea ser\u00e1 totalmente interrompido durante a execu\u00e7\u00e3o dos servi\u00e7os, das 8h \u00e0s 18h. A pista ser\u00e1 liberada no per\u00edodo noturno. A previs\u00e3o \u00e9 que a primeira fase do recapeamento seja conclu\u00edda at\u00e9 quinta-feira (24).<\/p>\n\n\n\n<p>As etapas incluem a fresagem (remo\u00e7\u00e3o do asfalto antigo), prepara\u00e7\u00e3o da base e aplica\u00e7\u00e3o do CBUQ (Concreto Betuminoso Usinado a Quente), massa asf\u00e1ltica ideal para vias de grande fluxo e tr\u00e1fego de ve\u00edculos pesados. Nesta semana ser\u00e3o conclu\u00eddas a primeira e segunda etapa e, no in\u00edcio da semana que vem, ocorre a terceira e \u00faltima fase das obras.<\/p>\n\n\n\n<p>&#8220;A equipe est\u00e1 mobilizada para realizar esse e outros servi\u00e7os com agilidade e qualidade. Temos trabalhado intensamente para atender as demandas da popula\u00e7\u00e3o e melhorar cada vez mais a infraestrutura vi\u00e1ria da cidade&#8221;, afirmou a secret\u00e1ria municipal de Obras, Thais Escobar.<\/p>\n\n\n\n<p>Rotas alternativas<\/p>\n\n\n\n<p>Durante a interdi\u00e7\u00e3o, apenas os moradores dos condom\u00ednios e resid\u00eancias localizados nessa regi\u00e3o ter\u00e3o acesso \u00e0 via, pela Rua Itabora\u00ed.<\/p>\n\n\n\n<p>Como rotas alternativas, os motoristas poder\u00e3o utilizar a Avenida Maria Bubiak, a Avenida Rep\u00fablica Argentina e a Rua Argemiro Lemos. A partir das 18 horas, a Avenida Felipe Wandscheer ser\u00e1 liberada em meia pista, permitindo o acesso dos moradores \u00e0s suas resid\u00eancias com mais facilidade.<\/p>\n\n\n\n<figure class=\"wp-block-image size-full\"><img loading=\"lazy\" decoding=\"async\" width=\"738\" height=\"597\" src=\"https:\/\/acontecenafronteira.com.br\/wp-content\/uploads\/2025\/07\/WhatsApp-Image-2025-07-21-at-14.20.35.jpeg?v=1753134019\" alt=\"\" class=\"wp-image-24698\" srcset=\"https:\/\/acontecenafronteira.com.br\/wp-content\/uploads\/2025\/07\/WhatsApp-Image-2025-07-21-at-14.20.35.jpeg?v=1753134019 738w, https:\/\/acontecenafronteira.com.br\/wp-content\/uploads\/2025\/07\/WhatsApp-Image-2025-07-21-at-14.20.35-300x243.jpeg?v=1753134019 300w\" sizes=\"auto, (max-width: 738px) 100vw, 738px\" \/><\/figure>\n","protected":false},"excerpt":{"rendered":"<p>\u00c1rea entre a Avenida Maria Bubiak e a Rua da Cosmo\u00e9tica ter\u00e1 tr\u00e2nsito interrompido a partir desta ter\u00e7a-feira (22) das 08h \u00e0s 18h para garantir a qualidade dos servi\u00e7os A Secretaria Municipal de Obras inicia nesta ter\u00e7a-feira (22) o recapeamento de um trecho da Avenida Felipe Wandscheer, entre a Avenida Maria Bubiak e a Rua [&hellip;]<\/p>\n","protected":false},"author":2,"featured_media":24699,"comment_status":"open","ping_status":"open","sticky":false,"template":"","format":"standard","meta":{"om_disable_all_campaigns":false,"_monsterinsights_skip_tracking":false,"_monsterinsights_sitenote_active":false,"_monsterinsights_sitenote_note":"","_monsterinsights_sitenote_category":0,"footnotes":""},"categories":[26,4,14],"tags":[],"class_list":["post-24697","post","type-post","status-publish","format-standard","has-post-thumbnail","hentry","category-brasil","category-cidade","category-obras"],"_links":{"self":[{"href":"https:\/\/acontecenafronteira.com.br\/index.php\/wp-json\/wp\/v2\/posts\/24697","targetHints":{"allow":["GET"]}}],"collection":[{"href":"https:\/\/acontecenafronteira.com.br\/index.php\/wp-json\/wp\/v2\/posts"}],"about":[{"href":"https:\/\/acontecenafronteira.com.br\/index.php\/wp-json\/wp\/v2\/types\/post"}],"author":[{"embeddable":true,"href":"https:\/\/acontecenafronteira.com.br\/index.php\/wp-json\/wp\/v2\/users\/2"}],"replies":[{"embeddable":true,"href":"https:\/\/acontecenafronteira.com.br\/index.php\/wp-json\/wp\/v2\/comments?post=24697"}],"version-history":[{"count":1,"href":"https:\/\/acontecenafronteira.com.br\/index.php\/wp-json\/wp\/v2\/posts\/24697\/revisions"}],"predecessor-version":[{"id":24700,"href":"https:\/\/acontecenafronteira.com.br\/index.php\/wp-json\/wp\/v2\/posts\/24697\/revisions\/24700"}],"wp:featuredmedia":[{"embeddable":true,"href":"https:\/\/acontecenafronteira.com.br\/index.php\/wp-json\/wp\/v2\/media\/24699"}],"wp:attachment":[{"href":"https:\/\/acontecenafronteira.com.br\/index.php\/wp-json\/wp\/v2\/media?parent=24697"}],"wp:term":[{"taxonomy":"category","embeddable":true,"href":"https:\/\/acontecenafronteira.com.br\/index.php\/wp-json\/wp\/v2\/categories?post=24697"},{"taxonomy":"post_tag","embeddable":true,"href":"https:\/\/acontecenafronteira.com.br\/index.php\/wp-json\/wp\/v2\/tags?post=24697"}],"curies":[{"name":"wp","href":"https:\/\/api.w.org\/{rel}","templated":true}]}}