{"id":2469,"date":"2021-11-21T21:31:11","date_gmt":"2021-11-22T00:31:11","guid":{"rendered":"https:\/\/acontecenafronteira.com.br\/?p=2469"},"modified":"2021-11-21T21:31:13","modified_gmt":"2021-11-22T00:31:13","slug":"ney-patricio-articula-com-a-fomento-parana-e-banco-do-empreendedor-segunda-etapa-do-foz-juro-zero","status":"publish","type":"post","link":"https:\/\/acontecenafronteira.com.br\/index.php\/2021\/11\/21\/ney-patricio-articula-com-a-fomento-parana-e-banco-do-empreendedor-segunda-etapa-do-foz-juro-zero\/","title":{"rendered":"Ney Patr\u00edcio articula com a Fomento Paran\u00e1 e Banco do Empreendedor segunda etapa do Foz Juro Zero"},"content":{"rendered":"\n<p><strong><em>Programa de Microfinan\u00e7as oferece cr\u00e9dito para microempreendedores, pequenas empresas e informais<\/em><\/strong><\/p>\n\n\n\n<p>O presidente do Legislativo Igua\u00e7uense, vereador Ney Patr\u00edcio (PSD), se reuniu na manh\u00e3 desta sexta-feira, 19 de novembro, com o diretor-presidente da Fomento Paran\u00e1, Heraldo Alves das Neves e com o coordenador do Banco do Empreendedor de Foz, Volnei Lampert, para discutir a segunda etapa do Foz Juro Zero.<\/p>\n\n\n\n<p>Ney Patr\u00edcio destacou que \u201ca segunda etapa se justifica em fun\u00e7\u00e3o ainda de as empresas estarem se recuperando dos efeitos econ\u00f4micos trazidos pela pandemia. Queremos dar mais um f\u00f4lego \u00e0s empresas, especialmente ligadas ao setor tur\u00edstico, que foram intensamente afetadas\u201d.<\/p>\n\n\n\n<p>\u201cPara n\u00f3s \u00e9 importante estimular a cidade que praticamente inventou essa parceria com o governo. Essa \u00e9 uma segunda conversa nossa a respeito da pr\u00f3xima etapa do programa, que deve auxiliar empres\u00e1rios da cidade, tamb\u00e9m do ramo do turismo e auxiliar a receber melhor o turista\u201d, destacou o diretor-presidente da Fomento Paran\u00e1, institui\u00e7\u00e3o financeira de desenvolvimento do governo do estado, Heraldo Alves das Neves.<\/p>\n\n\n\n<p>Foz Juro Zero \u00e9 um Programa de Microfinan\u00e7as que oferece linhas de cr\u00e9dito emergenciais. Ele \u00e9 efetuado por meio do Banco do Empreendedor, atrav\u00e9s de conv\u00eanio firmado com a Fomento Paran\u00e1. O recurso \u00e9 destinado a microempreendedores individuais, pequenas empresas e empreendimentos informais.<\/p>\n","protected":false},"excerpt":{"rendered":"<p>Programa de Microfinan\u00e7as oferece cr\u00e9dito para microempreendedores, pequenas empresas e informais O presidente do Legislativo Igua\u00e7uense, vereador Ney Patr\u00edcio (PSD), se reuniu na manh\u00e3 desta sexta-feira, 19 de novembro, com o diretor-presidente da Fomento Paran\u00e1, Heraldo Alves das Neves e com o coordenador do Banco do Empreendedor de Foz, Volnei Lampert, para discutir a segunda [&hellip;]<\/p>\n","protected":false},"author":2,"featured_media":2470,"comment_status":"open","ping_status":"open","sticky":false,"template":"","format":"standard","meta":{"om_disable_all_campaigns":false,"_monsterinsights_skip_tracking":false,"_monsterinsights_sitenote_active":false,"_monsterinsights_sitenote_note":"","_monsterinsights_sitenote_category":0,"footnotes":""},"categories":[4,18,19],"tags":[],"class_list":["post-2469","post","type-post","status-publish","format-standard","has-post-thumbnail","hentry","category-cidade","category-parana","category-politica"],"_links":{"self":[{"href":"https:\/\/acontecenafronteira.com.br\/index.php\/wp-json\/wp\/v2\/posts\/2469","targetHints":{"allow":["GET"]}}],"collection":[{"href":"https:\/\/acontecenafronteira.com.br\/index.php\/wp-json\/wp\/v2\/posts"}],"about":[{"href":"https:\/\/acontecenafronteira.com.br\/index.php\/wp-json\/wp\/v2\/types\/post"}],"author":[{"embeddable":true,"href":"https:\/\/acontecenafronteira.com.br\/index.php\/wp-json\/wp\/v2\/users\/2"}],"replies":[{"embeddable":true,"href":"https:\/\/acontecenafronteira.com.br\/index.php\/wp-json\/wp\/v2\/comments?post=2469"}],"version-history":[{"count":1,"href":"https:\/\/acontecenafronteira.com.br\/index.php\/wp-json\/wp\/v2\/posts\/2469\/revisions"}],"predecessor-version":[{"id":2471,"href":"https:\/\/acontecenafronteira.com.br\/index.php\/wp-json\/wp\/v2\/posts\/2469\/revisions\/2471"}],"wp:featuredmedia":[{"embeddable":true,"href":"https:\/\/acontecenafronteira.com.br\/index.php\/wp-json\/wp\/v2\/media\/2470"}],"wp:attachment":[{"href":"https:\/\/acontecenafronteira.com.br\/index.php\/wp-json\/wp\/v2\/media?parent=2469"}],"wp:term":[{"taxonomy":"category","embeddable":true,"href":"https:\/\/acontecenafronteira.com.br\/index.php\/wp-json\/wp\/v2\/categories?post=2469"},{"taxonomy":"post_tag","embeddable":true,"href":"https:\/\/acontecenafronteira.com.br\/index.php\/wp-json\/wp\/v2\/tags?post=2469"}],"curies":[{"name":"wp","href":"https:\/\/api.w.org\/{rel}","templated":true}]}}