{"id":2454,"date":"2021-11-21T21:20:24","date_gmt":"2021-11-22T00:20:24","guid":{"rendered":"https:\/\/acontecenafronteira.com.br\/?p=2454"},"modified":"2021-11-21T21:20:26","modified_gmt":"2021-11-22T00:20:26","slug":"balsa-entre-puerto-iguazu-e-presidente-franco-sera-retomada","status":"publish","type":"post","link":"https:\/\/acontecenafronteira.com.br\/index.php\/2021\/11\/21\/balsa-entre-puerto-iguazu-e-presidente-franco-sera-retomada\/","title":{"rendered":"Balsa entre Puerto Iguaz\u00fa e Presidente Franco ser\u00e1 retomada"},"content":{"rendered":"\n<p>O c\u00f4nsul paraguaio em\u00a0<em>Puerto Iguaz\u00fa<\/em>, na Argentina, Magno \u00c1lvarez, informou que a balsa que faz a travessia entre as cidades de Presidente Franco, no Paraguai e Iguaz\u00fa, retomar\u00e1 suas opera\u00e7\u00f5es, de acordo com as autoridades da Prov\u00edncia de\u00a0<em>Misiones<\/em>.<\/p>\n\n\n\n<p>O documento oficial informa que a balsa argentina que faz a passagem pelo o Rio Paran\u00e1 operar\u00e1 de segunda a sexta-feira, das 7h \u00e0s 16h30, com capacidade para 28 ve\u00edculos por viagem. A expectativa \u00e9 que opera\u00e7\u00e3o entre em vigor na pr\u00f3xima semana.<\/p>\n\n\n\n<p>\u00c1lvarez informou ainda, que quase dois anos ap\u00f3s o cancelamento, a retomada do servi\u00e7o permitir\u00e1 uma pequena oxigena\u00e7\u00e3o da economia da regi\u00e3o. A travessia dever\u00e1 seguir os protocolos sanit\u00e1rios dos dois pa\u00edses.<\/p>\n\n\n\n<p>Com Radio Cultura<\/p>\n","protected":false},"excerpt":{"rendered":"<p>O c\u00f4nsul paraguaio em\u00a0Puerto Iguaz\u00fa, na Argentina, Magno \u00c1lvarez, informou que a balsa que faz a travessia entre as cidades de Presidente Franco, no Paraguai e Iguaz\u00fa, retomar\u00e1 suas opera\u00e7\u00f5es, de acordo com as autoridades da Prov\u00edncia de\u00a0Misiones. O documento oficial informa que a balsa argentina que faz a passagem pelo o Rio Paran\u00e1 operar\u00e1 [&hellip;]<\/p>\n","protected":false},"author":2,"featured_media":2455,"comment_status":"open","ping_status":"open","sticky":false,"template":"","format":"standard","meta":{"om_disable_all_campaigns":false,"_monsterinsights_skip_tracking":false,"_monsterinsights_sitenote_active":false,"_monsterinsights_sitenote_note":"","_monsterinsights_sitenote_category":0,"footnotes":""},"categories":[4,6],"tags":[],"class_list":["post-2454","post","type-post","status-publish","format-standard","has-post-thumbnail","hentry","category-cidade","category-mercosul"],"_links":{"self":[{"href":"https:\/\/acontecenafronteira.com.br\/index.php\/wp-json\/wp\/v2\/posts\/2454","targetHints":{"allow":["GET"]}}],"collection":[{"href":"https:\/\/acontecenafronteira.com.br\/index.php\/wp-json\/wp\/v2\/posts"}],"about":[{"href":"https:\/\/acontecenafronteira.com.br\/index.php\/wp-json\/wp\/v2\/types\/post"}],"author":[{"embeddable":true,"href":"https:\/\/acontecenafronteira.com.br\/index.php\/wp-json\/wp\/v2\/users\/2"}],"replies":[{"embeddable":true,"href":"https:\/\/acontecenafronteira.com.br\/index.php\/wp-json\/wp\/v2\/comments?post=2454"}],"version-history":[{"count":1,"href":"https:\/\/acontecenafronteira.com.br\/index.php\/wp-json\/wp\/v2\/posts\/2454\/revisions"}],"predecessor-version":[{"id":2456,"href":"https:\/\/acontecenafronteira.com.br\/index.php\/wp-json\/wp\/v2\/posts\/2454\/revisions\/2456"}],"wp:featuredmedia":[{"embeddable":true,"href":"https:\/\/acontecenafronteira.com.br\/index.php\/wp-json\/wp\/v2\/media\/2455"}],"wp:attachment":[{"href":"https:\/\/acontecenafronteira.com.br\/index.php\/wp-json\/wp\/v2\/media?parent=2454"}],"wp:term":[{"taxonomy":"category","embeddable":true,"href":"https:\/\/acontecenafronteira.com.br\/index.php\/wp-json\/wp\/v2\/categories?post=2454"},{"taxonomy":"post_tag","embeddable":true,"href":"https:\/\/acontecenafronteira.com.br\/index.php\/wp-json\/wp\/v2\/tags?post=2454"}],"curies":[{"name":"wp","href":"https:\/\/api.w.org\/{rel}","templated":true}]}}