{"id":2444,"date":"2021-11-21T21:17:04","date_gmt":"2021-11-22T00:17:04","guid":{"rendered":"https:\/\/acontecenafronteira.com.br\/?p=2444"},"modified":"2021-11-21T21:17:06","modified_gmt":"2021-11-22T00:17:06","slug":"jogadores-do-athletico-encontram-a-torcida-para-comemorar-o-bicampeonato-da-sulamericana","status":"publish","type":"post","link":"https:\/\/acontecenafronteira.com.br\/index.php\/2021\/11\/21\/jogadores-do-athletico-encontram-a-torcida-para-comemorar-o-bicampeonato-da-sulamericana\/","title":{"rendered":"Jogadores do Athletico encontram a torcida para comemorar o bicampeonato da Sulamericana"},"content":{"rendered":"\n<p>Milhares de pessoas est\u00e3o no entorno da Arena da Baixada, o est\u00e1dio do Athletico Paranaense, para recepcionar os jogadores e comemorar o bicampeonato da Copa Sulamericana, vencida no s\u00e1bado (20) pelo Furac\u00e3o. A partida final foi realizada&nbsp;em Montevid\u00e9u, no Uruguai, contra o Bragantino. Nik\u00e3o fez o gol do t\u00edtulo.<\/p>\n\n\n\n<p>A delega\u00e7\u00e3o do Athletico chegou por volta das 14 horas no Aeroporto Afonso Pena, e veio direto para a Arena no \u00f4nibus do Clube. Na Arena, eles subiram um caminh\u00e3o\u00a0do tipo trio el\u00e9trico. A diretoria do Athletico havia pedido que a torcida n\u00e3o fosse ao aeroporto.<\/p>\n\n\n\n<figure class=\"wp-block-embed is-type-video is-provider-youtube wp-block-embed-youtube wp-embed-aspect-16-9 wp-has-aspect-ratio\"><div class=\"wp-block-embed__wrapper\">\n<iframe loading=\"lazy\" title=\"Torcida do Athletico festeja o t\u00edtulo da Sulamericana com os jogadores\" width=\"640\" height=\"360\" src=\"https:\/\/www.youtube.com\/embed\/9GgBF5WVg-4?feature=oembed\" frameborder=\"0\" allow=\"accelerometer; autoplay; clipboard-write; encrypted-media; gyroscope; picture-in-picture; web-share\" referrerpolicy=\"strict-origin-when-cross-origin\" allowfullscreen><\/iframe>\n<\/div><\/figure>\n\n\n\n<figure class=\"wp-block-gallery columns-3 is-cropped wp-block-gallery-1 is-layout-flex wp-block-gallery-is-layout-flex\"><ul class=\"blocks-gallery-grid\"><li class=\"blocks-gallery-item\"><figure><a href=\"https:\/\/acontecenafronteira.com.br\/wp-content\/uploads\/2021\/11\/noticiaimagens_144836_img1_ath8.jpg?v=1637540150\"><img loading=\"lazy\" decoding=\"async\" width=\"682\" height=\"455\" src=\"https:\/\/acontecenafronteira.com.br\/wp-content\/uploads\/2021\/11\/noticiaimagens_144836_img1_ath8.jpg\" alt=\"\" data-id=\"2445\" data-full-url=\"https:\/\/acontecenafronteira.com.br\/wp-content\/uploads\/2021\/11\/noticiaimagens_144836_img1_ath8.jpg?v=1637540150\" data-link=\"https:\/\/acontecenafronteira.com.br\/?attachment_id=2445\" class=\"wp-image-2445\" srcset=\"https:\/\/acontecenafronteira.com.br\/wp-content\/uploads\/2021\/11\/noticiaimagens_144836_img1_ath8.jpg?v=1637540150 682w, https:\/\/acontecenafronteira.com.br\/wp-content\/uploads\/2021\/11\/noticiaimagens_144836_img1_ath8-300x200.jpg?v=1637540150 300w\" sizes=\"auto, (max-width: 682px) 100vw, 682px\" \/><\/a><\/figure><\/li><li class=\"blocks-gallery-item\"><figure><a href=\"https:\/\/acontecenafronteira.com.br\/wp-content\/uploads\/2021\/11\/noticiaimagens_144831_img1_ath4.jpg?v=1637540151\"><img loading=\"lazy\" decoding=\"async\" width=\"682\" height=\"455\" src=\"https:\/\/acontecenafronteira.com.br\/wp-content\/uploads\/2021\/11\/noticiaimagens_144831_img1_ath4.jpg\" alt=\"\" data-id=\"2446\" data-full-url=\"https:\/\/acontecenafronteira.com.br\/wp-content\/uploads\/2021\/11\/noticiaimagens_144831_img1_ath4.jpg?v=1637540151\" data-link=\"https:\/\/acontecenafronteira.com.br\/?attachment_id=2446\" class=\"wp-image-2446\" srcset=\"https:\/\/acontecenafronteira.com.br\/wp-content\/uploads\/2021\/11\/noticiaimagens_144831_img1_ath4.jpg?v=1637540151 682w, https:\/\/acontecenafronteira.com.br\/wp-content\/uploads\/2021\/11\/noticiaimagens_144831_img1_ath4-300x200.jpg?v=1637540151 300w\" sizes=\"auto, (max-width: 682px) 100vw, 682px\" \/><\/a><\/figure><\/li><li class=\"blocks-gallery-item\"><figure><a href=\"https:\/\/acontecenafronteira.com.br\/wp-content\/uploads\/2021\/11\/noticiaimagens_144830_img1_ath3.jpg?v=1637540152\"><img loading=\"lazy\" decoding=\"async\" width=\"682\" height=\"455\" src=\"https:\/\/acontecenafronteira.com.br\/wp-content\/uploads\/2021\/11\/noticiaimagens_144830_img1_ath3.jpg\" alt=\"\" data-id=\"2447\" data-full-url=\"https:\/\/acontecenafronteira.com.br\/wp-content\/uploads\/2021\/11\/noticiaimagens_144830_img1_ath3.jpg?v=1637540152\" data-link=\"https:\/\/acontecenafronteira.com.br\/?attachment_id=2447\" class=\"wp-image-2447\" srcset=\"https:\/\/acontecenafronteira.com.br\/wp-content\/uploads\/2021\/11\/noticiaimagens_144830_img1_ath3.jpg?v=1637540152 682w, https:\/\/acontecenafronteira.com.br\/wp-content\/uploads\/2021\/11\/noticiaimagens_144830_img1_ath3-300x200.jpg?v=1637540152 300w\" sizes=\"auto, (max-width: 682px) 100vw, 682px\" \/><\/a><\/figure><\/li><li class=\"blocks-gallery-item\"><figure><a href=\"https:\/\/acontecenafronteira.com.br\/wp-content\/uploads\/2021\/11\/noticiaimagens_144829_img1_ath2.jpg?v=1637540153\"><img loading=\"lazy\" decoding=\"async\" width=\"743\" height=\"455\" src=\"https:\/\/acontecenafronteira.com.br\/wp-content\/uploads\/2021\/11\/noticiaimagens_144829_img1_ath2.jpg\" alt=\"\" data-id=\"2448\" data-full-url=\"https:\/\/acontecenafronteira.com.br\/wp-content\/uploads\/2021\/11\/noticiaimagens_144829_img1_ath2.jpg?v=1637540153\" data-link=\"https:\/\/acontecenafronteira.com.br\/?attachment_id=2448\" class=\"wp-image-2448\" srcset=\"https:\/\/acontecenafronteira.com.br\/wp-content\/uploads\/2021\/11\/noticiaimagens_144829_img1_ath2.jpg?v=1637540153 743w, https:\/\/acontecenafronteira.com.br\/wp-content\/uploads\/2021\/11\/noticiaimagens_144829_img1_ath2-300x184.jpg?v=1637540153 300w\" sizes=\"auto, (max-width: 743px) 100vw, 743px\" \/><\/a><\/figure><\/li><li class=\"blocks-gallery-item\"><figure><a href=\"https:\/\/acontecenafronteira.com.br\/wp-content\/uploads\/2021\/11\/noticiaimagens_144828_img1_ath-1.jpg?v=1637540155\"><img loading=\"lazy\" decoding=\"async\" width=\"786\" height=\"455\" src=\"https:\/\/acontecenafronteira.com.br\/wp-content\/uploads\/2021\/11\/noticiaimagens_144828_img1_ath-1.jpg\" alt=\"\" data-id=\"2449\" data-full-url=\"https:\/\/acontecenafronteira.com.br\/wp-content\/uploads\/2021\/11\/noticiaimagens_144828_img1_ath-1.jpg?v=1637540155\" data-link=\"https:\/\/acontecenafronteira.com.br\/?attachment_id=2449\" class=\"wp-image-2449\" srcset=\"https:\/\/acontecenafronteira.com.br\/wp-content\/uploads\/2021\/11\/noticiaimagens_144828_img1_ath-1.jpg?v=1637540155 786w, https:\/\/acontecenafronteira.com.br\/wp-content\/uploads\/2021\/11\/noticiaimagens_144828_img1_ath-1-300x174.jpg?v=1637540155 300w, https:\/\/acontecenafronteira.com.br\/wp-content\/uploads\/2021\/11\/noticiaimagens_144828_img1_ath-1-768x445.jpg?v=1637540155 768w\" sizes=\"auto, (max-width: 786px) 100vw, 786px\" \/><\/a><\/figure><\/li><li class=\"blocks-gallery-item\"><figure><a href=\"https:\/\/acontecenafronteira.com.br\/wp-content\/uploads\/2021\/11\/noticiaimagens_144835_img1_ath7.jpg?v=1637540156\"><img loading=\"lazy\" decoding=\"async\" width=\"682\" height=\"455\" src=\"https:\/\/acontecenafronteira.com.br\/wp-content\/uploads\/2021\/11\/noticiaimagens_144835_img1_ath7.jpg\" alt=\"\" data-id=\"2450\" data-full-url=\"https:\/\/acontecenafronteira.com.br\/wp-content\/uploads\/2021\/11\/noticiaimagens_144835_img1_ath7.jpg?v=1637540156\" data-link=\"https:\/\/acontecenafronteira.com.br\/?attachment_id=2450\" class=\"wp-image-2450\" srcset=\"https:\/\/acontecenafronteira.com.br\/wp-content\/uploads\/2021\/11\/noticiaimagens_144835_img1_ath7.jpg?v=1637540156 682w, https:\/\/acontecenafronteira.com.br\/wp-content\/uploads\/2021\/11\/noticiaimagens_144835_img1_ath7-300x200.jpg?v=1637540156 300w\" sizes=\"auto, (max-width: 682px) 100vw, 682px\" \/><\/a><\/figure><\/li><li class=\"blocks-gallery-item\"><figure><a href=\"https:\/\/acontecenafronteira.com.br\/wp-content\/uploads\/2021\/11\/noticiaimagens_144834_img1_ath6.jpg?v=1637540157\"><img loading=\"lazy\" decoding=\"async\" width=\"682\" height=\"455\" src=\"https:\/\/acontecenafronteira.com.br\/wp-content\/uploads\/2021\/11\/noticiaimagens_144834_img1_ath6.jpg\" alt=\"\" data-id=\"2451\" data-full-url=\"https:\/\/acontecenafronteira.com.br\/wp-content\/uploads\/2021\/11\/noticiaimagens_144834_img1_ath6.jpg?v=1637540157\" data-link=\"https:\/\/acontecenafronteira.com.br\/?attachment_id=2451\" class=\"wp-image-2451\" srcset=\"https:\/\/acontecenafronteira.com.br\/wp-content\/uploads\/2021\/11\/noticiaimagens_144834_img1_ath6.jpg?v=1637540157 682w, https:\/\/acontecenafronteira.com.br\/wp-content\/uploads\/2021\/11\/noticiaimagens_144834_img1_ath6-300x200.jpg?v=1637540157 300w\" sizes=\"auto, (max-width: 682px) 100vw, 682px\" \/><\/a><\/figure><\/li><li class=\"blocks-gallery-item\"><figure><a href=\"https:\/\/acontecenafronteira.com.br\/wp-content\/uploads\/2021\/11\/noticiaimagens_144828_img1_ath.jpg?v=1637540159\"><img loading=\"lazy\" decoding=\"async\" width=\"786\" height=\"455\" src=\"https:\/\/acontecenafronteira.com.br\/wp-content\/uploads\/2021\/11\/noticiaimagens_144828_img1_ath.jpg\" alt=\"\" data-id=\"2452\" data-full-url=\"https:\/\/acontecenafronteira.com.br\/wp-content\/uploads\/2021\/11\/noticiaimagens_144828_img1_ath.jpg?v=1637540159\" data-link=\"https:\/\/acontecenafronteira.com.br\/?attachment_id=2452\" class=\"wp-image-2452\" srcset=\"https:\/\/acontecenafronteira.com.br\/wp-content\/uploads\/2021\/11\/noticiaimagens_144828_img1_ath.jpg?v=1637540159 786w, https:\/\/acontecenafronteira.com.br\/wp-content\/uploads\/2021\/11\/noticiaimagens_144828_img1_ath-300x174.jpg?v=1637540159 300w, https:\/\/acontecenafronteira.com.br\/wp-content\/uploads\/2021\/11\/noticiaimagens_144828_img1_ath-768x445.jpg?v=1637540159 768w\" sizes=\"auto, (max-width: 786px) 100vw, 786px\" \/><\/a><\/figure><\/li><\/ul><\/figure>\n\n\n\n<p>Por Bem Parana<\/p>\n","protected":false},"excerpt":{"rendered":"<p>Milhares de pessoas est\u00e3o no entorno da Arena da Baixada, o est\u00e1dio do Athletico Paranaense, para recepcionar os jogadores e comemorar o bicampeonato da Copa Sulamericana, vencida no s\u00e1bado (20) pelo Furac\u00e3o. A partida final foi realizada&nbsp;em Montevid\u00e9u, no Uruguai, contra o Bragantino. Nik\u00e3o fez o gol do t\u00edtulo. A delega\u00e7\u00e3o do Athletico chegou por [&hellip;]<\/p>\n","protected":false},"author":2,"featured_media":2445,"comment_status":"open","ping_status":"open","sticky":false,"template":"","format":"standard","meta":{"om_disable_all_campaigns":false,"_monsterinsights_skip_tracking":false,"_monsterinsights_sitenote_active":false,"_monsterinsights_sitenote_note":"","_monsterinsights_sitenote_category":0,"footnotes":""},"categories":[3,2,6,18],"tags":[],"class_list":["post-2444","post","type-post","status-publish","format-standard","has-post-thumbnail","hentry","category-cultura","category-esportes","category-mercosul","category-parana"],"_links":{"self":[{"href":"https:\/\/acontecenafronteira.com.br\/index.php\/wp-json\/wp\/v2\/posts\/2444","targetHints":{"allow":["GET"]}}],"collection":[{"href":"https:\/\/acontecenafronteira.com.br\/index.php\/wp-json\/wp\/v2\/posts"}],"about":[{"href":"https:\/\/acontecenafronteira.com.br\/index.php\/wp-json\/wp\/v2\/types\/post"}],"author":[{"embeddable":true,"href":"https:\/\/acontecenafronteira.com.br\/index.php\/wp-json\/wp\/v2\/users\/2"}],"replies":[{"embeddable":true,"href":"https:\/\/acontecenafronteira.com.br\/index.php\/wp-json\/wp\/v2\/comments?post=2444"}],"version-history":[{"count":1,"href":"https:\/\/acontecenafronteira.com.br\/index.php\/wp-json\/wp\/v2\/posts\/2444\/revisions"}],"predecessor-version":[{"id":2453,"href":"https:\/\/acontecenafronteira.com.br\/index.php\/wp-json\/wp\/v2\/posts\/2444\/revisions\/2453"}],"wp:featuredmedia":[{"embeddable":true,"href":"https:\/\/acontecenafronteira.com.br\/index.php\/wp-json\/wp\/v2\/media\/2445"}],"wp:attachment":[{"href":"https:\/\/acontecenafronteira.com.br\/index.php\/wp-json\/wp\/v2\/media?parent=2444"}],"wp:term":[{"taxonomy":"category","embeddable":true,"href":"https:\/\/acontecenafronteira.com.br\/index.php\/wp-json\/wp\/v2\/categories?post=2444"},{"taxonomy":"post_tag","embeddable":true,"href":"https:\/\/acontecenafronteira.com.br\/index.php\/wp-json\/wp\/v2\/tags?post=2444"}],"curies":[{"name":"wp","href":"https:\/\/api.w.org\/{rel}","templated":true}]}}