{"id":2402,"date":"2021-11-21T20:50:43","date_gmt":"2021-11-21T23:50:43","guid":{"rendered":"https:\/\/acontecenafronteira.com.br\/?p=2402"},"modified":"2021-11-21T20:57:49","modified_gmt":"2021-11-21T23:57:49","slug":"feira-internacional-do-livro-segue-com-programacao-cultural-ate-o-dia-27-de-novembro","status":"publish","type":"post","link":"https:\/\/acontecenafronteira.com.br\/index.php\/2021\/11\/21\/feira-internacional-do-livro-segue-com-programacao-cultural-ate-o-dia-27-de-novembro\/","title":{"rendered":"Feira Internacional do Livro segue com programa\u00e7\u00e3o cultural at\u00e9 o dia 27 de novembro"},"content":{"rendered":"\n<p><strong><em>A 16\u00aa edi\u00e7\u00e3o do evento, promovido pela Funda\u00e7\u00e3o Cultural, acontece no Clube Gresfi<\/em><\/strong><\/p>\n\n\n\n<p>A noite deste s\u00e1bado (20) deu in\u00edcio a uma diversificada programa\u00e7\u00e3o liter\u00e1ria e cultural da 16\u00aa Feira Internacional do Livro de Foz do Igua\u00e7u, no Clube Gresfi. O evento, que neste ano entrou pro calend\u00e1rio oficial do munic\u00edpio, segue at\u00e9 o dia 27 de novembro.<\/p>\n\n\n\n<p>Este ano, al\u00e9m dos mais de 30 estandes do Sal\u00e3o de Expositores, oficinas, m\u00fasicas e mostras culturais, a feira ainda re\u00fane a 1\u00aa Mostra de Cultura Afro-Brasileira de Foz do Igua\u00e7u, com exposi\u00e7\u00f5es de artes pl\u00e1sticas, literatura, moda e beleza, e gastronomia.<\/p>\n\n\n\n<blockquote class=\"wp-block-quote is-layout-flow wp-block-quote-is-layout-flow\"><p>\u201cPor ser uma feira j\u00e1 tradicional e que agora faz parte do calend\u00e1rio oficial, em respeito aqueles que fazem cultura e aos que apreciam a literatura, mesmo diante de um curto espa\u00e7o de tempo para a realiza\u00e7\u00e3o do evento, em virtude das dificuldades causadas pela pandemia, fizemos quest\u00e3o de promover a edi\u00e7\u00e3o de 2021\u201d, ressalta o prefeito Chico Brasileiro.<\/p><\/blockquote>\n\n\n\n<p>O diretor da Funda\u00e7\u00e3o Cultural, Juca Rodrigues, destaca que, por meio das pol\u00edticas p\u00fablicas, um evento como a Feira Internacional do Livro, de incentivo \u00e0 leitura e valoriza\u00e7\u00e3o da cultura, passa a ser permanente. \u201cMas, para isso, \u00e9 fundamental a participa\u00e7\u00e3o da popula\u00e7\u00e3o. Este \u00e9 um evento que une universidades, movimentos sociais, coletivos, comunidades; \u00e9 realmente voltado para os cidad\u00e3os de Foz do Igua\u00e7u\u201d, destaca.<\/p>\n\n\n\n<p>Na abertura desta edi\u00e7\u00e3o, participaram dois importantes convidados com reconhecimento nacional na literatura. De forma virtual, a poetisa paranaense Alice Ruiz e, presencialmente, o escritor Daniel Munduruku. Alice venceu dois pr\u00eamios Jabuti de Poesia, considerado o mais importante e tradicional pr\u00eamio liter\u00e1rio do pa\u00eds. Munduruku possui o trabalho ligado \u00e0s quest\u00f5es ind\u00edgenas e escreveu mais de 50 livros para o p\u00fablico infanto-juvenil.<\/p>\n\n\n\n<p>Tamb\u00e9m estiveram presentes na abertura da 16\u00aa Feira Internacional do Livro os vereadores Adnan El Sayed, e Kalito Stoeckel.<\/p>\n\n\n\n<p><strong>Vale-livro<\/strong><\/p>\n\n\n\n<p>A Secretaria Municipal de Educa\u00e7\u00e3o distribuiu mais de 20 mil vale-livros para os alunos matriculados na rede municipal de ensino, que podem fazer as trocas no estande da pasta na feira. \u201cVale-livros n\u00e3o s\u00e3o gastos, \u00e9 um importante investimento do munic\u00edpio na educa\u00e7\u00e3o. Vimos o encantamento nos olhos das crian\u00e7as, na hora da escolha dos livros. Elas n\u00e3o sabiam qual escolher. Que esse encantamento permane\u00e7a, esse \u00e9 o motivo da feira do livro\u201d, ressalta a secret\u00e1ria municipal de Educa\u00e7\u00e3o, Maria Justina da Silva.<\/p>\n\n\n\n<p><strong>Atra\u00e7\u00f5es<\/strong><\/p>\n\n\n\n<p>A curadoria da Feira do Livro preparou uma lista de grandes atra\u00e7\u00f5es para todos os dias do evento. Al\u00e9m dos autores convidados, a semana ser\u00e1 repleta de lan\u00e7amentos de livros com autores locais, shows com artistas da regi\u00e3o, estandes de livreiros e de exposi\u00e7\u00f5es. Confira a programa\u00e7\u00e3o completa no site da Funda\u00e7\u00e3o Cultural (culturafoz.pmfi.pr.gov.br).<\/p>\n\n\n\n<figure class=\"wp-block-gallery columns-3 is-cropped wp-block-gallery-1 is-layout-flex wp-block-gallery-is-layout-flex\"><ul class=\"blocks-gallery-grid\"><li class=\"blocks-gallery-item\"><figure><a href=\"https:\/\/acontecenafronteira.com.br\/wp-content\/uploads\/2021\/11\/58d7eb76-6c95-4385-8ecd-e8cb99c3e786.jpg?v=1637538574\"><img loading=\"lazy\" decoding=\"async\" width=\"799\" height=\"533\" src=\"https:\/\/acontecenafronteira.com.br\/wp-content\/uploads\/2021\/11\/58d7eb76-6c95-4385-8ecd-e8cb99c3e786.jpg\" alt=\"\" data-id=\"2403\" data-full-url=\"https:\/\/acontecenafronteira.com.br\/wp-content\/uploads\/2021\/11\/58d7eb76-6c95-4385-8ecd-e8cb99c3e786.jpg?v=1637538574\" data-link=\"https:\/\/acontecenafronteira.com.br\/?attachment_id=2403\" class=\"wp-image-2403\" srcset=\"https:\/\/acontecenafronteira.com.br\/wp-content\/uploads\/2021\/11\/58d7eb76-6c95-4385-8ecd-e8cb99c3e786.jpg?v=1637538574 799w, https:\/\/acontecenafronteira.com.br\/wp-content\/uploads\/2021\/11\/58d7eb76-6c95-4385-8ecd-e8cb99c3e786-300x200.jpg?v=1637538574 300w, https:\/\/acontecenafronteira.com.br\/wp-content\/uploads\/2021\/11\/58d7eb76-6c95-4385-8ecd-e8cb99c3e786-768x512.jpg?v=1637538574 768w\" sizes=\"auto, (max-width: 799px) 100vw, 799px\" \/><\/a><\/figure><\/li><li class=\"blocks-gallery-item\"><figure><a href=\"https:\/\/acontecenafronteira.com.br\/wp-content\/uploads\/2021\/11\/9b504ff8-0be9-4fd6-954f-8d6bb69f8c19.jpg?v=1637538575\"><img loading=\"lazy\" decoding=\"async\" width=\"800\" height=\"495\" src=\"https:\/\/acontecenafronteira.com.br\/wp-content\/uploads\/2021\/11\/9b504ff8-0be9-4fd6-954f-8d6bb69f8c19.jpg\" alt=\"\" data-id=\"2404\" data-full-url=\"https:\/\/acontecenafronteira.com.br\/wp-content\/uploads\/2021\/11\/9b504ff8-0be9-4fd6-954f-8d6bb69f8c19.jpg?v=1637538575\" data-link=\"https:\/\/acontecenafronteira.com.br\/?attachment_id=2404\" class=\"wp-image-2404\" srcset=\"https:\/\/acontecenafronteira.com.br\/wp-content\/uploads\/2021\/11\/9b504ff8-0be9-4fd6-954f-8d6bb69f8c19.jpg?v=1637538575 800w, https:\/\/acontecenafronteira.com.br\/wp-content\/uploads\/2021\/11\/9b504ff8-0be9-4fd6-954f-8d6bb69f8c19-300x186.jpg?v=1637538575 300w, https:\/\/acontecenafronteira.com.br\/wp-content\/uploads\/2021\/11\/9b504ff8-0be9-4fd6-954f-8d6bb69f8c19-768x475.jpg?v=1637538575 768w\" sizes=\"auto, (max-width: 800px) 100vw, 800px\" \/><\/a><\/figure><\/li><li class=\"blocks-gallery-item\"><figure><a href=\"https:\/\/acontecenafronteira.com.br\/wp-content\/uploads\/2021\/11\/413a19ed-1e85-4e78-97a4-cb4caed18416.jpg?v=1637538576\"><img loading=\"lazy\" decoding=\"async\" width=\"799\" height=\"533\" src=\"https:\/\/acontecenafronteira.com.br\/wp-content\/uploads\/2021\/11\/413a19ed-1e85-4e78-97a4-cb4caed18416.jpg\" alt=\"\" data-id=\"2405\" data-full-url=\"https:\/\/acontecenafronteira.com.br\/wp-content\/uploads\/2021\/11\/413a19ed-1e85-4e78-97a4-cb4caed18416.jpg?v=1637538576\" data-link=\"https:\/\/acontecenafronteira.com.br\/?attachment_id=2405\" class=\"wp-image-2405\" srcset=\"https:\/\/acontecenafronteira.com.br\/wp-content\/uploads\/2021\/11\/413a19ed-1e85-4e78-97a4-cb4caed18416.jpg?v=1637538576 799w, https:\/\/acontecenafronteira.com.br\/wp-content\/uploads\/2021\/11\/413a19ed-1e85-4e78-97a4-cb4caed18416-300x200.jpg?v=1637538576 300w, https:\/\/acontecenafronteira.com.br\/wp-content\/uploads\/2021\/11\/413a19ed-1e85-4e78-97a4-cb4caed18416-768x512.jpg?v=1637538576 768w\" sizes=\"auto, (max-width: 799px) 100vw, 799px\" \/><\/a><\/figure><\/li><li class=\"blocks-gallery-item\"><figure><a href=\"https:\/\/acontecenafronteira.com.br\/wp-content\/uploads\/2021\/11\/eb6d1e5f-bb16-4969-a6dc-19946ea4a849.jpg?v=1637538576\"><img loading=\"lazy\" decoding=\"async\" width=\"799\" height=\"533\" src=\"https:\/\/acontecenafronteira.com.br\/wp-content\/uploads\/2021\/11\/eb6d1e5f-bb16-4969-a6dc-19946ea4a849.jpg\" alt=\"\" data-id=\"2406\" data-full-url=\"https:\/\/acontecenafronteira.com.br\/wp-content\/uploads\/2021\/11\/eb6d1e5f-bb16-4969-a6dc-19946ea4a849.jpg?v=1637538576\" data-link=\"https:\/\/acontecenafronteira.com.br\/?attachment_id=2406\" class=\"wp-image-2406\" srcset=\"https:\/\/acontecenafronteira.com.br\/wp-content\/uploads\/2021\/11\/eb6d1e5f-bb16-4969-a6dc-19946ea4a849.jpg?v=1637538576 799w, https:\/\/acontecenafronteira.com.br\/wp-content\/uploads\/2021\/11\/eb6d1e5f-bb16-4969-a6dc-19946ea4a849-300x200.jpg?v=1637538576 300w, https:\/\/acontecenafronteira.com.br\/wp-content\/uploads\/2021\/11\/eb6d1e5f-bb16-4969-a6dc-19946ea4a849-768x512.jpg?v=1637538576 768w\" sizes=\"auto, (max-width: 799px) 100vw, 799px\" \/><\/a><\/figure><\/li><li class=\"blocks-gallery-item\"><figure><a href=\"https:\/\/acontecenafronteira.com.br\/wp-content\/uploads\/2021\/11\/db9a0720-cf9b-4ef3-a06c-344659de9e4d.jpg?v=1637538577\"><img loading=\"lazy\" decoding=\"async\" width=\"799\" height=\"533\" src=\"https:\/\/acontecenafronteira.com.br\/wp-content\/uploads\/2021\/11\/db9a0720-cf9b-4ef3-a06c-344659de9e4d.jpg\" alt=\"\" data-id=\"2407\" data-full-url=\"https:\/\/acontecenafronteira.com.br\/wp-content\/uploads\/2021\/11\/db9a0720-cf9b-4ef3-a06c-344659de9e4d.jpg?v=1637538577\" data-link=\"https:\/\/acontecenafronteira.com.br\/?attachment_id=2407\" class=\"wp-image-2407\" srcset=\"https:\/\/acontecenafronteira.com.br\/wp-content\/uploads\/2021\/11\/db9a0720-cf9b-4ef3-a06c-344659de9e4d.jpg?v=1637538577 799w, https:\/\/acontecenafronteira.com.br\/wp-content\/uploads\/2021\/11\/db9a0720-cf9b-4ef3-a06c-344659de9e4d-300x200.jpg?v=1637538577 300w, https:\/\/acontecenafronteira.com.br\/wp-content\/uploads\/2021\/11\/db9a0720-cf9b-4ef3-a06c-344659de9e4d-768x512.jpg?v=1637538577 768w\" sizes=\"auto, (max-width: 799px) 100vw, 799px\" \/><\/a><\/figure><\/li><li class=\"blocks-gallery-item\"><figure><a href=\"https:\/\/acontecenafronteira.com.br\/wp-content\/uploads\/2021\/11\/6b9419c1-9eb9-4fd3-98c4-3049d17da80c.jpg?v=1637538578\"><img loading=\"lazy\" decoding=\"async\" width=\"799\" height=\"533\" src=\"https:\/\/acontecenafronteira.com.br\/wp-content\/uploads\/2021\/11\/6b9419c1-9eb9-4fd3-98c4-3049d17da80c.jpg\" alt=\"\" data-id=\"2408\" data-full-url=\"https:\/\/acontecenafronteira.com.br\/wp-content\/uploads\/2021\/11\/6b9419c1-9eb9-4fd3-98c4-3049d17da80c.jpg?v=1637538578\" data-link=\"https:\/\/acontecenafronteira.com.br\/?attachment_id=2408\" class=\"wp-image-2408\" srcset=\"https:\/\/acontecenafronteira.com.br\/wp-content\/uploads\/2021\/11\/6b9419c1-9eb9-4fd3-98c4-3049d17da80c.jpg?v=1637538578 799w, https:\/\/acontecenafronteira.com.br\/wp-content\/uploads\/2021\/11\/6b9419c1-9eb9-4fd3-98c4-3049d17da80c-300x200.jpg?v=1637538578 300w, https:\/\/acontecenafronteira.com.br\/wp-content\/uploads\/2021\/11\/6b9419c1-9eb9-4fd3-98c4-3049d17da80c-768x512.jpg?v=1637538578 768w\" sizes=\"auto, (max-width: 799px) 100vw, 799px\" \/><\/a><\/figure><\/li><li class=\"blocks-gallery-item\"><figure><a href=\"https:\/\/acontecenafronteira.com.br\/wp-content\/uploads\/2021\/11\/c79874df-722b-4d60-bf17-ff5336f27a71.jpg?v=1637538578\"><img loading=\"lazy\" decoding=\"async\" width=\"800\" height=\"521\" src=\"https:\/\/acontecenafronteira.com.br\/wp-content\/uploads\/2021\/11\/c79874df-722b-4d60-bf17-ff5336f27a71.jpg\" alt=\"\" data-id=\"2409\" data-full-url=\"https:\/\/acontecenafronteira.com.br\/wp-content\/uploads\/2021\/11\/c79874df-722b-4d60-bf17-ff5336f27a71.jpg?v=1637538578\" data-link=\"https:\/\/acontecenafronteira.com.br\/?attachment_id=2409\" class=\"wp-image-2409\" srcset=\"https:\/\/acontecenafronteira.com.br\/wp-content\/uploads\/2021\/11\/c79874df-722b-4d60-bf17-ff5336f27a71.jpg?v=1637538578 800w, https:\/\/acontecenafronteira.com.br\/wp-content\/uploads\/2021\/11\/c79874df-722b-4d60-bf17-ff5336f27a71-300x195.jpg?v=1637538578 300w, https:\/\/acontecenafronteira.com.br\/wp-content\/uploads\/2021\/11\/c79874df-722b-4d60-bf17-ff5336f27a71-768x500.jpg?v=1637538578 768w\" sizes=\"auto, (max-width: 800px) 100vw, 800px\" \/><\/a><\/figure><\/li><li class=\"blocks-gallery-item\"><figure><a href=\"https:\/\/acontecenafronteira.com.br\/wp-content\/uploads\/2021\/11\/edf9c2f8-3b4f-4bf8-8a60-74945f08e5c8.jpg?v=1637538579\"><img loading=\"lazy\" decoding=\"async\" width=\"799\" height=\"579\" src=\"https:\/\/acontecenafronteira.com.br\/wp-content\/uploads\/2021\/11\/edf9c2f8-3b4f-4bf8-8a60-74945f08e5c8.jpg\" alt=\"\" data-id=\"2410\" data-full-url=\"https:\/\/acontecenafronteira.com.br\/wp-content\/uploads\/2021\/11\/edf9c2f8-3b4f-4bf8-8a60-74945f08e5c8.jpg?v=1637538579\" data-link=\"https:\/\/acontecenafronteira.com.br\/?attachment_id=2410\" class=\"wp-image-2410\" srcset=\"https:\/\/acontecenafronteira.com.br\/wp-content\/uploads\/2021\/11\/edf9c2f8-3b4f-4bf8-8a60-74945f08e5c8.jpg?v=1637538579 799w, https:\/\/acontecenafronteira.com.br\/wp-content\/uploads\/2021\/11\/edf9c2f8-3b4f-4bf8-8a60-74945f08e5c8-300x217.jpg?v=1637538579 300w, https:\/\/acontecenafronteira.com.br\/wp-content\/uploads\/2021\/11\/edf9c2f8-3b4f-4bf8-8a60-74945f08e5c8-768x557.jpg?v=1637538579 768w\" sizes=\"auto, (max-width: 799px) 100vw, 799px\" \/><\/a><\/figure><\/li><\/ul><\/figure>\n","protected":false},"excerpt":{"rendered":"<p>A 16\u00aa edi\u00e7\u00e3o do evento, promovido pela Funda\u00e7\u00e3o Cultural, acontece no Clube Gresfi A noite deste s\u00e1bado (20) deu in\u00edcio a uma diversificada programa\u00e7\u00e3o liter\u00e1ria e cultural da 16\u00aa Feira Internacional do Livro de Foz do Igua\u00e7u, no Clube Gresfi. O evento, que neste ano entrou pro calend\u00e1rio oficial do munic\u00edpio, segue at\u00e9 o dia [&hellip;]<\/p>\n","protected":false},"author":2,"featured_media":2407,"comment_status":"open","ping_status":"open","sticky":false,"template":"","format":"standard","meta":{"om_disable_all_campaigns":false,"_monsterinsights_skip_tracking":false,"_monsterinsights_sitenote_active":false,"_monsterinsights_sitenote_note":"","_monsterinsights_sitenote_category":0,"footnotes":""},"categories":[4,3,8],"tags":[],"class_list":["post-2402","post","type-post","status-publish","format-standard","has-post-thumbnail","hentry","category-cidade","category-cultura","category-educaca0"],"_links":{"self":[{"href":"https:\/\/acontecenafronteira.com.br\/index.php\/wp-json\/wp\/v2\/posts\/2402","targetHints":{"allow":["GET"]}}],"collection":[{"href":"https:\/\/acontecenafronteira.com.br\/index.php\/wp-json\/wp\/v2\/posts"}],"about":[{"href":"https:\/\/acontecenafronteira.com.br\/index.php\/wp-json\/wp\/v2\/types\/post"}],"author":[{"embeddable":true,"href":"https:\/\/acontecenafronteira.com.br\/index.php\/wp-json\/wp\/v2\/users\/2"}],"replies":[{"embeddable":true,"href":"https:\/\/acontecenafronteira.com.br\/index.php\/wp-json\/wp\/v2\/comments?post=2402"}],"version-history":[{"count":2,"href":"https:\/\/acontecenafronteira.com.br\/index.php\/wp-json\/wp\/v2\/posts\/2402\/revisions"}],"predecessor-version":[{"id":2427,"href":"https:\/\/acontecenafronteira.com.br\/index.php\/wp-json\/wp\/v2\/posts\/2402\/revisions\/2427"}],"wp:featuredmedia":[{"embeddable":true,"href":"https:\/\/acontecenafronteira.com.br\/index.php\/wp-json\/wp\/v2\/media\/2407"}],"wp:attachment":[{"href":"https:\/\/acontecenafronteira.com.br\/index.php\/wp-json\/wp\/v2\/media?parent=2402"}],"wp:term":[{"taxonomy":"category","embeddable":true,"href":"https:\/\/acontecenafronteira.com.br\/index.php\/wp-json\/wp\/v2\/categories?post=2402"},{"taxonomy":"post_tag","embeddable":true,"href":"https:\/\/acontecenafronteira.com.br\/index.php\/wp-json\/wp\/v2\/tags?post=2402"}],"curies":[{"name":"wp","href":"https:\/\/api.w.org\/{rel}","templated":true}]}}