{"id":22839,"date":"2025-03-20T14:52:45","date_gmt":"2025-03-20T17:52:45","guid":{"rendered":"https:\/\/acontecenafronteira.com.br\/?p=22839"},"modified":"2025-03-20T14:52:46","modified_gmt":"2025-03-20T17:52:46","slug":"camara-de-foz-sedia-oficinas-interlegis-do-senado-federal","status":"publish","type":"post","link":"https:\/\/acontecenafronteira.com.br\/index.php\/2025\/03\/20\/camara-de-foz-sedia-oficinas-interlegis-do-senado-federal\/","title":{"rendered":"C\u00e2mara de Foz sedia Oficinas Interlegis, do Senado Federal"},"content":{"rendered":"\n<p><strong><em>Os temas ser\u00e3o a utiliza\u00e7\u00e3o do SAPL e a articula\u00e7\u00e3o de normas jur\u00eddicas<\/em><\/strong><\/p>\n\n\n\n<p>A C\u00e2mara Municipal de Foz do Igua\u00e7u vai receber duas Oficinas presenciais Interlegis para servidores e parlamentares p\u00fablicos municipais, promovidas pelo Senado Federal. O evento vai acontecer no plen\u00e1rio da Casa do dia 31 de mar\u00e7o at\u00e9 04 de abril, das 9h \u00e0s 12h e das 14h at\u00e9 18h. Os treinamentos ser\u00e3o uma oportunidade tanto para que servidores, quanto para que vereadores possam se atualizar sobre o Sistema de Apoio ao Processo Legislativo (SAPL), j\u00e1 adotado pela Casa de Leis. A segunda oficina vai abordar como articular e compilar as normas jur\u00eddicas. A inscri\u00e7\u00e3o est\u00e1 aberta para servidores p\u00fablicos de Prefeituras e Casas Legislativas da regi\u00e3o.<\/p>\n\n\n\n<p>Essas oficinas s\u00e3o ministradas e ofertadas pelo Interlegis, um programa do Senado Federal voltado para casas legislativas, como assembleias e c\u00e2maras, com intuito de formar uma comunidade legislativa, disseminando conhecimento de \u00e1reas diversas. O primeiro treinamento ser\u00e1 do dia 31 de mar\u00e7o at\u00e9 02 de abril, com o tema do SAPL, abordando a configura\u00e7\u00e3o e alimenta\u00e7\u00e3o com dados relativos ao processo legislativo. J\u00e1 no dia 03 e 04 de abril, haver\u00e1 a capacita\u00e7\u00e3o de servidores e parlamentares da Casa para articular e compilar suas normas jur\u00eddicas.<\/p>\n\n\n\n<p>Dentre os temas abordados no curso estar\u00e3o: Funcionamento do SAPL; Rotina de debates e vota\u00e7\u00f5es segundo o regimento interno; Tipos de mat\u00e9rias legislativas, proposi\u00e7\u00f5es e documentos, bem como a origem e tramita\u00e7\u00e3o; Registro de recebimento das propostas e sua tramita\u00e7\u00e3o; Acompanhamento da ordem do dia; Realiza\u00e7\u00e3o de vota\u00e7\u00f5es com painel eletr\u00f4nico; configura\u00e7\u00e3o e alimenta\u00e7\u00e3o do SAPL; articula\u00e7\u00e3o e compila\u00e7\u00e3o de Leis Ordin\u00e1rias e Regimento Interno.<\/p>\n\n\n\n<p>Para informa\u00e7\u00f5es sobre as inscri\u00e7\u00f5es,<br>Para mais informa\u00e7\u00f5es, ligue: (61) 3303-322<\/p>\n","protected":false},"excerpt":{"rendered":"<p>Os temas ser\u00e3o a utiliza\u00e7\u00e3o do SAPL e a articula\u00e7\u00e3o de normas jur\u00eddicas A C\u00e2mara Municipal de Foz do Igua\u00e7u vai receber duas Oficinas presenciais Interlegis para servidores e parlamentares p\u00fablicos municipais, promovidas pelo Senado Federal. O evento vai acontecer no plen\u00e1rio da Casa do dia 31 de mar\u00e7o at\u00e9 04 de abril, das 9h [&hellip;]<\/p>\n","protected":false},"author":2,"featured_media":22840,"comment_status":"open","ping_status":"open","sticky":false,"template":"","format":"standard","meta":{"om_disable_all_campaigns":false,"_monsterinsights_skip_tracking":false,"_monsterinsights_sitenote_active":false,"_monsterinsights_sitenote_note":"","_monsterinsights_sitenote_category":0,"footnotes":""},"categories":[26,4,19],"tags":[],"class_list":["post-22839","post","type-post","status-publish","format-standard","has-post-thumbnail","hentry","category-brasil","category-cidade","category-politica"],"_links":{"self":[{"href":"https:\/\/acontecenafronteira.com.br\/index.php\/wp-json\/wp\/v2\/posts\/22839","targetHints":{"allow":["GET"]}}],"collection":[{"href":"https:\/\/acontecenafronteira.com.br\/index.php\/wp-json\/wp\/v2\/posts"}],"about":[{"href":"https:\/\/acontecenafronteira.com.br\/index.php\/wp-json\/wp\/v2\/types\/post"}],"author":[{"embeddable":true,"href":"https:\/\/acontecenafronteira.com.br\/index.php\/wp-json\/wp\/v2\/users\/2"}],"replies":[{"embeddable":true,"href":"https:\/\/acontecenafronteira.com.br\/index.php\/wp-json\/wp\/v2\/comments?post=22839"}],"version-history":[{"count":1,"href":"https:\/\/acontecenafronteira.com.br\/index.php\/wp-json\/wp\/v2\/posts\/22839\/revisions"}],"predecessor-version":[{"id":22841,"href":"https:\/\/acontecenafronteira.com.br\/index.php\/wp-json\/wp\/v2\/posts\/22839\/revisions\/22841"}],"wp:featuredmedia":[{"embeddable":true,"href":"https:\/\/acontecenafronteira.com.br\/index.php\/wp-json\/wp\/v2\/media\/22840"}],"wp:attachment":[{"href":"https:\/\/acontecenafronteira.com.br\/index.php\/wp-json\/wp\/v2\/media?parent=22839"}],"wp:term":[{"taxonomy":"category","embeddable":true,"href":"https:\/\/acontecenafronteira.com.br\/index.php\/wp-json\/wp\/v2\/categories?post=22839"},{"taxonomy":"post_tag","embeddable":true,"href":"https:\/\/acontecenafronteira.com.br\/index.php\/wp-json\/wp\/v2\/tags?post=22839"}],"curies":[{"name":"wp","href":"https:\/\/api.w.org\/{rel}","templated":true}]}}