{"id":2276,"date":"2021-11-17T15:29:56","date_gmt":"2021-11-17T18:29:56","guid":{"rendered":"https:\/\/acontecenafronteira.com.br\/?p=2276"},"modified":"2021-11-17T15:29:56","modified_gmt":"2021-11-17T18:29:56","slug":"aprovado-projeto-que-proibe-nomeacao-de-condenados-por-crimes-sexuais-contra-criancas-e-adolescentes-em-cargos-publicos","status":"publish","type":"post","link":"https:\/\/acontecenafronteira.com.br\/index.php\/2021\/11\/17\/aprovado-projeto-que-proibe-nomeacao-de-condenados-por-crimes-sexuais-contra-criancas-e-adolescentes-em-cargos-publicos\/","title":{"rendered":"Aprovado projeto que pro\u00edbe nomea\u00e7\u00e3o de condenados por crimes sexuais contra crian\u00e7as e adolescentes em cargos p\u00fablicos"},"content":{"rendered":"\n<p>A preocupa\u00e7\u00e3o com a crian\u00e7a e adolescente dominou a sess\u00e3o desta ter\u00e7a-feira, 16 de novembro, na C\u00e2mara de Foz. Um dos projetos aprovados (PL n\u00ba 92\/2021) pro\u00edbe nomea\u00e7\u00e3o e contrata\u00e7\u00e3o, em cargos e empregos p\u00fablicos, na administra\u00e7\u00e3o p\u00fablica municipal direta e indireta, de pessoas que tenham sido condenadas com tr\u00e2nsito em julgado por crimes sexuais contra vulner\u00e1veis, tipificados no C\u00f3digo Penal e Estatuto da Crian\u00e7a e do Adolescente.<\/p>\n\n\n\n<p>\u201cEsse projeto \u00e9 um instrumento a mais de garantia de direitos da crian\u00e7a e do adolescente. O projeto veda nomea\u00e7\u00e3o de quem tenha praticado crimes sexuais contra esse p\u00fablico\u201d, pontuou o autor da mat\u00e9ria, vereador Jairo Cardoso (DEM).<\/p>\n\n\n\n<p>Outro projeto (PL n\u00ba 73\/2021) institui a Semana de Conscientiza\u00e7\u00e3o e Preven\u00e7\u00e3o Contra a Viol\u00eancia Infantil. A propositura de autoria dos vereadores Ney Patr\u00edcio (PSD), Jairo Cardoso (DEM) e Alex Meyer (PP) tamb\u00e9m foi aprovada em dois turnos.<\/p>\n\n\n\n<p>\u201cEstamos tratando de mais essa iniciativa em prote\u00e7\u00e3o \u00e0s crian\u00e7as. As iniciativas t\u00eam dado resultado, mas quanto mais mecanismos, melhor. Por mais que tenhamos controle, ainda escapam e nos sentimos impotentes\u201d, ressaltou o presidente do Legislativo, Ney Patr\u00edcio.<\/p>\n\n\n\n<p>\u201cN\u00f3s que viemos da pol\u00edtica de prote\u00e7\u00e3o \u00e0 crian\u00e7a e ao adolescente sabemos da import\u00e2ncia da conscientiza\u00e7\u00e3o, da preven\u00e7\u00e3o. A viol\u00eancia acontece nas fam\u00edlias. Queremos orientar a comunidade, as fam\u00edlias\u201d, destacou Jairo Cardoso.<\/p>\n\n\n\n<p>Alex Meyer lembrou \u201cque na cidade temos v\u00e1rias organiza\u00e7\u00f5es que trabalham firme na garantia dos direitos da crian\u00e7a e do adolescente e esse projeto vem a somar com os esfor\u00e7os que as institui\u00e7\u00f5es realizam a respeito desse tema, hoje n\u00e3o consigo ver Foz do Igua\u00e7u sem o trabalho delas\u201d. Ambos os projetos foram aprovados e ser\u00e3o encaminhados para san\u00e7\u00e3o do Prefeito.\u00a0<\/p>\n\n\n\n<figure class=\"wp-block-embed is-type-video is-provider-youtube wp-block-embed-youtube wp-embed-aspect-16-9 wp-has-aspect-ratio\"><div class=\"wp-block-embed__wrapper\">\n<iframe loading=\"lazy\" title=\"Projeto pro\u00edbe nomea\u00e7\u00e3o de condenados por crimes sexuais contra crian\u00e7as  em cargos p\u00fablicos\" width=\"640\" height=\"360\" src=\"https:\/\/www.youtube.com\/embed\/om4N83dr3kQ?feature=oembed\" frameborder=\"0\" allow=\"accelerometer; autoplay; clipboard-write; encrypted-media; gyroscope; picture-in-picture; web-share\" referrerpolicy=\"strict-origin-when-cross-origin\" allowfullscreen><\/iframe>\n<\/div><\/figure>\n\n\n\n<figure class=\"wp-block-embed is-type-video is-provider-youtube wp-block-embed-youtube wp-embed-aspect-16-9 wp-has-aspect-ratio\"><div class=\"wp-block-embed__wrapper\">\n<iframe loading=\"lazy\" title=\"Semana de Conscientiza\u00e7\u00e3o e Preven\u00e7\u00e3o Contra a Viol\u00eancia infantil\" width=\"640\" height=\"360\" src=\"https:\/\/www.youtube.com\/embed\/Zat1Rwa6VnI?start=1&#038;feature=oembed\" frameborder=\"0\" allow=\"accelerometer; autoplay; clipboard-write; encrypted-media; gyroscope; picture-in-picture; web-share\" referrerpolicy=\"strict-origin-when-cross-origin\" allowfullscreen><\/iframe>\n<\/div><\/figure>\n","protected":false},"excerpt":{"rendered":"<p>A preocupa\u00e7\u00e3o com a crian\u00e7a e adolescente dominou a sess\u00e3o desta ter\u00e7a-feira, 16 de novembro, na C\u00e2mara de Foz. Um dos projetos aprovados (PL n\u00ba 92\/2021) pro\u00edbe nomea\u00e7\u00e3o e contrata\u00e7\u00e3o, em cargos e empregos p\u00fablicos, na administra\u00e7\u00e3o p\u00fablica municipal direta e indireta, de pessoas que tenham sido condenadas com tr\u00e2nsito em julgado por crimes sexuais [&hellip;]<\/p>\n","protected":false},"author":2,"featured_media":2277,"comment_status":"open","ping_status":"open","sticky":false,"template":"","format":"standard","meta":{"om_disable_all_campaigns":false,"_monsterinsights_skip_tracking":false,"_monsterinsights_sitenote_active":false,"_monsterinsights_sitenote_note":"","_monsterinsights_sitenote_category":0,"footnotes":""},"categories":[4],"tags":[],"class_list":["post-2276","post","type-post","status-publish","format-standard","has-post-thumbnail","hentry","category-cidade"],"_links":{"self":[{"href":"https:\/\/acontecenafronteira.com.br\/index.php\/wp-json\/wp\/v2\/posts\/2276","targetHints":{"allow":["GET"]}}],"collection":[{"href":"https:\/\/acontecenafronteira.com.br\/index.php\/wp-json\/wp\/v2\/posts"}],"about":[{"href":"https:\/\/acontecenafronteira.com.br\/index.php\/wp-json\/wp\/v2\/types\/post"}],"author":[{"embeddable":true,"href":"https:\/\/acontecenafronteira.com.br\/index.php\/wp-json\/wp\/v2\/users\/2"}],"replies":[{"embeddable":true,"href":"https:\/\/acontecenafronteira.com.br\/index.php\/wp-json\/wp\/v2\/comments?post=2276"}],"version-history":[{"count":1,"href":"https:\/\/acontecenafronteira.com.br\/index.php\/wp-json\/wp\/v2\/posts\/2276\/revisions"}],"predecessor-version":[{"id":2278,"href":"https:\/\/acontecenafronteira.com.br\/index.php\/wp-json\/wp\/v2\/posts\/2276\/revisions\/2278"}],"wp:featuredmedia":[{"embeddable":true,"href":"https:\/\/acontecenafronteira.com.br\/index.php\/wp-json\/wp\/v2\/media\/2277"}],"wp:attachment":[{"href":"https:\/\/acontecenafronteira.com.br\/index.php\/wp-json\/wp\/v2\/media?parent=2276"}],"wp:term":[{"taxonomy":"category","embeddable":true,"href":"https:\/\/acontecenafronteira.com.br\/index.php\/wp-json\/wp\/v2\/categories?post=2276"},{"taxonomy":"post_tag","embeddable":true,"href":"https:\/\/acontecenafronteira.com.br\/index.php\/wp-json\/wp\/v2\/tags?post=2276"}],"curies":[{"name":"wp","href":"https:\/\/api.w.org\/{rel}","templated":true}]}}