{"id":22698,"date":"2025-03-13T10:35:25","date_gmt":"2025-03-13T13:35:25","guid":{"rendered":"https:\/\/acontecenafronteira.com.br\/?p=22698"},"modified":"2025-03-13T10:35:46","modified_gmt":"2025-03-13T13:35:46","slug":"prefeitura-de-foz-apresenta-projeto-cidade-na-palma-da-mao-na-camara-municipal","status":"publish","type":"post","link":"https:\/\/acontecenafronteira.com.br\/index.php\/2025\/03\/13\/prefeitura-de-foz-apresenta-projeto-cidade-na-palma-da-mao-na-camara-municipal\/","title":{"rendered":"Prefeitura de Foz apresenta projeto \u201cCidade na Palma da M\u00e3o\u201d na C\u00e2mara Municipal"},"content":{"rendered":"\n<p><strong><em>Gest\u00e3o General Silva e Luna aposta na moderniza\u00e7\u00e3o dos servi\u00e7os p\u00fablicos com foco em efici\u00eancia, economia e transpar\u00eancia<\/em><\/strong><\/p>\n\n\n\n<p>O secret\u00e1rio municipal de Tecnologia, Inova\u00e7\u00e3o e Moderniza\u00e7\u00e3o Digital de Foz do Igua\u00e7u, Luiz Teixeira, apresentou nesta ter\u00e7a-feira (11), na C\u00e2mara Municipal, o projeto \u201cCidade na Palma da M\u00e3o\u201d. A iniciativa, que faz parte do plano de governo do prefeito General Silva e Luna, promete revolucionar os servi\u00e7os p\u00fablicos, integrando tecnologia e intelig\u00eancia artificial para melhorar a efici\u00eancia da administra\u00e7\u00e3o, reduzir custos e facilitar o acesso da popula\u00e7\u00e3o aos servi\u00e7os municipais.<\/p>\n\n\n\n<p>O convite para a apresenta\u00e7\u00e3o partiu do presidente da C\u00e2mara, vereador Paulo de Brito. Teixeira destacou a import\u00e2ncia do di\u00e1logo com o Legislativo e refor\u00e7ou que a proposta n\u00e3o \u00e9 uma iniciativa isolada da secretaria, mas parte das diretrizes estabelecidas por Silva e Luna para modernizar a gest\u00e3o e transformar a rela\u00e7\u00e3o entre o cidad\u00e3o e o poder p\u00fablico.<\/p>\n\n\n\n<blockquote class=\"wp-block-quote is-layout-flow wp-block-quote-is-layout-flow\">\n<p>\u201cA C\u00e2mara exerce um papel fundamental como \u00f3rg\u00e3o de controle do Executivo. \u00c9 essencial que os vereadores tenham ci\u00eancia do planejamento por tr\u00e1s da transforma\u00e7\u00e3o digital e da implementa\u00e7\u00e3o de intelig\u00eancia artificial na gest\u00e3o p\u00fablica. Esse projeto \u00e9 a materializa\u00e7\u00e3o das propostas de campanha do prefeito General Silva e Luna\u201d, afirmou Teixeira.<\/p>\n<\/blockquote>\n\n\n\n<p>Aos parlamentares, o secret\u00e1rio detalhou que o projeto \u201cCidade na Palma da M\u00e3o\u201d prev\u00ea a cria\u00e7\u00e3o do Poupa Tempo Municipal, uma plataforma que centraliza todos os servi\u00e7os p\u00fablicos em um s\u00f3 lugar. O cidad\u00e3o poder\u00e1 acessar os servi\u00e7os pelo celular, computador, totens instalados em pontos estrat\u00e9gicos da cidade ou de forma presencial, com apoio de servidores capacitados para orientar quem tiver dificuldades com a tecnologia.<\/p>\n\n\n\n<blockquote class=\"wp-block-quote is-layout-flow wp-block-quote-is-layout-flow\">\n<p>\u201cO objetivo \u00e9 garantir que o cidad\u00e3o resolva suas demandas de qualquer lugar, com praticidade e rapidez. E quem n\u00e3o tiver familiaridade com o digital contar\u00e1 com orienta\u00e7\u00e3o presencial, para aprender a usar a plataforma na pr\u00f3xima vez\u201d, explicou.<\/p>\n<\/blockquote>\n\n\n\n<p>Al\u00e9m da integra\u00e7\u00e3o dos servi\u00e7os, o projeto j\u00e1 implantou tr\u00eas \u201cservidores virtuais\u201d \u2014 rob\u00f4s desenvolvidos para otimizar o atendimento e acelerar processos burocr\u00e1ticos:<br>\u2022 Rob\u00f4 da Procuradoria Geral do Munic\u00edpio: automatiza o atendimento de cinco tipos de servi\u00e7os, agilizando demandas simples e liberando os procuradores para casos mais complexos.<br>\u2022 Rob\u00f4 da Sa\u00fade: monitora a aplica\u00e7\u00e3o de vacinas e garante que os registros sejam atualizados, garantindo maior controle e seguran\u00e7a sanit\u00e1ria.<br>\u2022 Rob\u00f4 de Gest\u00e3o Interna: re\u00fane dados das secretarias e consolida relat\u00f3rios de desempenho, permitindo ao prefeito acompanhar em tempo real o andamento dos projetos e a execu\u00e7\u00e3o das metas do plano de governo.<\/p>\n\n\n\n<blockquote class=\"wp-block-quote is-layout-flow wp-block-quote-is-layout-flow\">\n<p>\u201cEsses rob\u00f4s s\u00e3o os primeiros servidores virtuais da hist\u00f3ria de Foz do Igua\u00e7u. Eles trazem mais efici\u00eancia, transpar\u00eancia e agilidade para a administra\u00e7\u00e3o p\u00fablica\u201d, destacou Teixeira.<\/p>\n<\/blockquote>\n\n\n\n<p>Educa\u00e7\u00e3o e seguran\u00e7a tamb\u00e9m s\u00e3o prioridade<br>A apresenta\u00e7\u00e3o do projeto na C\u00e2mara abriu espa\u00e7o para perguntas dos vereadores e do p\u00fablico. A vereadora Professora M\u00e1rcia Bachixte questionou sobre a integra\u00e7\u00e3o da tecnologia ao ensino fundamental. Em resposta, Teixeira anunciou a implementa\u00e7\u00e3o de plataformas inovadoras com intelig\u00eancia artificial na rede municipal de educa\u00e7\u00e3o:<br>\u2022 Reda\u00e7\u00e3o Paran\u00e1: plataforma que ajuda os alunos a desenvolverem suas reda\u00e7\u00f5es. A IA corrige a gram\u00e1tica, enquanto o professor avalia o conte\u00fado.<br>\u2022 Matific: ferramenta de ensino de matem\u00e1tica com acompanhamento em tempo real, permitindo aos professores monitorar o progresso dos alunos e adaptar o ensino conforme o desempenho de cada um.<\/p>\n\n\n\n<p>Na \u00e1rea de seguran\u00e7a p\u00fablica, o vereador Ranieri questionou sobre a possibilidade de integrar for\u00e7as de seguran\u00e7a e adotar reconhecimento facial em Foz do Igua\u00e7u.<\/p>\n\n\n\n<p>Teixeira confirmou que o projeto inclui a moderniza\u00e7\u00e3o do monitoramento da cidade. Em parceria com o secret\u00e1rio de Seguran\u00e7a P\u00fablica, Almirante Paulo Tinoco, est\u00e3o previstas a instala\u00e7\u00e3o de c\u00e2meras com reconhecimento facial e a integra\u00e7\u00e3o com o sistema de emerg\u00eancia 190, inspirado no modelo utilizado no Rio de Janeiro, para fortalecer o combate ao crime na fronteira.<\/p>\n\n\n\n<p>Ap\u00f3s a apresenta\u00e7\u00e3o, o presidente da C\u00e2mara, Paulo de Brito, elogiou o projeto e destacou a import\u00e2ncia da parceria entre o Executivo e o Legislativo para modernizar a gest\u00e3o p\u00fablica.<\/p>\n\n\n\n<blockquote class=\"wp-block-quote is-layout-flow wp-block-quote-is-layout-flow\">\n<p>\u201cQuero agradecer ao secret\u00e1rio Luiz Teixeira pela disponibilidade em trazer esse projeto inovador para conhecimento dos vereadores e da popula\u00e7\u00e3o. A moderniza\u00e7\u00e3o dos servi\u00e7os p\u00fablicos \u00e9 um caminho sem volta, e ver Foz do Igua\u00e7u avan\u00e7ando com tecnologia, intelig\u00eancia artificial e maior transpar\u00eancia \u00e9 motivo de orgulho. A C\u00e2mara est\u00e1 \u00e0 disposi\u00e7\u00e3o para apoiar iniciativas que tragam mais efici\u00eancia e melhorem a vida da nossa gente\u201d, finalizou Brito.<\/p>\n<\/blockquote>\n","protected":false},"excerpt":{"rendered":"<p>Gest\u00e3o General Silva e Luna aposta na moderniza\u00e7\u00e3o dos servi\u00e7os p\u00fablicos com foco em efici\u00eancia, economia e transpar\u00eancia O secret\u00e1rio municipal de Tecnologia, Inova\u00e7\u00e3o e Moderniza\u00e7\u00e3o Digital de Foz do Igua\u00e7u, Luiz Teixeira, apresentou nesta ter\u00e7a-feira (11), na C\u00e2mara Municipal, o projeto \u201cCidade na Palma da M\u00e3o\u201d. A iniciativa, que faz parte do plano de [&hellip;]<\/p>\n","protected":false},"author":2,"featured_media":22699,"comment_status":"open","ping_status":"open","sticky":false,"template":"","format":"standard","meta":{"om_disable_all_campaigns":false,"_monsterinsights_skip_tracking":false,"_monsterinsights_sitenote_active":false,"_monsterinsights_sitenote_note":"","_monsterinsights_sitenote_category":0,"footnotes":""},"categories":[4,19],"tags":[],"class_list":["post-22698","post","type-post","status-publish","format-standard","has-post-thumbnail","hentry","category-cidade","category-politica"],"_links":{"self":[{"href":"https:\/\/acontecenafronteira.com.br\/index.php\/wp-json\/wp\/v2\/posts\/22698","targetHints":{"allow":["GET"]}}],"collection":[{"href":"https:\/\/acontecenafronteira.com.br\/index.php\/wp-json\/wp\/v2\/posts"}],"about":[{"href":"https:\/\/acontecenafronteira.com.br\/index.php\/wp-json\/wp\/v2\/types\/post"}],"author":[{"embeddable":true,"href":"https:\/\/acontecenafronteira.com.br\/index.php\/wp-json\/wp\/v2\/users\/2"}],"replies":[{"embeddable":true,"href":"https:\/\/acontecenafronteira.com.br\/index.php\/wp-json\/wp\/v2\/comments?post=22698"}],"version-history":[{"count":2,"href":"https:\/\/acontecenafronteira.com.br\/index.php\/wp-json\/wp\/v2\/posts\/22698\/revisions"}],"predecessor-version":[{"id":22701,"href":"https:\/\/acontecenafronteira.com.br\/index.php\/wp-json\/wp\/v2\/posts\/22698\/revisions\/22701"}],"wp:featuredmedia":[{"embeddable":true,"href":"https:\/\/acontecenafronteira.com.br\/index.php\/wp-json\/wp\/v2\/media\/22699"}],"wp:attachment":[{"href":"https:\/\/acontecenafronteira.com.br\/index.php\/wp-json\/wp\/v2\/media?parent=22698"}],"wp:term":[{"taxonomy":"category","embeddable":true,"href":"https:\/\/acontecenafronteira.com.br\/index.php\/wp-json\/wp\/v2\/categories?post=22698"},{"taxonomy":"post_tag","embeddable":true,"href":"https:\/\/acontecenafronteira.com.br\/index.php\/wp-json\/wp\/v2\/tags?post=22698"}],"curies":[{"name":"wp","href":"https:\/\/api.w.org\/{rel}","templated":true}]}}