{"id":22695,"date":"2025-03-13T10:31:58","date_gmt":"2025-03-13T13:31:58","guid":{"rendered":"https:\/\/acontecenafronteira.com.br\/?p=22695"},"modified":"2025-03-13T10:31:59","modified_gmt":"2025-03-13T13:31:59","slug":"eletromil-inicia-implantacao-da-rede-eletrica-inteligente-em-foz-do-iguacu","status":"publish","type":"post","link":"https:\/\/acontecenafronteira.com.br\/index.php\/2025\/03\/13\/eletromil-inicia-implantacao-da-rede-eletrica-inteligente-em-foz-do-iguacu\/","title":{"rendered":"Eletromil inicia implanta\u00e7\u00e3o da Rede El\u00e9trica Inteligente em Foz do Igua\u00e7u"},"content":{"rendered":"\n<p><em><strong>Projeto transforma o sistema el\u00e9trico e traz mais efici\u00eancia para a cidade com a instala\u00e7\u00e3o de medidores inteligentes<\/strong><\/em><\/p>\n\n\n\n<p>A moderniza\u00e7\u00e3o do sistema el\u00e9trico est\u00e1 em pleno andamento, e Foz do Igua\u00e7u, Santa Terezinha de Itaipu, S\u00e3o Miguel do Igua\u00e7u e Itaipul\u00e2ndiaest\u00e3o recebendo a instala\u00e7\u00e3o de medidores inteligentes, quem est\u00e1 realizando a instala\u00e7\u00e3o \u00e9 a Eletromil Engenharia, empresa com sede na cidade desde 1996. A iniciativa faz parte da terceira fase do Programa Rede El\u00e9trica Inteligente, que abrange 50 munic\u00edpios do oeste do Paran\u00e1 e ir\u00e1 instalar no totalde 661 mil medidores, que representa um avan\u00e7o significativo na moderniza\u00e7\u00e3o da infraestrutura el\u00e9trica da regi\u00e3o, trazendo uma infraestrutura mais eficiente e moderna.<\/p>\n\n\n\n<p><br>A regi\u00e3o finalmente recebe um dos mais inovadores projetos de moderniza\u00e7\u00e3o el\u00e9trica da Am\u00e9rica Latina. Como cidade-sede da Eletromil, a implanta\u00e7\u00e3o do Projeto Rede El\u00e9trica Inteligente (REI) representa um grande marco para a cidade, trazendo benef\u00edcios como mais seguran\u00e7a, efici\u00eancia energ\u00e9tica e impacto positivo na economia local.<\/p>\n\n\n\n<p>O Projeto Rede El\u00e9trica Inteligente (REI) \u00e9 um dos maiores e mais avan\u00e7ados projetos de moderniza\u00e7\u00e3o da infraestrutura el\u00e9trica da Am\u00e9rica Latina, realizado em parceria com a Copel. Abrangendo 50 munic\u00edpios do oeste do Paran\u00e1 e prevendo a instala\u00e7\u00e3o de 661 mil medidores inteligentes. Em Foz do Igua\u00e7u, os trabalhos j\u00e1 foram iniciados, trazendo in\u00fameras vantagens aos consumidores.<\/p>\n\n\n\n<p>A chegada do Projeto REI a Foz do Igua\u00e7u e regi\u00e3o trouxe tamb\u00e9m uma importante contribui\u00e7\u00e3o para a economia local, com a abertura de mais de 100 vagas de emprego para instala\u00e7\u00e3o dos novos medidores. Al\u00e9m das equipes fixas, a Eletromil capacitou profissionais para atuar nesse projeto, gerando novas oportunidades e profissionalizando trabalhadores na \u00e1rea el\u00e9trica. E agora a devida instala\u00e7\u00e3o continuar\u00e1 trazendo mais benef\u00edcios a cidade.<\/p>\n\n\n\n<p><strong>Gest\u00e3o Avan\u00e7ada<\/strong><\/p>\n\n\n\n<p>Os medidores inteligentes transmitem informa\u00e7\u00f5es em tempo real para as centrais da Copel, o que gera uma leitura remota e detalhada de par\u00e2metros essenciais para a gest\u00e3o do sistema el\u00e9trico e para o acompanhamento do consumo pelos usu\u00e1rios.<\/p>\n\n\n\n<p>Os dispositivos registram a pot\u00eancia m\u00e1xima em intervalos predeterminados, permitindo a identifica\u00e7\u00e3o de picos de consumo. Monitoram tamb\u00e9m varia\u00e7\u00f5es de tens\u00e3o e corrente, que podem indicar falhas na rede ou em equipamentos, al\u00e9m de altera\u00e7\u00f5es na frequ\u00eancia, \u00fateis para detectar instabilidades. Com um hist\u00f3rico detalhado de consumo, os dados ficam dispon\u00edveis para an\u00e1lises futuras, contribuindo para a efici\u00eancia energ\u00e9tica.<\/p>\n\n\n\n<p><strong>Monitoramento<\/strong><\/p>\n\n\n\n<p>A tecnologia permite identificar automaticamente a extens\u00e3o de falhas na rede e localizar sua origem com mais precis\u00e3o, agilizando o tempo de restabelecimento do fornecimento. Para os consumidores, os medidores oferecem a conveni\u00eancia de monitorar o consumo em tempo real pelo aplicativo da Copel, acess\u00edvel em smartphones e outros dispositivos m\u00f3veis.<\/p>\n\n\n\n<p>A moderniza\u00e7\u00e3o elimina ainda a necessidade de visitas mensais para leitura \u2013 um incentivo a mais para a ades\u00e3o \u00e0 fatura digital, que tem a mesma validade legal da impressa e pode ser utilizada como comprovante de endere\u00e7o.<\/p>\n\n\n\n<p><strong>Gera\u00e7\u00e3o Distribu\u00edda<\/strong><\/p>\n\n\n\n<p>Outra vantagem \u00e9 a funcionalidade bidirecional dos medidores inteligentes, essencial para projetos de gera\u00e7\u00e3o de energia solar. Eles permitem medir tanto a energia consumida quanto a excedente, enviada de volta \u00e0 rede pelos sistemas de gera\u00e7\u00e3o distribu\u00edda.<\/p>\n\n\n\n<p>A tecnologia tamb\u00e9m prepara a rede para a ado\u00e7\u00e3o de modalidades tarif\u00e1rias vari\u00e1veis, que se mostram como uma tend\u00eancia de futuro para o setor el\u00e9trico.<\/p>\n\n\n\n<p><strong>Sobre a Empresa<\/strong><\/p>\n\n\n\n<p>A Eletromil foi fundada em Foz do Igua\u00e7u no ano de 1996, sob a cren\u00e7a de que o futuro da humanidade precisa de energia. A empresa sempre est\u00e1 procura de talentos de classe mundial, prontos para enfrentar projetos desafiadores para expandir e manter segura a rede de energia el\u00e9trica da nossa comunidade, com a miss\u00e3o de ser uma companhia que proporciona oportunidades iguais, oferecendo sal\u00e1rios competitivos e benef\u00edcios garantidos da categoria.&nbsp; Com o Projeto Rede El\u00e9trica Inteligente, al\u00e9m das equipes fixas, a Eletromil capacita interessados de todas as cidades do oeste, ampliando oportunidades e profissionalizando pessoas.<\/p>\n\n\n\n<p>A moderniza\u00e7\u00e3o elimina ainda a necessidade de visitas mensais para leitura \u2013 um incentivo a mais para a ades\u00e3o \u00e0 fatura digital, que tem a mesma validade legal da impressa e pode ser utilizada como comprovante de endere\u00e7o.<\/p>\n","protected":false},"excerpt":{"rendered":"<p>Projeto transforma o sistema el\u00e9trico e traz mais efici\u00eancia para a cidade com a instala\u00e7\u00e3o de medidores inteligentes A moderniza\u00e7\u00e3o do sistema el\u00e9trico est\u00e1 em pleno andamento, e Foz do Igua\u00e7u, Santa Terezinha de Itaipu, S\u00e3o Miguel do Igua\u00e7u e Itaipul\u00e2ndiaest\u00e3o recebendo a instala\u00e7\u00e3o de medidores inteligentes, quem est\u00e1 realizando a instala\u00e7\u00e3o \u00e9 a Eletromil [&hellip;]<\/p>\n","protected":false},"author":2,"featured_media":22696,"comment_status":"open","ping_status":"open","sticky":false,"template":"","format":"standard","meta":{"om_disable_all_campaigns":false,"_monsterinsights_skip_tracking":false,"_monsterinsights_sitenote_active":false,"_monsterinsights_sitenote_note":"","_monsterinsights_sitenote_category":0,"footnotes":""},"categories":[4,18,12],"tags":[],"class_list":["post-22695","post","type-post","status-publish","format-standard","has-post-thumbnail","hentry","category-cidade","category-parana","category-tecnologia"],"_links":{"self":[{"href":"https:\/\/acontecenafronteira.com.br\/index.php\/wp-json\/wp\/v2\/posts\/22695","targetHints":{"allow":["GET"]}}],"collection":[{"href":"https:\/\/acontecenafronteira.com.br\/index.php\/wp-json\/wp\/v2\/posts"}],"about":[{"href":"https:\/\/acontecenafronteira.com.br\/index.php\/wp-json\/wp\/v2\/types\/post"}],"author":[{"embeddable":true,"href":"https:\/\/acontecenafronteira.com.br\/index.php\/wp-json\/wp\/v2\/users\/2"}],"replies":[{"embeddable":true,"href":"https:\/\/acontecenafronteira.com.br\/index.php\/wp-json\/wp\/v2\/comments?post=22695"}],"version-history":[{"count":1,"href":"https:\/\/acontecenafronteira.com.br\/index.php\/wp-json\/wp\/v2\/posts\/22695\/revisions"}],"predecessor-version":[{"id":22697,"href":"https:\/\/acontecenafronteira.com.br\/index.php\/wp-json\/wp\/v2\/posts\/22695\/revisions\/22697"}],"wp:featuredmedia":[{"embeddable":true,"href":"https:\/\/acontecenafronteira.com.br\/index.php\/wp-json\/wp\/v2\/media\/22696"}],"wp:attachment":[{"href":"https:\/\/acontecenafronteira.com.br\/index.php\/wp-json\/wp\/v2\/media?parent=22695"}],"wp:term":[{"taxonomy":"category","embeddable":true,"href":"https:\/\/acontecenafronteira.com.br\/index.php\/wp-json\/wp\/v2\/categories?post=22695"},{"taxonomy":"post_tag","embeddable":true,"href":"https:\/\/acontecenafronteira.com.br\/index.php\/wp-json\/wp\/v2\/tags?post=22695"}],"curies":[{"name":"wp","href":"https:\/\/api.w.org\/{rel}","templated":true}]}}