{"id":22689,"date":"2025-03-12T14:04:41","date_gmt":"2025-03-12T17:04:41","guid":{"rendered":"https:\/\/acontecenafronteira.com.br\/?p=22689"},"modified":"2025-03-12T14:04:43","modified_gmt":"2025-03-12T17:04:43","slug":"robotica-transforma-aprendizado-na-rede-municipal-de-foz-do-iguacu","status":"publish","type":"post","link":"https:\/\/acontecenafronteira.com.br\/index.php\/2025\/03\/12\/robotica-transforma-aprendizado-na-rede-municipal-de-foz-do-iguacu\/","title":{"rendered":"Rob\u00f3tica transforma aprendizado na rede municipal de Foz do Igua\u00e7u"},"content":{"rendered":"\n<p><strong><em>Disciplina alia tecnologia, pr\u00e1tica e reflex\u00e3o social para formar estudantes mais preparados para o futuro<\/em><\/strong><\/p>\n\n\n\n<p>As aulas de rob\u00f3tica na rede municipal de ensino de Foz do Igua\u00e7u t\u00eam se destacado como uma inova\u00e7\u00e3o no processo de aprendizagem. Com uma proposta que une teoria e pr\u00e1tica, a disciplina n\u00e3o s\u00f3 atrai o interesse dos alunos, mas tamb\u00e9m os capacita para enfrentar um futuro cada vez mais tecnol\u00f3gico e din\u00e2mico.<br>A abordagem envolve desde os fundamentos da eletr\u00f4nica at\u00e9 discuss\u00f5es sobre o impacto social da tecnologia. O resultado \u00e9 uma sala de aula que se transforma em um ambiente interativo e estimulante.<br>\u201cA disciplina \u00e9 estruturada em eixos que garantem uma forma\u00e7\u00e3o completa. Os estudantes come\u00e7am explorando os conceitos b\u00e1sicos de eletr\u00f4nica\u201d, explica o coordenador de Rob\u00f3tica Educacional, Valmir Bueno.<br>A primeira etapa, segundo ele, \u00e9 essencial para que os alunos entendam os princ\u00edpios que possibilitam a constru\u00e7\u00e3o de rob\u00f4s e carrinhos \u2014 sejam aut\u00f4nomos ou controlados remotamente. Com atividades pr\u00e1ticas, os estudantes montam e programam os dispositivos, desenvolvendo habilidades como racioc\u00ednio l\u00f3gico, criatividade e trabalho em equipe.<br>\u201cCada projeto \u00e9 uma oportunidade para transformar a teoria em pr\u00e1tica. Os alunos se veem como verdadeiros inventores\u201d, acrescenta Bueno.<br>Para Heitor Sanches, aluno do 4\u00ba ano da Escola \u00c9rico Verissimo, no Jardim S\u00e3o Paulo, a disciplina \u00e9 a mais esperada da semana. \u201cAcho legal a aula de rob\u00f3tica, e o que mais me interessa \u00e9 a tecnologia e o que conseguimos fazer em sala. Gosto de tudo que tenha tecnologia\u201d, diz o estudante.<\/p>\n\n\n\n<p>Tecnologia e consci\u00eancia social<br>Al\u00e9m da constru\u00e7\u00e3o de m\u00e1quinas, as aulas de rob\u00f3tica incluem reflex\u00f5es sobre o impacto da tecnologia na vida cotidiana. Temas como o uso respons\u00e1vel da internet e das redes sociais s\u00e3o discutidos de forma pr\u00e1tica, conectando o aprendizado ao dia a dia dos estudantes.<br>\u201cAprendemos muitas coisas, como ter cuidado com o que a gente posta na internet, porque pode ser perigoso\u201d, conta Ana Paula dos Santos Ribeiro, de 10 anos.<br>A disciplina tamb\u00e9m introduz os alunos \u00e0 intelig\u00eancia artificial, explicando conceitos b\u00e1sicos e mostrando como essa tecnologia j\u00e1 est\u00e1 presente em diversos aspectos da rotina \u2014 de assistentes virtuais a recomenda\u00e7\u00f5es de v\u00eddeos e m\u00fasicas. O objetivo \u00e9 desmistificar a IA e despertar o interesse pela cria\u00e7\u00e3o de solu\u00e7\u00f5es inovadoras no futuro.<\/p>\n\n\n\n<p>Autonomia e engajamento<br>Para a diretora de Educa\u00e7\u00e3o, Aline Bandeira Laufer, o impacto das aulas vai al\u00e9m do aprendizado t\u00e9cnico.<br>\u201cEsse ambiente de aprendizagem n\u00e3o s\u00f3 atrai os alunos, mas promove um engajamento significativo. A rob\u00f3tica virou um espa\u00e7o onde a curiosidade \u00e9 estimulada e a autonomia dos estudantes \u00e9 valorizada\u201d, afirma.<br>A ado\u00e7\u00e3o da disciplina reflete uma mudan\u00e7a na vis\u00e3o sobre a educa\u00e7\u00e3o. Em um cen\u00e1rio onde a tecnologia avan\u00e7a rapidamente, desenvolver habilidades digitais e pensamento cr\u00edtico n\u00e3o \u00e9 mais uma op\u00e7\u00e3o, mas uma necessidade para preparar cidad\u00e3os capazes de acompanhar e moldar a sociedade do futuro.<br>\u201cAs aulas de rob\u00f3tica deixaram de ser uma tend\u00eancia e se consolidaram como uma ferramenta essencial para formar estudantes mais preparados, criativos e conscientes\u201d, conclui Aline.<\/p>\n\n\n\n<figure class=\"wp-block-gallery has-nested-images columns-default is-cropped wp-block-gallery-1 is-layout-flex wp-block-gallery-is-layout-flex\">\n<figure class=\"wp-block-image size-large\"><img loading=\"lazy\" decoding=\"async\" width=\"1024\" height=\"576\" data-id=\"22690\" src=\"https:\/\/acontecenafronteira.com.br\/wp-content\/uploads\/2025\/03\/WhatsApp-Image-2025-03-12-at-14.00.35-1-1024x576.jpeg?v=1741799062\" alt=\"\" class=\"wp-image-22690\" srcset=\"https:\/\/acontecenafronteira.com.br\/wp-content\/uploads\/2025\/03\/WhatsApp-Image-2025-03-12-at-14.00.35-1-1024x576.jpeg?v=1741799062 1024w, https:\/\/acontecenafronteira.com.br\/wp-content\/uploads\/2025\/03\/WhatsApp-Image-2025-03-12-at-14.00.35-1-300x169.jpeg?v=1741799062 300w, https:\/\/acontecenafronteira.com.br\/wp-content\/uploads\/2025\/03\/WhatsApp-Image-2025-03-12-at-14.00.35-1-768x432.jpeg?v=1741799062 768w, https:\/\/acontecenafronteira.com.br\/wp-content\/uploads\/2025\/03\/WhatsApp-Image-2025-03-12-at-14.00.35-1.jpeg?v=1741799062 1280w\" sizes=\"auto, (max-width: 1024px) 100vw, 1024px\" \/><\/figure>\n\n\n\n<figure class=\"wp-block-image size-large\"><img loading=\"lazy\" decoding=\"async\" width=\"1024\" height=\"576\" data-id=\"22691\" src=\"https:\/\/acontecenafronteira.com.br\/wp-content\/uploads\/2025\/03\/WhatsApp-Image-2025-03-12-at-14.00.35-1024x576.jpeg?v=1741799062\" alt=\"\" class=\"wp-image-22691\" srcset=\"https:\/\/acontecenafronteira.com.br\/wp-content\/uploads\/2025\/03\/WhatsApp-Image-2025-03-12-at-14.00.35-1024x576.jpeg?v=1741799062 1024w, https:\/\/acontecenafronteira.com.br\/wp-content\/uploads\/2025\/03\/WhatsApp-Image-2025-03-12-at-14.00.35-300x169.jpeg?v=1741799062 300w, https:\/\/acontecenafronteira.com.br\/wp-content\/uploads\/2025\/03\/WhatsApp-Image-2025-03-12-at-14.00.35-768x432.jpeg?v=1741799062 768w, https:\/\/acontecenafronteira.com.br\/wp-content\/uploads\/2025\/03\/WhatsApp-Image-2025-03-12-at-14.00.35.jpeg?v=1741799062 1280w\" sizes=\"auto, (max-width: 1024px) 100vw, 1024px\" \/><\/figure>\n\n\n\n<figure class=\"wp-block-image size-large\"><img loading=\"lazy\" decoding=\"async\" width=\"1024\" height=\"576\" data-id=\"22692\" src=\"https:\/\/acontecenafronteira.com.br\/wp-content\/uploads\/2025\/03\/WhatsApp-Image-2025-03-12-at-14.00.36-1-1024x576.jpeg?v=1741799062\" alt=\"\" class=\"wp-image-22692\" srcset=\"https:\/\/acontecenafronteira.com.br\/wp-content\/uploads\/2025\/03\/WhatsApp-Image-2025-03-12-at-14.00.36-1-1024x576.jpeg?v=1741799062 1024w, https:\/\/acontecenafronteira.com.br\/wp-content\/uploads\/2025\/03\/WhatsApp-Image-2025-03-12-at-14.00.36-1-300x169.jpeg?v=1741799062 300w, https:\/\/acontecenafronteira.com.br\/wp-content\/uploads\/2025\/03\/WhatsApp-Image-2025-03-12-at-14.00.36-1-768x432.jpeg?v=1741799062 768w, https:\/\/acontecenafronteira.com.br\/wp-content\/uploads\/2025\/03\/WhatsApp-Image-2025-03-12-at-14.00.36-1.jpeg?v=1741799062 1280w\" sizes=\"auto, (max-width: 1024px) 100vw, 1024px\" \/><\/figure>\n\n\n\n<figure class=\"wp-block-image size-large\"><img loading=\"lazy\" decoding=\"async\" width=\"1024\" height=\"576\" data-id=\"22693\" src=\"https:\/\/acontecenafronteira.com.br\/wp-content\/uploads\/2025\/03\/WhatsApp-Image-2025-03-12-at-14.00.36-1024x576.jpeg?v=1741799062\" alt=\"\" class=\"wp-image-22693\" srcset=\"https:\/\/acontecenafronteira.com.br\/wp-content\/uploads\/2025\/03\/WhatsApp-Image-2025-03-12-at-14.00.36-1024x576.jpeg?v=1741799062 1024w, https:\/\/acontecenafronteira.com.br\/wp-content\/uploads\/2025\/03\/WhatsApp-Image-2025-03-12-at-14.00.36-300x169.jpeg?v=1741799062 300w, https:\/\/acontecenafronteira.com.br\/wp-content\/uploads\/2025\/03\/WhatsApp-Image-2025-03-12-at-14.00.36-768x432.jpeg?v=1741799062 768w, https:\/\/acontecenafronteira.com.br\/wp-content\/uploads\/2025\/03\/WhatsApp-Image-2025-03-12-at-14.00.36.jpeg?v=1741799062 1280w\" sizes=\"auto, (max-width: 1024px) 100vw, 1024px\" \/><\/figure>\n<\/figure>\n","protected":false},"excerpt":{"rendered":"<p>Disciplina alia tecnologia, pr\u00e1tica e reflex\u00e3o social para formar estudantes mais preparados para o futuro As aulas de rob\u00f3tica na rede municipal de ensino de Foz do Igua\u00e7u t\u00eam se destacado como uma inova\u00e7\u00e3o no processo de aprendizagem. Com uma proposta que une teoria e pr\u00e1tica, a disciplina n\u00e3o s\u00f3 atrai o interesse dos alunos, [&hellip;]<\/p>\n","protected":false},"author":2,"featured_media":22692,"comment_status":"open","ping_status":"open","sticky":false,"template":"","format":"standard","meta":{"om_disable_all_campaigns":false,"_monsterinsights_skip_tracking":false,"_monsterinsights_sitenote_active":false,"_monsterinsights_sitenote_note":"","_monsterinsights_sitenote_category":0,"footnotes":""},"categories":[26,4,8,12],"tags":[],"class_list":["post-22689","post","type-post","status-publish","format-standard","has-post-thumbnail","hentry","category-brasil","category-cidade","category-educaca0","category-tecnologia"],"_links":{"self":[{"href":"https:\/\/acontecenafronteira.com.br\/index.php\/wp-json\/wp\/v2\/posts\/22689","targetHints":{"allow":["GET"]}}],"collection":[{"href":"https:\/\/acontecenafronteira.com.br\/index.php\/wp-json\/wp\/v2\/posts"}],"about":[{"href":"https:\/\/acontecenafronteira.com.br\/index.php\/wp-json\/wp\/v2\/types\/post"}],"author":[{"embeddable":true,"href":"https:\/\/acontecenafronteira.com.br\/index.php\/wp-json\/wp\/v2\/users\/2"}],"replies":[{"embeddable":true,"href":"https:\/\/acontecenafronteira.com.br\/index.php\/wp-json\/wp\/v2\/comments?post=22689"}],"version-history":[{"count":1,"href":"https:\/\/acontecenafronteira.com.br\/index.php\/wp-json\/wp\/v2\/posts\/22689\/revisions"}],"predecessor-version":[{"id":22694,"href":"https:\/\/acontecenafronteira.com.br\/index.php\/wp-json\/wp\/v2\/posts\/22689\/revisions\/22694"}],"wp:featuredmedia":[{"embeddable":true,"href":"https:\/\/acontecenafronteira.com.br\/index.php\/wp-json\/wp\/v2\/media\/22692"}],"wp:attachment":[{"href":"https:\/\/acontecenafronteira.com.br\/index.php\/wp-json\/wp\/v2\/media?parent=22689"}],"wp:term":[{"taxonomy":"category","embeddable":true,"href":"https:\/\/acontecenafronteira.com.br\/index.php\/wp-json\/wp\/v2\/categories?post=22689"},{"taxonomy":"post_tag","embeddable":true,"href":"https:\/\/acontecenafronteira.com.br\/index.php\/wp-json\/wp\/v2\/tags?post=22689"}],"curies":[{"name":"wp","href":"https:\/\/api.w.org\/{rel}","templated":true}]}}