{"id":22669,"date":"2025-03-11T20:21:06","date_gmt":"2025-03-11T23:21:06","guid":{"rendered":"https:\/\/acontecenafronteira.com.br\/?p=22669"},"modified":"2025-03-11T20:21:06","modified_gmt":"2025-03-11T23:21:06","slug":"5-dicas-para-manter-a-saude-bucal-das-criancas-na-escola","status":"publish","type":"post","link":"https:\/\/acontecenafronteira.com.br\/index.php\/2025\/03\/11\/5-dicas-para-manter-a-saude-bucal-das-criancas-na-escola\/","title":{"rendered":"5 dicas para manter a sa\u00fade bucal das crian\u00e7as na escola"},"content":{"rendered":"\n<p><strong>S\u00e3o Paulo, mar\u00e7o de 2024<\/strong>. Dados recentes do Minist\u00e9rio da Sa\u00fade revelam que, em 2023, 53% das crian\u00e7as brasileiras de 5 anos estavam livres de c\u00e1ries, um aumento significativo em rela\u00e7\u00e3o aos 46,6% registrados em 2010. No entanto, ainda h\u00e1 um caminho a percorrer, j\u00e1 que 41,2% das crian\u00e7as dessa faixa et\u00e1ria apresentam ao menos um dente com c\u00e1rie n\u00e3o tratada, e 10% necessitam de tratamento odontol\u00f3gico de urg\u00eancia.<\/p>\n\n\n\n<p>Para a dentista Fernanda Oliani, da Oral Sin, o retorno \u00e0s aulas \u00e9 o momento ideal para refor\u00e7ar a import\u00e2ncia da higiene bucal na rotina das crian\u00e7as. \u201cRetomar uma rotina de higiene adequada, aliada a uma alimenta\u00e7\u00e3o equilibrada, ajuda a prevenir problemas como c\u00e1ries e gengivite. Pequenos gestos di\u00e1rios, como escovar os dentes ap\u00f3s as refei\u00e7\u00f5es e fazer visitas regulares ao dentista, fazem toda a diferen\u00e7a para garantir um sorriso saud\u00e1vel ao longo do ano letivo\u201d, afirma.<\/p>\n\n\n\n<p>Para garantir sorrisos saud\u00e1veis no per\u00edodo escolar, a especialista compartilha cinco dicas essenciais para aplicar no dia a dia das crian\u00e7as;<\/p>\n\n\n\n<p><strong>1- Escolha de lanches saud\u00e1veis<\/strong><\/p>\n\n\n\n<p>Evite incluir na lancheira alimentos ultraprocessados, como bolachas recheadas, salgadinhos e guloseimas a\u00e7ucaradas. Esses produtos s\u00e3o ricos em a\u00e7\u00facares e contribuem para o desenvolvimento de c\u00e1ries. Opte por frutas frescas, lanches assados com baixo teor de sal e incentive o consumo regular de \u00e1gua. A alimenta\u00e7\u00e3o equilibrada \u00e9 crucial para a sa\u00fade bucal e geral das crian\u00e7as.<\/p>\n\n\n\n<p><strong>2- Retorno \u00e0 rotina de higiene bucal<\/strong><\/p>\n\n\n\n<p>Reestabele\u00e7a uma rotina de escova\u00e7\u00e3o dos dentes pelo menos tr\u00eas vezes ao dia, especialmente ap\u00f3s as refei\u00e7\u00f5es principais. Para tornar esse momento mais agrad\u00e1vel, os pais podem escovar os dentes junto com os filhos, utilizando m\u00fasicas que eles gostem para marcar o tempo adequado de escova\u00e7\u00e3o, que deve ser entre 2 e 3 minutos.<\/p>\n\n\n\n<p><br><strong>3- Kit de higiene bucal na mochila<\/strong><\/p>\n\n\n\n<p>Prepare um kit de higiene bucal para que a crian\u00e7a leve na mochila, contendo escova de dentes, pasta de dente e fio dental. Isso facilita a manuten\u00e7\u00e3o da higiene mesmo durante o per\u00edodo escolar. Ter os itens necess\u00e1rios \u00e0 disposi\u00e7\u00e3o incentiva a crian\u00e7a a manter os cuidados bucais fora de casa.<\/p>\n\n\n\n<p><br><strong>4- Monte um painel de atividades di\u00e1rias<\/strong><\/p>\n\n\n\n<p>Crie, junto com a crian\u00e7a, um painel que liste atividades di\u00e1rias, como escovar os dentes tr\u00eas vezes ao dia, arrumar a cama e trocar de roupa. Transforme essas tarefas em um sistema de pontua\u00e7\u00e3o, oferecendo pequenas recompensas ao atingir os objetivos. Essa estrat\u00e9gia l\u00fadica pode motivar os pequenos a manterem h\u00e1bitos saud\u00e1veis.<\/p>\n\n\n\n<p><strong>5- Aten\u00e7\u00e3o aos sinais de problemas bucais<\/strong><\/p>\n\n\n\n<p>Esteja atento a sinais como dentes amarelados, presen\u00e7a de placa vis\u00edvel, sangramento gengival, mau h\u00e1lito ou queixas de dor. Esses sintomas podem indicar problemas bucais que necessitam de aten\u00e7\u00e3o profissional. A detec\u00e7\u00e3o precoce \u00e9 fundamental para um tratamento eficaz e menos invasivo.<\/p>\n\n\n\n<p><strong>Sobre a Oral Sin<\/strong>&nbsp;<\/p>\n\n\n\n<p>Fundada em 2004, em Arapongas, Paran\u00e1, a Oral Sin \u00e9 a maior rede de franquias de implantes dent\u00e1rios do pa\u00eds e, desde 2009 atua no segmento de franquias. Presente em todo o pa\u00eds, \u00e9 pioneira na ado\u00e7\u00e3o de tecnologias digitais ligadas \u00e0 odontologia. Al\u00e9m dos implantes, tamb\u00e9m oferece atendimento cl\u00ednico em geral, pr\u00f3teses dent\u00e1rias, est\u00e9tica dental, ortodontia, toxina botul\u00ednica e enxerto \u00f3sseo.<\/p>\n\n\n\n<p>Atendimento odontol\u00f3gico humanizado e de excel\u00eancia, acolhimento, respeito, carinho e flexibilidade no pagamento \u2013 que promove o melhor custo-benef\u00edcio do mercado \u2013 est\u00e3o entre seus pilares.&nbsp;&nbsp;<\/p>\n","protected":false},"excerpt":{"rendered":"<p>S\u00e3o Paulo, mar\u00e7o de 2024. Dados recentes do Minist\u00e9rio da Sa\u00fade revelam que, em 2023, 53% das crian\u00e7as brasileiras de 5 anos estavam livres de c\u00e1ries, um aumento significativo em rela\u00e7\u00e3o aos 46,6% registrados em 2010. No entanto, ainda h\u00e1 um caminho a percorrer, j\u00e1 que 41,2% das crian\u00e7as dessa faixa et\u00e1ria apresentam ao menos [&hellip;]<\/p>\n","protected":false},"author":2,"featured_media":22670,"comment_status":"open","ping_status":"open","sticky":false,"template":"","format":"standard","meta":{"om_disable_all_campaigns":false,"_monsterinsights_skip_tracking":false,"_monsterinsights_sitenote_active":false,"_monsterinsights_sitenote_note":"","_monsterinsights_sitenote_category":0,"footnotes":""},"categories":[26,8,10],"tags":[],"class_list":["post-22669","post","type-post","status-publish","format-standard","has-post-thumbnail","hentry","category-brasil","category-educaca0","category-saude"],"_links":{"self":[{"href":"https:\/\/acontecenafronteira.com.br\/index.php\/wp-json\/wp\/v2\/posts\/22669","targetHints":{"allow":["GET"]}}],"collection":[{"href":"https:\/\/acontecenafronteira.com.br\/index.php\/wp-json\/wp\/v2\/posts"}],"about":[{"href":"https:\/\/acontecenafronteira.com.br\/index.php\/wp-json\/wp\/v2\/types\/post"}],"author":[{"embeddable":true,"href":"https:\/\/acontecenafronteira.com.br\/index.php\/wp-json\/wp\/v2\/users\/2"}],"replies":[{"embeddable":true,"href":"https:\/\/acontecenafronteira.com.br\/index.php\/wp-json\/wp\/v2\/comments?post=22669"}],"version-history":[{"count":1,"href":"https:\/\/acontecenafronteira.com.br\/index.php\/wp-json\/wp\/v2\/posts\/22669\/revisions"}],"predecessor-version":[{"id":22671,"href":"https:\/\/acontecenafronteira.com.br\/index.php\/wp-json\/wp\/v2\/posts\/22669\/revisions\/22671"}],"wp:featuredmedia":[{"embeddable":true,"href":"https:\/\/acontecenafronteira.com.br\/index.php\/wp-json\/wp\/v2\/media\/22670"}],"wp:attachment":[{"href":"https:\/\/acontecenafronteira.com.br\/index.php\/wp-json\/wp\/v2\/media?parent=22669"}],"wp:term":[{"taxonomy":"category","embeddable":true,"href":"https:\/\/acontecenafronteira.com.br\/index.php\/wp-json\/wp\/v2\/categories?post=22669"},{"taxonomy":"post_tag","embeddable":true,"href":"https:\/\/acontecenafronteira.com.br\/index.php\/wp-json\/wp\/v2\/tags?post=22669"}],"curies":[{"name":"wp","href":"https:\/\/api.w.org\/{rel}","templated":true}]}}