{"id":22613,"date":"2025-03-06T18:31:26","date_gmt":"2025-03-06T21:31:26","guid":{"rendered":"https:\/\/acontecenafronteira.com.br\/?p=22613"},"modified":"2025-03-06T18:31:27","modified_gmt":"2025-03-06T21:31:27","slug":"pesca-internacional-ao-tucunare-acontece-neste-final-de-semana-em-santa-terezinha-de-itaipu","status":"publish","type":"post","link":"https:\/\/acontecenafronteira.com.br\/index.php\/2025\/03\/06\/pesca-internacional-ao-tucunare-acontece-neste-final-de-semana-em-santa-terezinha-de-itaipu\/","title":{"rendered":"Pesca Internacional ao Tucunar\u00e9 acontece neste final de semana em Santa Terezinha de Itaipu"},"content":{"rendered":"\n<p>A 11\u00aa Pesca Internacional ao Tucunar\u00e9 acontece neste final de semana no Terminal Tur\u00edstico Alvorada de Itaipu, no munic\u00edpio vizinho. Em apenas dez horas as 300 vagas colocadas \u00e0 disposi\u00e7\u00e3o foram vendidas  contou o organizador do evento, J\u00fanior Zilli, presidente da Associa\u00e7\u00e3o de Pesca Esportiva Santa Terezinha de Itaipu, que organiza o evento. Cada equipe pode ser composta por dois ou tr\u00eas pescadores. As equipes v\u00eam de diversas regi\u00f5es do pa\u00eds (SC, RS, MS, MT MG e SP), tamb\u00e9m da Argentina e do Paraguai. Al\u00e9m das equipes, a organiza\u00e7\u00e3o espera a presen\u00e7a de milhares de pessoas da regi\u00e3o para assistirem ao evento. Por se tratar de pesca modalidade esportiva, os peixes s\u00e3o fisgados, medidos e devolvidos ao lago.<\/p>\n\n\n\n<p><strong>Programa\u00e7\u00e3o <\/strong><\/p>\n\n\n\n<p>Sexta-feira, a partir das 16h, haver\u00e1 a recep\u00e7\u00e3o dos pescadores com a entrega dos kits aos inscritos e logo depois a abertura oficial do evento, com shows musicais e sorteios de brindes aos inscritos.<\/p>\n\n\n\n<p>S\u00e1bado a competi\u00e7\u00e3o come\u00e7a bem cedo. A partir das 5h ser\u00e1 servido caf\u00e9 da manh\u00e3 colonial e haver\u00e1 ben\u00e7\u00e3o aos pescadores. O secret\u00e1rio de Estado do Turismo, Marcio Nunes, e autoridades municipais acompanham a largada dos barcos.<\/p>\n\n\n\n<p>A largada dos barcos acontece 7h e a prova ser\u00e1 encerrada 15h. Para o p\u00fablico que vai acompanhar o evento em terra firme, ser\u00e1 montada uma pra\u00e7a de alimenta\u00e7\u00e3o e haver\u00e1 shows musicais o dia todo.<\/p>\n\n\n\n<p>No fim do dia ser\u00e1 feita a premia\u00e7\u00e3o com entrega de trof\u00e9us aos dez primeiros colocados e barcos e motores n\u00e1uticos aos que mais se destacaram nas \u00e1guas do Lago de Itaipu. Para encerrar mais esta edi\u00e7\u00e3o, show com o cantor Douglas Rodrigo.<\/p>\n\n\n\n<p>Com Radio Cultura<\/p>\n\n\n\n<figure class=\"wp-block-video\"><video height=\"720\" style=\"aspect-ratio: 1280 \/ 720;\" width=\"1280\" controls src=\"https:\/\/acontecenafronteira.com.br\/wp-content\/uploads\/2025\/03\/tucunare.mp4\"><\/video><\/figure>\n","protected":false},"excerpt":{"rendered":"<p>A 11\u00aa Pesca Internacional ao Tucunar\u00e9 acontece neste final de semana no Terminal Tur\u00edstico Alvorada de Itaipu, no munic\u00edpio vizinho. Em apenas dez horas as 300 vagas colocadas \u00e0 disposi\u00e7\u00e3o foram vendidas contou o organizador do evento, J\u00fanior Zilli, presidente da Associa\u00e7\u00e3o de Pesca Esportiva Santa Terezinha de Itaipu, que organiza o evento. Cada equipe [&hellip;]<\/p>\n","protected":false},"author":2,"featured_media":22614,"comment_status":"open","ping_status":"open","sticky":false,"template":"","format":"standard","meta":{"om_disable_all_campaigns":false,"_monsterinsights_skip_tracking":false,"_monsterinsights_sitenote_active":false,"_monsterinsights_sitenote_note":"","_monsterinsights_sitenote_category":0,"footnotes":""},"categories":[26,4,13,2,9],"tags":[],"class_list":["post-22613","post","type-post","status-publish","format-standard","has-post-thumbnail","hentry","category-brasil","category-cidade","category-entretenimento","category-esportes","category-turismo"],"_links":{"self":[{"href":"https:\/\/acontecenafronteira.com.br\/index.php\/wp-json\/wp\/v2\/posts\/22613","targetHints":{"allow":["GET"]}}],"collection":[{"href":"https:\/\/acontecenafronteira.com.br\/index.php\/wp-json\/wp\/v2\/posts"}],"about":[{"href":"https:\/\/acontecenafronteira.com.br\/index.php\/wp-json\/wp\/v2\/types\/post"}],"author":[{"embeddable":true,"href":"https:\/\/acontecenafronteira.com.br\/index.php\/wp-json\/wp\/v2\/users\/2"}],"replies":[{"embeddable":true,"href":"https:\/\/acontecenafronteira.com.br\/index.php\/wp-json\/wp\/v2\/comments?post=22613"}],"version-history":[{"count":1,"href":"https:\/\/acontecenafronteira.com.br\/index.php\/wp-json\/wp\/v2\/posts\/22613\/revisions"}],"predecessor-version":[{"id":22616,"href":"https:\/\/acontecenafronteira.com.br\/index.php\/wp-json\/wp\/v2\/posts\/22613\/revisions\/22616"}],"wp:featuredmedia":[{"embeddable":true,"href":"https:\/\/acontecenafronteira.com.br\/index.php\/wp-json\/wp\/v2\/media\/22614"}],"wp:attachment":[{"href":"https:\/\/acontecenafronteira.com.br\/index.php\/wp-json\/wp\/v2\/media?parent=22613"}],"wp:term":[{"taxonomy":"category","embeddable":true,"href":"https:\/\/acontecenafronteira.com.br\/index.php\/wp-json\/wp\/v2\/categories?post=22613"},{"taxonomy":"post_tag","embeddable":true,"href":"https:\/\/acontecenafronteira.com.br\/index.php\/wp-json\/wp\/v2\/tags?post=22613"}],"curies":[{"name":"wp","href":"https:\/\/api.w.org\/{rel}","templated":true}]}}