{"id":22221,"date":"2025-02-12T15:25:52","date_gmt":"2025-02-12T18:25:52","guid":{"rendered":"https:\/\/acontecenafronteira.com.br\/?p=22221"},"modified":"2025-02-12T15:26:19","modified_gmt":"2025-02-12T18:26:19","slug":"julgamento-de-guaranho-assitente-de-acusacao-afirma-que-perita-derrubou-tese-de-legitima-defesa-por-parte-de-guaranho","status":"publish","type":"post","link":"https:\/\/acontecenafronteira.com.br\/index.php\/2025\/02\/12\/julgamento-de-guaranho-assitente-de-acusacao-afirma-que-perita-derrubou-tese-de-legitima-defesa-por-parte-de-guaranho\/","title":{"rendered":"Julgamento de Guaranho, assistente de acusa\u00e7\u00e3o afirma que \u201cPerita derrubou tese de leg\u00edtima defesa por parte do r\u00e9u\u201d"},"content":{"rendered":"\n<p><strong><em>A Justi\u00e7a afirma que o j\u00fari de Jorge Guaranho pode se estender at\u00e9 a quinta-feira (13).<\/em><\/strong><\/p>\n\n\n\n<p>Prossegue pelo segundo dia o j\u00fari popular de Jorge Guaranho, ex-policial penal que matou o guarda municipal Marcelo Arruda em 2022.  Quatro testemunhas foram ouvidas no primeiro dia, a vi\u00fava de Arruda, P\u00e2mela Suellen da Silva, a vigilante Daniele Lima dos Santos, Wolfgang Vaz Neitzel, amigo de Arruda, e a Perita Denise de Oliveira Carneiro Berejuk.<\/p>\n\n\n\n<p>A Defesa usa a tese de leg\u00edtima defesa, segundo Guaranho, quando ele chegou no local, Arruda j\u00e1 estava com a arma apontada para ele. De acordo com o assistente de acusa\u00e7\u00e3o, o advogado Rog\u00e9rio Botelho, o depoimento da perita minou esta tese.<\/p>\n\n\n\n<blockquote class=\"wp-block-quote is-layout-flow wp-block-quote-is-layout-flow\">\n<p>\u201cA Dra. Denise, de forma contundente, disse que o Marcelo estava apontando a arma quando Guaranho chegou porque j\u00e1 era visto que ele era uma amea\u00e7a, porque \u00e9 n\u00edtido nos v\u00eddeos que as pessoas correram quando viram o Guaranho, tentaram se esconder, s\u00f3 com a presen\u00e7a do Guaranho, o que mostra que Guaranho era uma amea\u00e7a evidente, mesmo que Arruda tivesse sacado a arma primeiro, ele estava apontando para uma amea\u00e7a\u201d relatou.<\/p>\n<\/blockquote>\n\n\n\n<blockquote class=\"wp-block-quote is-layout-flow wp-block-quote-is-layout-flow\">\n<blockquote class=\"wp-block-quote is-layout-flow wp-block-quote-is-layout-flow\">\n<p>Para o Dr. Rog\u00e9rio, os advogados de Guaranho mudaram a estrat\u00e9gia ap\u00f3s o depoimento da Perita.&nbsp; \u201cDesde segunda-feira (10) n\u00f3s percebemos uma mudan\u00e7a na estrat\u00e9gia da defesa, porque o Jorge Guaranho come\u00e7ou a dar entrevista, dizendo que lamenta, que sente muito, que ele jamais teve a inten\u00e7\u00e3o de matar, e at\u00e9 ent\u00e3o ele dizia que n\u00e3o lembrava de nada, quer dizer, mostra uma mudan\u00e7a de tese de defesa, eu acredito que eles devem abaixar a guarda com rela\u00e7\u00e3o a leg\u00edtima defesa e v\u00e3o tentar um privil\u00e9gio, como violenta emo\u00e7\u00e3o\u201d comentou Botelho.<\/p>\n<\/blockquote>\n<\/blockquote>\n\n\n\n<p><strong>Defesa<\/strong><\/p>\n\n\n\n<p>Foram questionados os advogados de defesa do ex-policial penal, Dr. Anderson Andr\u00e9 Miranda, sobre qual seria a estrat\u00e9gia. Por\u00e9m, ele disse espera demonstrar aos jurados o que est\u00e1 nos autos, e alegou que houve narrativas de cunho pol\u00edtico que n\u00e3o s\u00e3o condizentes com a realidade dos fatos.<\/p>\n\n\n\n<h5 class=\"wp-block-heading\">Primeiro dia<\/h5>\n\n\n\n<p>A primeira a falar foi&nbsp;P\u00e2mela Silva, vi\u00fava de Marcelo Arruda. Muito emocionada, ela relatou o impacto da trag\u00e9dia em sua vida e na de sua filha, que na \u00e9poca do crime tinha apenas 40 dias.<\/p>\n\n\n\n<p>Segundo P\u00e2mela, a festa de anivers\u00e1rio do marido se transformou em um vel\u00f3rio, e o trauma a impediu de vivenciar plenamente a maternidade no primeiro ano de vida da crian\u00e7a.<\/p>\n\n\n\n<p>Uma das testemunhas ouvidas foi uma vigilante que estava pr\u00f3xima ao local do crime. Ela afirmou ter ouvido&nbsp;Jorge Guaranho gritar \u201cAqui \u00e9 Bolsonaro\u201d, seguido de um palavr\u00e3o.<\/p>\n\n\n\n<p>A testemunha tamb\u00e9m relatou que sofreu amea\u00e7as ap\u00f3s o ocorrido, mas que as intimida\u00e7\u00f5es nunca foram investigadas.<\/p>\n\n\n\n<p><strong>Segundo dia<\/strong><\/p>\n\n\n\n<p>Nesta quarta, o primeiro depoimento previsto \u00e9 o de&nbsp;Edemir Alexandre Riquelme Gonsalve<strong>s<\/strong>, amigo de Marcelo Arruda. Al\u00e9m dele, ainda faltam ser ouvidos:<\/p>\n\n\n\n<ul class=\"wp-block-list\">\n<li>Alexandre Jos\u00e9 dos Santos, amigo de Marcelo Arruda que participava da festa;<\/li>\n\n\n\n<li>Francielle Sales da Silva, esposa de Garanho, que\u00a0esteve com ele na primeira ida ao local onde acontecia a festa de Arruda e afirmou que o marido gritou \u201cBolsonaro mito!\u201d;<\/li>\n\n\n\n<li>Marcelo Adriano Ferreira;<\/li>\n\n\n\n<li>M\u00e1rcio Jacob Muller Murback, amigo de Guaranho que tinha acesso \u00e0s imagens das c\u00e2meras de seguran\u00e7a da associa\u00e7\u00e3o onde ocorria a festa de Arruda;<\/li>\n\n\n\n<li>Perito\u00a0Rodrigo Cavalcanti de Oliveira Neves<\/li>\n\n\n\n<li>Pertia\u00a0Simone Cristina Malysz<\/li>\n<\/ul>\n\n\n\n<p>O r\u00e9u,&nbsp;Jorge Guaranho, ser\u00e1 o \u00faltimo a ser ouvido. S\u00f3 ap\u00f3s isso \u00e9 que o j\u00fari vai para a fase chamada de quesita\u00e7\u00e3o, quando os jurados ser\u00e3o questionados se condenam ou absolvem o r\u00e9u.<\/p>\n\n\n\n<p>O j\u00fari popular \u00e9 presidido pela ju\u00edza Mychelle Pacheco Cintra Stadler, magistrada da Vara Privativa do Tribunal do J\u00fari do Foro Central de Curitiba.<\/p>\n\n\n\n<p>A Justi\u00e7a afirma que o j\u00fari de Jorge Guaranho pode se estender at\u00e9 a quinta-feira (13).<\/p>\n\n\n\n<p>Com Radio Cultura<\/p>\n\n\n\n<figure class=\"wp-block-gallery has-nested-images columns-default is-cropped wp-block-gallery-1 is-layout-flex wp-block-gallery-is-layout-flex\">\n<figure class=\"wp-block-image size-large\"><img loading=\"lazy\" decoding=\"async\" width=\"1024\" height=\"576\" data-id=\"22224\" src=\"https:\/\/acontecenafronteira.com.br\/wp-content\/uploads\/2025\/02\/WhatsApp-Image-2025-02-11-at-19.53.54-1-1024x576.jpeg?v=1739384530\" alt=\"\" class=\"wp-image-22224\" srcset=\"https:\/\/acontecenafronteira.com.br\/wp-content\/uploads\/2025\/02\/WhatsApp-Image-2025-02-11-at-19.53.54-1-1024x576.jpeg?v=1739384530 1024w, https:\/\/acontecenafronteira.com.br\/wp-content\/uploads\/2025\/02\/WhatsApp-Image-2025-02-11-at-19.53.54-1-300x169.jpeg?v=1739384530 300w, https:\/\/acontecenafronteira.com.br\/wp-content\/uploads\/2025\/02\/WhatsApp-Image-2025-02-11-at-19.53.54-1-768x432.jpeg?v=1739384530 768w, https:\/\/acontecenafronteira.com.br\/wp-content\/uploads\/2025\/02\/WhatsApp-Image-2025-02-11-at-19.53.54-1.jpeg?v=1739384530 1280w\" sizes=\"auto, (max-width: 1024px) 100vw, 1024px\" \/><\/figure>\n\n\n\n<figure class=\"wp-block-image size-large\"><img loading=\"lazy\" decoding=\"async\" width=\"1024\" height=\"576\" data-id=\"22225\" src=\"https:\/\/acontecenafronteira.com.br\/wp-content\/uploads\/2025\/02\/WhatsApp-Image-2025-02-11-at-19.53.54-1024x576.jpeg?v=1739384531\" alt=\"\" class=\"wp-image-22225\" srcset=\"https:\/\/acontecenafronteira.com.br\/wp-content\/uploads\/2025\/02\/WhatsApp-Image-2025-02-11-at-19.53.54-1024x576.jpeg?v=1739384531 1024w, https:\/\/acontecenafronteira.com.br\/wp-content\/uploads\/2025\/02\/WhatsApp-Image-2025-02-11-at-19.53.54-300x169.jpeg?v=1739384531 300w, https:\/\/acontecenafronteira.com.br\/wp-content\/uploads\/2025\/02\/WhatsApp-Image-2025-02-11-at-19.53.54-768x432.jpeg?v=1739384531 768w, https:\/\/acontecenafronteira.com.br\/wp-content\/uploads\/2025\/02\/WhatsApp-Image-2025-02-11-at-19.53.54.jpeg?v=1739384531 1280w\" sizes=\"auto, (max-width: 1024px) 100vw, 1024px\" \/><\/figure>\n\n\n\n<figure class=\"wp-block-image size-large\"><img loading=\"lazy\" decoding=\"async\" width=\"810\" height=\"1024\" data-id=\"22223\" src=\"https:\/\/acontecenafronteira.com.br\/wp-content\/uploads\/2025\/02\/WhatsApp-Image-2025-02-11-at-19.56.25-810x1024.jpeg?v=1739384530\" alt=\"\" class=\"wp-image-22223\" srcset=\"https:\/\/acontecenafronteira.com.br\/wp-content\/uploads\/2025\/02\/WhatsApp-Image-2025-02-11-at-19.56.25-810x1024.jpeg?v=1739384530 810w, https:\/\/acontecenafronteira.com.br\/wp-content\/uploads\/2025\/02\/WhatsApp-Image-2025-02-11-at-19.56.25-237x300.jpeg?v=1739384530 237w, https:\/\/acontecenafronteira.com.br\/wp-content\/uploads\/2025\/02\/WhatsApp-Image-2025-02-11-at-19.56.25-768x970.jpeg?v=1739384530 768w, https:\/\/acontecenafronteira.com.br\/wp-content\/uploads\/2025\/02\/WhatsApp-Image-2025-02-11-at-19.56.25.jpeg?v=1739384530 1013w\" sizes=\"auto, (max-width: 810px) 100vw, 810px\" \/><\/figure>\n\n\n\n<figure class=\"wp-block-image size-large\"><img loading=\"lazy\" decoding=\"async\" width=\"1024\" height=\"705\" data-id=\"22222\" src=\"https:\/\/acontecenafronteira.com.br\/wp-content\/uploads\/2025\/02\/WhatsApp-Image-2025-02-11-at-20.02.14-1024x705.jpeg?v=1739384529\" alt=\"\" class=\"wp-image-22222\" srcset=\"https:\/\/acontecenafronteira.com.br\/wp-content\/uploads\/2025\/02\/WhatsApp-Image-2025-02-11-at-20.02.14-1024x705.jpeg?v=1739384529 1024w, https:\/\/acontecenafronteira.com.br\/wp-content\/uploads\/2025\/02\/WhatsApp-Image-2025-02-11-at-20.02.14-300x207.jpeg?v=1739384529 300w, https:\/\/acontecenafronteira.com.br\/wp-content\/uploads\/2025\/02\/WhatsApp-Image-2025-02-11-at-20.02.14-768x529.jpeg?v=1739384529 768w, https:\/\/acontecenafronteira.com.br\/wp-content\/uploads\/2025\/02\/WhatsApp-Image-2025-02-11-at-20.02.14.jpeg?v=1739384529 1080w\" sizes=\"auto, (max-width: 1024px) 100vw, 1024px\" \/><\/figure>\n<\/figure>\n","protected":false},"excerpt":{"rendered":"<p>A Justi\u00e7a afirma que o j\u00fari de Jorge Guaranho pode se estender at\u00e9 a quinta-feira (13). Prossegue pelo segundo dia o j\u00fari popular de Jorge Guaranho, ex-policial penal que matou o guarda municipal Marcelo Arruda em 2022. Quatro testemunhas foram ouvidas no primeiro dia, a vi\u00fava de Arruda, P\u00e2mela Suellen da Silva, a vigilante Daniele [&hellip;]<\/p>\n","protected":false},"author":2,"featured_media":22226,"comment_status":"open","ping_status":"open","sticky":false,"template":"","format":"standard","meta":{"om_disable_all_campaigns":false,"_monsterinsights_skip_tracking":false,"_monsterinsights_sitenote_active":false,"_monsterinsights_sitenote_note":"","_monsterinsights_sitenote_category":0,"footnotes":""},"categories":[26,4,18,5],"tags":[],"class_list":["post-22221","post","type-post","status-publish","format-standard","has-post-thumbnail","hentry","category-brasil","category-cidade","category-parana","category-policia"],"_links":{"self":[{"href":"https:\/\/acontecenafronteira.com.br\/index.php\/wp-json\/wp\/v2\/posts\/22221","targetHints":{"allow":["GET"]}}],"collection":[{"href":"https:\/\/acontecenafronteira.com.br\/index.php\/wp-json\/wp\/v2\/posts"}],"about":[{"href":"https:\/\/acontecenafronteira.com.br\/index.php\/wp-json\/wp\/v2\/types\/post"}],"author":[{"embeddable":true,"href":"https:\/\/acontecenafronteira.com.br\/index.php\/wp-json\/wp\/v2\/users\/2"}],"replies":[{"embeddable":true,"href":"https:\/\/acontecenafronteira.com.br\/index.php\/wp-json\/wp\/v2\/comments?post=22221"}],"version-history":[{"count":3,"href":"https:\/\/acontecenafronteira.com.br\/index.php\/wp-json\/wp\/v2\/posts\/22221\/revisions"}],"predecessor-version":[{"id":22229,"href":"https:\/\/acontecenafronteira.com.br\/index.php\/wp-json\/wp\/v2\/posts\/22221\/revisions\/22229"}],"wp:featuredmedia":[{"embeddable":true,"href":"https:\/\/acontecenafronteira.com.br\/index.php\/wp-json\/wp\/v2\/media\/22226"}],"wp:attachment":[{"href":"https:\/\/acontecenafronteira.com.br\/index.php\/wp-json\/wp\/v2\/media?parent=22221"}],"wp:term":[{"taxonomy":"category","embeddable":true,"href":"https:\/\/acontecenafronteira.com.br\/index.php\/wp-json\/wp\/v2\/categories?post=22221"},{"taxonomy":"post_tag","embeddable":true,"href":"https:\/\/acontecenafronteira.com.br\/index.php\/wp-json\/wp\/v2\/tags?post=22221"}],"curies":[{"name":"wp","href":"https:\/\/api.w.org\/{rel}","templated":true}]}}