{"id":22217,"date":"2025-02-12T14:53:59","date_gmt":"2025-02-12T17:53:59","guid":{"rendered":"https:\/\/acontecenafronteira.com.br\/?p=22217"},"modified":"2025-02-12T14:54:00","modified_gmt":"2025-02-12T17:54:00","slug":"caminhao-tanque-explode-em-acidente-e-fumaca-de-incendio-toma-conta-de-rodovia-do-parana","status":"publish","type":"post","link":"https:\/\/acontecenafronteira.com.br\/index.php\/2025\/02\/12\/caminhao-tanque-explode-em-acidente-e-fumaca-de-incendio-toma-conta-de-rodovia-do-parana\/","title":{"rendered":"Caminh\u00e3o-tanque explode em acidente e fuma\u00e7a de inc\u00eandio toma conta de rodovia do Paran\u00e1"},"content":{"rendered":"\n<p><strong><em>Acidente foi filmado por c\u00e2mera de seguran\u00e7a. PR-092 foi interditada nos dois sentidos. Caminh\u00f5es carregados com produtos inflam\u00e1veis bateram de frente e pegaram fogo na manh\u00e3 desta quarta-feira (12).<\/em><\/strong><\/p>\n\n\n\n<p>Um caminh\u00e3o-tanque explodiu na PR-092 em Arapoti , nos Campos Gerais do Paran\u00e1, ap\u00f3s bater de frente com outro ve\u00edculo de carga na manh\u00e3 desta quarta-feira (12). O acidente foi registrado por uma c\u00e2mera de seguran\u00e7a. <\/p>\n\n\n\n<p>Segundo a EPR Litoral Pioneiro, concession\u00e1ria respons\u00e1vel pela rodovia, ambos os motoristas sobreviveram. Um deles foi socorrido com ferimentos moderados e, outro, com ferimentos leves.<\/p>\n\n\n\n<p>A empresa tamb\u00e9m afirma que os dois caminh\u00f5es estavam carregados com produtos inflam\u00e1veis &#8211; um com massa asf\u00e1ltica e outro com nafta (derivado de petr\u00f3leo). Ambos entraram em chamas, o inc\u00eandio ganhou grandes propor\u00e7\u00f5es e a fuma\u00e7a tomou conta da rodovia. Veja no v\u00eddeo abaixo.<\/p>\n\n\n\n<figure class=\"wp-block-video\"><video height=\"856\" style=\"aspect-ratio: 480 \/ 856;\" width=\"480\" controls src=\"https:\/\/acontecenafronteira.com.br\/wp-content\/uploads\/2025\/02\/WhatsApp-Video-2025-02-12-at-14.50.13.mp4\"><\/video><\/figure>\n","protected":false},"excerpt":{"rendered":"<p>Acidente foi filmado por c\u00e2mera de seguran\u00e7a. PR-092 foi interditada nos dois sentidos. Caminh\u00f5es carregados com produtos inflam\u00e1veis bateram de frente e pegaram fogo na manh\u00e3 desta quarta-feira (12). Um caminh\u00e3o-tanque explodiu na PR-092 em Arapoti , nos Campos Gerais do Paran\u00e1, ap\u00f3s bater de frente com outro ve\u00edculo de carga na manh\u00e3 desta quarta-feira [&hellip;]<\/p>\n","protected":false},"author":2,"featured_media":22219,"comment_status":"open","ping_status":"open","sticky":false,"template":"","format":"standard","meta":{"om_disable_all_campaigns":false,"_monsterinsights_skip_tracking":false,"_monsterinsights_sitenote_active":false,"_monsterinsights_sitenote_note":"","_monsterinsights_sitenote_category":0,"footnotes":""},"categories":[16,26,4,18],"tags":[],"class_list":["post-22217","post","type-post","status-publish","format-standard","has-post-thumbnail","hentry","category-acidente","category-brasil","category-cidade","category-parana"],"_links":{"self":[{"href":"https:\/\/acontecenafronteira.com.br\/index.php\/wp-json\/wp\/v2\/posts\/22217","targetHints":{"allow":["GET"]}}],"collection":[{"href":"https:\/\/acontecenafronteira.com.br\/index.php\/wp-json\/wp\/v2\/posts"}],"about":[{"href":"https:\/\/acontecenafronteira.com.br\/index.php\/wp-json\/wp\/v2\/types\/post"}],"author":[{"embeddable":true,"href":"https:\/\/acontecenafronteira.com.br\/index.php\/wp-json\/wp\/v2\/users\/2"}],"replies":[{"embeddable":true,"href":"https:\/\/acontecenafronteira.com.br\/index.php\/wp-json\/wp\/v2\/comments?post=22217"}],"version-history":[{"count":1,"href":"https:\/\/acontecenafronteira.com.br\/index.php\/wp-json\/wp\/v2\/posts\/22217\/revisions"}],"predecessor-version":[{"id":22220,"href":"https:\/\/acontecenafronteira.com.br\/index.php\/wp-json\/wp\/v2\/posts\/22217\/revisions\/22220"}],"wp:featuredmedia":[{"embeddable":true,"href":"https:\/\/acontecenafronteira.com.br\/index.php\/wp-json\/wp\/v2\/media\/22219"}],"wp:attachment":[{"href":"https:\/\/acontecenafronteira.com.br\/index.php\/wp-json\/wp\/v2\/media?parent=22217"}],"wp:term":[{"taxonomy":"category","embeddable":true,"href":"https:\/\/acontecenafronteira.com.br\/index.php\/wp-json\/wp\/v2\/categories?post=22217"},{"taxonomy":"post_tag","embeddable":true,"href":"https:\/\/acontecenafronteira.com.br\/index.php\/wp-json\/wp\/v2\/tags?post=22217"}],"curies":[{"name":"wp","href":"https:\/\/api.w.org\/{rel}","templated":true}]}}